{"id":16985,"date":"2021-05-17T10:51:47","date_gmt":"2021-05-17T13:51:47","guid":{"rendered":"http:\/\/obispadodezaratecampana.org\/?p=16985"},"modified":"2021-05-17T11:33:22","modified_gmt":"2021-05-17T14:33:22","slug":"el-papa-establece-el-ministerio-del-catequista","status":"publish","type":"post","link":"https:\/\/obispadodezaratecampana.org\/?p=16985","title":{"rendered":"El Papa establece el Ministerio del Catequista"},"content":{"rendered":"\n<p class=\"has-text-color\" style=\"color:#8d4107\">Se public\u00f3 hoy el Motu proprio \u201cAntiquum ministerium\u201d con el que Francisco establece el ministerio laical de catequista: una necesidad urgente para la evangelizaci\u00f3n en el mundo contempor\u00e1neo, que debe realizarse de forma secular, sin caer en la clericalizaci\u00f3n<\/p>\n\n\n\n<div class=\"wp-block-group\"><div class=\"wp-block-group__inner-container is-layout-flow wp-block-group-is-layout-flow\">\n<div class=\"wp-block-columns is-layout-flex wp-container-core-columns-is-layout-9d6595d7 wp-block-columns-is-layout-flex\">\n<div class=\"wp-block-column is-layout-flow wp-block-column-is-layout-flow\" style=\"flex-basis:100%\">\n<div class=\"wp-block-group\"><div class=\"wp-block-group__inner-container is-layout-flow wp-block-group-is-layout-flow\">\n<div class=\"wp-block-columns is-layout-flex wp-container-core-columns-is-layout-9d6595d7 wp-block-columns-is-layout-flex\">\n<div class=\"wp-block-column is-layout-flow wp-block-column-is-layout-flow\" style=\"flex-basis:100%\">\n<figure class=\"wp-block-gallery columns-1 is-cropped wp-block-gallery-1 is-layout-flex wp-block-gallery-is-layout-flex\"><ul class=\"blocks-gallery-grid\"><li class=\"blocks-gallery-item\"><figure><a href=\"http:\/\/obispadodezaratecampana.org\/wp-content\/uploads\/2021\/05\/papa-bendice-al-mundo-1024x671.jpg\"><img fetchpriority=\"high\" decoding=\"async\" width=\"1024\" height=\"671\" src=\"http:\/\/obispadodezaratecampana.org\/wp-content\/uploads\/2021\/05\/papa-bendice-al-mundo-1024x671.jpg\" alt=\"\" data-id=\"16991\" class=\"wp-image-16991\" srcset=\"https:\/\/obispadodezaratecampana.org\/wp-content\/uploads\/2021\/05\/papa-bendice-al-mundo-1024x671.jpg 1024w, https:\/\/obispadodezaratecampana.org\/wp-content\/uploads\/2021\/05\/papa-bendice-al-mundo-300x197.jpg 300w, https:\/\/obispadodezaratecampana.org\/wp-content\/uploads\/2021\/05\/papa-bendice-al-mundo-768x503.jpg 768w, https:\/\/obispadodezaratecampana.org\/wp-content\/uploads\/2021\/05\/papa-bendice-al-mundo.jpg 1068w\" sizes=\"(max-width: 1024px) 100vw, 1024px\" \/><\/a><\/figure><\/li><\/ul><\/figure>\n<\/div>\n<\/div>\n<\/div><\/div>\n<\/div>\n<\/div>\n<\/div><\/div>\n\n\n\n<p class=\"has-text-color\" style=\"color:#8d4107\"><em>Isabella Piro \u2013 Ciudad del Vaticano<\/em><\/p>\n\n\n\n<p class=\"has-text-color\" style=\"color:#8d4107\">\u201cFidelidad al pasado y la responsabilidad por el presente\u201d son \u201clas condiciones indispensables para que la Iglesia pueda llevar a cabo su misi\u00f3n en el mundo\u201d: as\u00ed lo escribe el Papa Francisco en el Motu proprio Antiquum ministerium \u2013 firmado ayer, 10 de mayo, memoria lit\u00fargica de San Juan de \u00c1vila, presb\u00edtero y Doctor de la Iglesia \u2013 con el que instituye el ministerio laical de catequista. En el contexto de la evangelizaci\u00f3n en el mundo contempor\u00e1neo y ante \u201cla imposici\u00f3n de una cultura globalizada\u201d, de hecho, \u201ces necesario reconocer la presencia de laicos y laicas que, en virtud del propio bautismo, se sienten llamados a colaborar en el servicio de la catequesis\u201d. No s\u00f3lo: el Pont\u00edfice subraya la importancia de \u201caut\u00e9ntico encuentro con las j\u00f3venes generaciones\u201d, as\u00ed como \u201cla exigencia de metodolog\u00edas e instrumentos creativos que hagan coherente el anuncio del Evangelio con la transformaci\u00f3n misionera que la Iglesia ha emprendido\u201d.<\/p>\n\n\n\n<p class=\"has-text-color\" style=\"color:#8d4107\">Un ministerio nuevo, pero con or\u00edgenes antiguos<\/p>\n\n\n\n<p class=\"has-text-color\" style=\"color:#8d4107\">El nuevo ministerio tiene or\u00edgenes muy antiguos que se remontan al Nuevo Testamento: de forma germinal, se menciona, por ejemplo, en el Evangelio de Lucas y en las Cartas del Ap\u00f3stol San Pablo a los Corintios y a los G\u00e1latas. Pero \u201ctoda la historia de la evangelizaci\u00f3n en estos dos milenios\u201d, escribe el Papa, \u201cmuestra con gran evidencia lo eficaz que ha sido la misi\u00f3n de los catequistas\u201d, que han conseguido que \u201cla fe fuese un apoyo v\u00e1lido para la existencia personal de cada ser humano\u201d, llegando a \u201cdar incluso la vida\u201d por este fin.<\/p>\n<!-- AddThis Advanced Settings generic via filter on the_content --><!-- AddThis Share Buttons generic via filter on the_content -->","protected":false},"excerpt":{"rendered":"<p>Se public\u00f3 hoy el Motu proprio \u201cAntiquum ministerium\u201d con el que Francisco establece el ministerio laical de catequista: una necesidad urgente para la evangelizaci\u00f3n en [&hellip;]<!-- AddThis Advanced Settings generic via filter on get_the_excerpt --><!-- AddThis Share Buttons generic via filter on get_the_excerpt --><\/p>\n","protected":false},"author":2,"featured_media":16991,"comment_status":"open","ping_status":"open","sticky":false,"template":"","format":"standard","meta":{"footnotes":""},"categories":[161],"tags":[],"class_list":["post-16985","post","type-post","status-publish","format-standard","has-post-thumbnail","hentry","category-el-papa-leonxiv"],"_links":{"self":[{"href":"https:\/\/obispadodezaratecampana.org\/index.php?rest_route=\/wp\/v2\/posts\/16985","targetHints":{"allow":["GET"]}}],"collection":[{"href":"https:\/\/obispadodezaratecampana.org\/index.php?rest_route=\/wp\/v2\/posts"}],"about":[{"href":"https:\/\/obispadodezaratecampana.org\/index.php?rest_route=\/wp\/v2\/types\/post"}],"author":[{"embeddable":true,"href":"https:\/\/obispadodezaratecampana.org\/index.php?rest_route=\/wp\/v2\/users\/2"}],"replies":[{"embeddable":true,"href":"https:\/\/obispadodezaratecampana.org\/index.php?rest_route=%2Fwp%2Fv2%2Fcomments&post=16985"}],"version-history":[{"count":4,"href":"https:\/\/obispadodezaratecampana.org\/index.php?rest_route=\/wp\/v2\/posts\/16985\/revisions"}],"predecessor-version":[{"id":16996,"href":"https:\/\/obispadodezaratecampana.org\/index.php?rest_route=\/wp\/v2\/posts\/16985\/revisions\/16996"}],"wp:featuredmedia":[{"embeddable":true,"href":"https:\/\/obispadodezaratecampana.org\/index.php?rest_route=\/wp\/v2\/media\/16991"}],"wp:attachment":[{"href":"https:\/\/obispadodezaratecampana.org\/index.php?rest_route=%2Fwp%2Fv2%2Fmedia&parent=16985"}],"wp:term":[{"taxonomy":"category","embeddable":true,"href":"https:\/\/obispadodezaratecampana.org\/index.php?rest_route=%2Fwp%2Fv2%2Fcategories&post=16985"},{"taxonomy":"post_tag","embeddable":true,"href":"https:\/\/obispadodezaratecampana.org\/index.php?rest_route=%2Fwp%2Fv2%2Ftags&post=16985"}],"curies":[{"name":"wp","href":"https:\/\/api.w.org\/{rel}","templated":true}]}}