{"id":16623,"date":"2020-07-11T11:19:17","date_gmt":"2020-07-11T14:19:17","guid":{"rendered":"http:\/\/obispadodezaratecampana.org\/?p=16623"},"modified":"2020-07-11T11:19:17","modified_gmt":"2020-07-11T14:19:17","slug":"intencion-de-oracion-del-mes-de-julio-2020-papa-francisco","status":"publish","type":"post","link":"https:\/\/obispadodezaratecampana.org\/?p=16623","title":{"rendered":"Intenci\u00f3n de oraci\u00f3n del mes de julio 2020: Papa Francisco"},"content":{"rendered":"<p><span style=\"color: #003300;\"><strong>La familia tiene que ser protegida: intenci\u00f3n oraci\u00f3n julio 2020 &#8211; Papa Francisco<\/strong><\/span><\/p>\n<p><span style=\"color: #003300;\"><em>Son muchos los peligros a los que est\u00e1 enfrentada: el ritmo de vida, el estr\u00e9s&#8230; A veces los padres se olvidan de jugar con sus hijos. La Iglesia tiene que animar y estar al lado de las familias ayud\u00e1ndolas a descubrir caminos que les permitan superar todas estas dificultades. Recemos para que las familias en el mundo de hoy sean acompa\u00f1adas con amor, respeto y consejo. Y de modo especial, sean protegidas por los Estados.<\/em><\/span><\/p>\n<p><span style=\"color: #003300;\"><em>Video con intenci\u00f3n de oraci\u00f3n del Papa Francisco:\u00a0<a title=\"Intenci\u00f3n mes de julio\" href=\"https:\/\/youtu.be\/0H02HHWBWmQ\" target=\"_blank\"><span style=\"color: #003300;\">https:\/\/youtu.be\/0H02HHWBWmQ<\/span><\/a><\/em><\/span><\/p>\n<p>&nbsp;<\/p>\n<p style=\"text-align: center;\"><a href=\"http:\/\/obispadodezaratecampana.org\/wp-content\/uploads\/2020\/07\/julio-familia.jpeg\"><img fetchpriority=\"high\" decoding=\"async\" class=\"alignnone size-medium wp-image-16624\" src=\"http:\/\/obispadodezaratecampana.org\/wp-content\/uploads\/2020\/07\/julio-familia-300x300.jpeg\" alt=\"julio familia\" width=\"300\" height=\"300\" srcset=\"https:\/\/obispadodezaratecampana.org\/wp-content\/uploads\/2020\/07\/julio-familia-300x300.jpeg 300w, https:\/\/obispadodezaratecampana.org\/wp-content\/uploads\/2020\/07\/julio-familia-150x150.jpeg 150w, https:\/\/obispadodezaratecampana.org\/wp-content\/uploads\/2020\/07\/julio-familia.jpeg 400w\" sizes=\"(max-width: 300px) 100vw, 300px\" \/><\/a><\/p>\n<!-- AddThis Advanced Settings generic via filter on the_content --><!-- AddThis Share Buttons generic via filter on the_content -->","protected":false},"excerpt":{"rendered":"<p>La familia tiene que ser protegida: intenci\u00f3n oraci\u00f3n julio 2020 &#8211; Papa Francisco Son muchos los peligros a los que est\u00e1 enfrentada: el ritmo de [&hellip;]<!-- AddThis Advanced Settings generic via filter on get_the_excerpt --><!-- AddThis Share Buttons generic via filter on get_the_excerpt --><\/p>\n","protected":false},"author":2,"featured_media":16624,"comment_status":"open","ping_status":"open","sticky":false,"template":"","format":"video","meta":{"footnotes":""},"categories":[169,161,8],"tags":[],"class_list":["post-16623","post","type-post","status-publish","format-video","has-post-thumbnail","hentry","category-calendario","category-el-papa-leonxiv","category-videos","post_format-post-format-video"],"_links":{"self":[{"href":"https:\/\/obispadodezaratecampana.org\/index.php?rest_route=\/wp\/v2\/posts\/16623","targetHints":{"allow":["GET"]}}],"collection":[{"href":"https:\/\/obispadodezaratecampana.org\/index.php?rest_route=\/wp\/v2\/posts"}],"about":[{"href":"https:\/\/obispadodezaratecampana.org\/index.php?rest_route=\/wp\/v2\/types\/post"}],"author":[{"embeddable":true,"href":"https:\/\/obispadodezaratecampana.org\/index.php?rest_route=\/wp\/v2\/users\/2"}],"replies":[{"embeddable":true,"href":"https:\/\/obispadodezaratecampana.org\/index.php?rest_route=%2Fwp%2Fv2%2Fcomments&post=16623"}],"version-history":[{"count":1,"href":"https:\/\/obispadodezaratecampana.org\/index.php?rest_route=\/wp\/v2\/posts\/16623\/revisions"}],"predecessor-version":[{"id":16625,"href":"https:\/\/obispadodezaratecampana.org\/index.php?rest_route=\/wp\/v2\/posts\/16623\/revisions\/16625"}],"wp:featuredmedia":[{"embeddable":true,"href":"https:\/\/obispadodezaratecampana.org\/index.php?rest_route=\/wp\/v2\/media\/16624"}],"wp:attachment":[{"href":"https:\/\/obispadodezaratecampana.org\/index.php?rest_route=%2Fwp%2Fv2%2Fmedia&parent=16623"}],"wp:term":[{"taxonomy":"category","embeddable":true,"href":"https:\/\/obispadodezaratecampana.org\/index.php?rest_route=%2Fwp%2Fv2%2Fcategories&post=16623"},{"taxonomy":"post_tag","embeddable":true,"href":"https:\/\/obispadodezaratecampana.org\/index.php?rest_route=%2Fwp%2Fv2%2Ftags&post=16623"}],"curies":[{"name":"wp","href":"https:\/\/api.w.org\/{rel}","templated":true}]}}