{"id":16616,"date":"2020-07-11T10:03:42","date_gmt":"2020-07-11T13:03:42","guid":{"rendered":"http:\/\/obispadodezaratecampana.org\/?p=16616"},"modified":"2020-07-11T10:10:17","modified_gmt":"2020-07-11T13:10:17","slug":"las-tres-mesas-mensaje-de-monsenor-pedro-laxague","status":"publish","type":"post","link":"https:\/\/obispadodezaratecampana.org\/?p=16616","title":{"rendered":"Las tres Mesas: Mensaje de Monse\u00f1or Pedro Laxague"},"content":{"rendered":"<h3 style=\"text-align: justify;\"><span style=\"color: #000080;\">La Iglesia desde su inicio tiene muy claro que debe atender la mesa de los pobres y que esto es algo \u00edntimamente unido a la mesa de la Eucarist\u00eda y de la Palabra, ya que el mismo Cristo est\u00e1 presente en la Eucarist\u00eda, en la Palabra y en la persona del pobre y afligido.<\/span><br \/>\n<span style=\"color: #000080;\">Una prueba de esto es que los Ap\u00f3stoles instituyen y confieren el Sacramento del Orden Sagrado a los primeros Di\u00e1conos para servir en la mesa de los pobres al mismo Jes\u00fas.<\/span><br \/>\n<span style=\"color: #000080;\">Tengamos presente, entonces, que hay tres mesas: la mesa o Altar de la Eucarist\u00eda, la mesa o Amb\u00f3n de la Palabra y la mesa del Pobre, a estas tres mesas estamos llamados como disc\u00edpulos, como amigos del Se\u00f1or.<\/span><br \/>\n<span style=\"color: #000080;\">Esta misi\u00f3n es Evangelizadora, porque lleva el Evangelio, la Buena Noticia de Jes\u00fas. Se necesita del aporte de todos para servir la mesa, como aquellos cinco panes y dos peces del Evangelio, para que se produzca el milagro de la multiplicaci\u00f3n. Entonces todos como Bautizados en la Iglesia nos cabe la responsabilidad de tener siempre bien preparadas estas mesas, para ello pedimos la colaboraci\u00f3n, el aporte econ\u00f3mico, para la \u201cObra de evangelizaci\u00f3n de la Iglesia\u201d.<\/span><\/h3>\n<h3 style=\"text-align: justify;\"><span style=\"color: #000080;\">+ Pedro Laxague<\/span><br \/>\n<span style=\"color: #000080;\">Obispo de Z\u00e1rate Campana<\/span><\/h3>\n<h3 style=\"text-align: justify;\"><span style=\"color: #000080;\">9 de Julio de 2020 <\/span><\/h3>\n<h3 style=\"text-align: justify;\"><span style=\"color: #000080;\">Enlace en youtube:\u00a0<a href=\"https:\/\/youtu.be\/zO0ImBfN0Jo\">https:\/\/youtu.be\/zO0ImBfN0Jo<\/a><\/span><\/h3>\n<!-- AddThis Advanced Settings generic via filter on the_content --><!-- AddThis Share Buttons generic via filter on the_content -->","protected":false},"excerpt":{"rendered":"<p>La Iglesia desde su inicio tiene muy claro que debe atender la mesa de los pobres y que esto es algo \u00edntimamente unido a la [&hellip;]<!-- AddThis Advanced Settings generic via filter on get_the_excerpt --><!-- AddThis Share Buttons generic via filter on get_the_excerpt --><\/p>\n","protected":false},"author":2,"featured_media":16618,"comment_status":"open","ping_status":"open","sticky":false,"template":"","format":"video","meta":{"footnotes":""},"categories":[5,1,8],"tags":[],"class_list":["post-16616","post","type-post","status-publish","format-video","has-post-thumbnail","hentry","category-generales","category-noticiasdiocesanas","category-videos","post_format-post-format-video"],"_links":{"self":[{"href":"https:\/\/obispadodezaratecampana.org\/index.php?rest_route=\/wp\/v2\/posts\/16616","targetHints":{"allow":["GET"]}}],"collection":[{"href":"https:\/\/obispadodezaratecampana.org\/index.php?rest_route=\/wp\/v2\/posts"}],"about":[{"href":"https:\/\/obispadodezaratecampana.org\/index.php?rest_route=\/wp\/v2\/types\/post"}],"author":[{"embeddable":true,"href":"https:\/\/obispadodezaratecampana.org\/index.php?rest_route=\/wp\/v2\/users\/2"}],"replies":[{"embeddable":true,"href":"https:\/\/obispadodezaratecampana.org\/index.php?rest_route=%2Fwp%2Fv2%2Fcomments&post=16616"}],"version-history":[{"count":3,"href":"https:\/\/obispadodezaratecampana.org\/index.php?rest_route=\/wp\/v2\/posts\/16616\/revisions"}],"predecessor-version":[{"id":16621,"href":"https:\/\/obispadodezaratecampana.org\/index.php?rest_route=\/wp\/v2\/posts\/16616\/revisions\/16621"}],"wp:featuredmedia":[{"embeddable":true,"href":"https:\/\/obispadodezaratecampana.org\/index.php?rest_route=\/wp\/v2\/media\/16618"}],"wp:attachment":[{"href":"https:\/\/obispadodezaratecampana.org\/index.php?rest_route=%2Fwp%2Fv2%2Fmedia&parent=16616"}],"wp:term":[{"taxonomy":"category","embeddable":true,"href":"https:\/\/obispadodezaratecampana.org\/index.php?rest_route=%2Fwp%2Fv2%2Fcategories&post=16616"},{"taxonomy":"post_tag","embeddable":true,"href":"https:\/\/obispadodezaratecampana.org\/index.php?rest_route=%2Fwp%2Fv2%2Ftags&post=16616"}],"curies":[{"name":"wp","href":"https:\/\/api.w.org\/{rel}","templated":true}]}}