{"id":16590,"date":"2020-05-23T11:34:26","date_gmt":"2020-05-23T14:34:26","guid":{"rendered":"http:\/\/obispadodezaratecampana.org\/?p=16590"},"modified":"2020-05-23T11:35:09","modified_gmt":"2020-05-23T14:35:09","slug":"domingo-24-de-mayo-ascension-del-senor-en-casa","status":"publish","type":"post","link":"https:\/\/obispadodezaratecampana.org\/?p=16590","title":{"rendered":"Domingo 24 de mayo: Ascensi\u00f3n del Se\u00f1or &#8211; En casa"},"content":{"rendered":"<h3 style=\"text-align: justify;\"><span style=\"color: #993300;\">Domingo de la\u00a0<a class=\"_58cn\" style=\"color: #385898;\" href=\"https:\/\/www.facebook.com\/hashtag\/ascensi%C3%B3ndelse%C3%B1or?__eep__=6&amp;epa=HASHTAG\" data-ft=\"{&quot;type&quot;:104,&quot;tn&quot;:&quot;*N&quot;}\"><span style=\"color: #993300;\">#Ascensi\u00f3nDelSe\u00f1or<\/span><\/a>.\u00a0Celebrar y Orar desde nuestros hogares:<\/span><br style=\"color: #1c1e21;\" \/><br style=\"color: #1c1e21;\" \/><span style=\"color: #993300;\">Seguimos acompa\u00f1ando este tiempo en que no podemos celebrar la Misa en comunidad en nuestros templos con el material que elabora el Secretariado Nacional de Liturgia para celebrar y orar en nuestros hogares.<\/span><br style=\"color: #1c1e21;\" \/><span class=\"text_exposed_show\" style=\"color: #993300;\"><br \/>\nEn este domingo de la Ascensi\u00f3n del Se\u00f1or, necesitamos m\u00e1s que nunca como hombres y mujeres de fe renovar nuestra confianza en el Se\u00f1or que nos env\u00eda a anunciarlo y nos dice que estar\u00e1 con nosotros todos los d\u00edas hasta el fin del mundo.<\/span><\/h3>\n<p><span style=\"color: #993300;\">Material apto para su descarga en:\u00a0<a style=\"color: #385898;\" href=\"https:\/\/l.facebook.com\/l.php?u=http%3A%2F%2Fwww.episcopado.org%2F%3Ffbclid%3DIwAR1mu-Ti5ZFbO2XEwZTl0JQXOYhkqOvNhJ_g4gAlEZvEPDnS8Bm86PhoXDg&amp;h=AT31NWLNf-A-qboi49pERxxY5eKbkVHpmz_QKFW-4e3LKoKhWMk3xjnbiWKfT4vrenwhiEUjnZCyMvf1aIXslHMPE9CcnKbFsiTatHtt6OJT5PjgWnmUBzXhoUNXcdypg3_Dk-tlfA\" target=\"_blank\" rel=\"nofollow\" data-lynx-mode=\"asynclazy\"><span style=\"color: #993300;\">www.episcopado.org<\/span><\/a><\/span><\/p>\n<p><span style=\"color: #993300;\">Secretariado Nacional de Liturgia,\u00a0<a class=\"_58cn\" style=\"color: #385898;\" href=\"https:\/\/www.facebook.com\/hashtag\/senali?__eep__=6&amp;epa=HASHTAG\" data-ft=\"{&quot;type&quot;:104,&quot;tn&quot;:&quot;*N&quot;}\"><span style=\"color: #993300;\">#SENALI<\/span><\/a><\/span><br \/>\n<span style=\"color: #993300;\"> Comisi\u00f3n Episcopal de Liturgia,\u00a0<a class=\"_58cn\" style=\"color: #385898;\" href=\"https:\/\/www.facebook.com\/hashtag\/cel?__eep__=6&amp;epa=HASHTAG\" data-ft=\"{&quot;type&quot;:104,&quot;tn&quot;:&quot;*N&quot;}\"><span style=\"color: #993300;\">#CEL<\/span><\/a><\/span><\/p>\n<p><span style=\"color: #993300;\"><a class=\"_58cn\" style=\"color: #385898;\" href=\"https:\/\/www.facebook.com\/hashtag\/oficinadecomunicaci%C3%B3n?__eep__=6&amp;epa=HASHTAG\" data-ft=\"{&quot;type&quot;:104,&quot;tn&quot;:&quot;*N&quot;}\"><span style=\"color: #993300;\">#OficinaDeComunicaci\u00f3n<\/span><\/a>\u00a0y\u00a0<a class=\"_58cn\" style=\"color: #385898;\" href=\"https:\/\/www.facebook.com\/hashtag\/prensa?__eep__=6&amp;epa=HASHTAG\" data-ft=\"{&quot;type&quot;:104,&quot;tn&quot;:&quot;*N&quot;}\"><span style=\"color: #993300;\">#Prensa<\/span><\/a><\/span><br \/>\n<span style=\"color: #993300;\"> <a class=\"_58cn\" style=\"color: #385898;\" href=\"https:\/\/www.facebook.com\/hashtag\/conferenciaepiscopal?__eep__=6&amp;epa=HASHTAG\" data-ft=\"{&quot;type&quot;:104,&quot;tn&quot;:&quot;*N&quot;}\"><span style=\"color: #993300;\">#ConferenciaEpiscopal<\/span><\/a>\u00a0<a class=\"_58cn\" style=\"color: #385898;\" href=\"https:\/\/www.facebook.com\/hashtag\/argentina?__eep__=6&amp;epa=HASHTAG\" data-ft=\"{&quot;type&quot;:104,&quot;tn&quot;:&quot;*N&quot;}\"><span style=\"color: #993300;\">#Argentina<\/span><\/a><\/span><\/p>\n<p style=\"text-align: center;\"><a href=\"http:\/\/obispadodezaratecampana.org\/wp-content\/uploads\/2020\/05\/100050536_3079935695422012_4180726457326108672_o.jpg\"><img fetchpriority=\"high\" decoding=\"async\" class=\"alignnone size-medium wp-image-16591\" src=\"http:\/\/obispadodezaratecampana.org\/wp-content\/uploads\/2020\/05\/100050536_3079935695422012_4180726457326108672_o-300x205.jpg\" alt=\"100050536_3079935695422012_4180726457326108672_o\" width=\"300\" height=\"205\" srcset=\"https:\/\/obispadodezaratecampana.org\/wp-content\/uploads\/2020\/05\/100050536_3079935695422012_4180726457326108672_o-300x205.jpg 300w, https:\/\/obispadodezaratecampana.org\/wp-content\/uploads\/2020\/05\/100050536_3079935695422012_4180726457326108672_o-1024x701.jpg 1024w, https:\/\/obispadodezaratecampana.org\/wp-content\/uploads\/2020\/05\/100050536_3079935695422012_4180726457326108672_o.jpg 1186w\" sizes=\"(max-width: 300px) 100vw, 300px\" \/><\/a><\/p>\n<!-- AddThis Advanced Settings generic via filter on the_content --><!-- AddThis Share Buttons generic via filter on the_content -->","protected":false},"excerpt":{"rendered":"<p>Domingo de la\u00a0#Ascensi\u00f3nDelSe\u00f1or.\u00a0Celebrar y Orar desde nuestros hogares:Seguimos acompa\u00f1ando este tiempo en que no podemos celebrar la Misa en comunidad en nuestros templos con el [&hellip;]<!-- AddThis Advanced Settings generic via filter on get_the_excerpt --><!-- AddThis Share Buttons generic via filter on get_the_excerpt --><\/p>\n","protected":false},"author":2,"featured_media":16591,"comment_status":"open","ping_status":"open","sticky":false,"template":"","format":"standard","meta":{"footnotes":""},"categories":[5,1],"tags":[],"class_list":["post-16590","post","type-post","status-publish","format-standard","has-post-thumbnail","hentry","category-generales","category-noticiasdiocesanas"],"_links":{"self":[{"href":"https:\/\/obispadodezaratecampana.org\/index.php?rest_route=\/wp\/v2\/posts\/16590","targetHints":{"allow":["GET"]}}],"collection":[{"href":"https:\/\/obispadodezaratecampana.org\/index.php?rest_route=\/wp\/v2\/posts"}],"about":[{"href":"https:\/\/obispadodezaratecampana.org\/index.php?rest_route=\/wp\/v2\/types\/post"}],"author":[{"embeddable":true,"href":"https:\/\/obispadodezaratecampana.org\/index.php?rest_route=\/wp\/v2\/users\/2"}],"replies":[{"embeddable":true,"href":"https:\/\/obispadodezaratecampana.org\/index.php?rest_route=%2Fwp%2Fv2%2Fcomments&post=16590"}],"version-history":[{"count":2,"href":"https:\/\/obispadodezaratecampana.org\/index.php?rest_route=\/wp\/v2\/posts\/16590\/revisions"}],"predecessor-version":[{"id":16593,"href":"https:\/\/obispadodezaratecampana.org\/index.php?rest_route=\/wp\/v2\/posts\/16590\/revisions\/16593"}],"wp:featuredmedia":[{"embeddable":true,"href":"https:\/\/obispadodezaratecampana.org\/index.php?rest_route=\/wp\/v2\/media\/16591"}],"wp:attachment":[{"href":"https:\/\/obispadodezaratecampana.org\/index.php?rest_route=%2Fwp%2Fv2%2Fmedia&parent=16590"}],"wp:term":[{"taxonomy":"category","embeddable":true,"href":"https:\/\/obispadodezaratecampana.org\/index.php?rest_route=%2Fwp%2Fv2%2Fcategories&post=16590"},{"taxonomy":"post_tag","embeddable":true,"href":"https:\/\/obispadodezaratecampana.org\/index.php?rest_route=%2Fwp%2Fv2%2Ftags&post=16590"}],"curies":[{"name":"wp","href":"https:\/\/api.w.org\/{rel}","templated":true}]}}