{"id":16583,"date":"2020-05-18T15:12:45","date_gmt":"2020-05-18T18:12:45","guid":{"rendered":"http:\/\/obispadodezaratecampana.org\/?p=16583"},"modified":"2020-05-21T15:29:40","modified_gmt":"2020-05-21T18:29:40","slug":"recordamos-a-san-juan-pablo-ii-a-100-anos-de-su-nacimiento","status":"publish","type":"post","link":"https:\/\/obispadodezaratecampana.org\/?p=16583","title":{"rendered":"Recordamos a San Juan Pablo II a 100 a\u00f1os de su nacimiento &#8211; 18 mayo 2020"},"content":{"rendered":"<h2 style=\"text-align: center;\"><a href=\"http:\/\/obispadodezaratecampana.org\/wp-content\/uploads\/2020\/05\/99142024_1420333024820191_2226430468364959744_n.jpg\"><img fetchpriority=\"high\" decoding=\"async\" class=\"alignnone  wp-image-16584\" src=\"http:\/\/obispadodezaratecampana.org\/wp-content\/uploads\/2020\/05\/99142024_1420333024820191_2226430468364959744_n-300x238.jpg\" alt=\"99142024_1420333024820191_2226430468364959744_n\" width=\"431\" height=\"342\" srcset=\"https:\/\/obispadodezaratecampana.org\/wp-content\/uploads\/2020\/05\/99142024_1420333024820191_2226430468364959744_n-300x238.jpg 300w, https:\/\/obispadodezaratecampana.org\/wp-content\/uploads\/2020\/05\/99142024_1420333024820191_2226430468364959744_n-1024x812.jpg 1024w, https:\/\/obispadodezaratecampana.org\/wp-content\/uploads\/2020\/05\/99142024_1420333024820191_2226430468364959744_n.jpg 1280w\" sizes=\"(max-width: 431px) 100vw, 431px\" \/><\/a><\/h2>\n<h2 style=\"text-align: center;\"><span style=\"color: #993366;\">Recordamos a San Juan Pablo II.<\/span><br style=\"color: #666666;\" \/><span style=\"color: #993366;\">Este fue mi primer contacto con el Papa al finalizar la Misa en el Vaticano, en 1985.<\/span><br style=\"color: #666666;\" \/><span style=\"color: #993366;\">\u00a1Que momento hermoso! Seguramente todos t<span class=\"text_exposed_show\">enemos alg\u00fan recuerdo&#8230;<br \/>\nRezo por ustedes a San Juan Pablo II.<\/span><\/span><\/h2>\n<h2 style=\"text-align: center;\"><span style=\"color: #993366;\"><span class=\"text_exposed_show\"><br \/>\n+ Pedro Laxague<br \/>\nObispo<br \/>\nZ\u00e1rate-Campana<\/span><\/span><\/h2>\n<p class=\"article__title\" style=\"font-weight: bold; color: #373737; text-align: justify;\"><span style=\"color: #800000;\">San Juan Pablo II y Am\u00e9rica Latina: gratitud a los 100 a\u00f1os de su nacimiento<\/span><\/p>\n<p class=\"article__title\" style=\"font-weight: bold; color: #373737; text-align: justify;\"><span style=\"color: #800000;\"><em>Fuente: Vatican.va<\/em><\/span><\/p>\n<p class=\"article__subTitle\" style=\"color: #646464; text-align: justify;\"><span style=\"color: #800000;\">Este lunes 18 de mayo la Iglesia universal celebra el centenario del nacimiento de San Juan Pablo II, el Papa que marc\u00f3 la historia del siglo XX y de Am\u00e9rica Latina. Con ese motivo, Monse\u00f1or Miguel Cabrejos OFM, Presidente del Episcopado Peruano y Presidente del Consejo Episcopal Latinoamericano (CELAM), le rinde un homenaje a su persona y a su legado, desde el \u201cContinente de la Esperanza\u201d.<\/span><\/p>\n<div class=\"article__text\">\n<p style=\"font-weight: 300; color: rgb(55, 55, 55); text-align: justify;\"><span style=\"color: #800000;\">&#8220;San Juan Pablo II es una gran figura del siglo XX, a quien la historia reconoce totalmente. Tambi\u00e9n es un personaje del siglo XXI: falleci\u00f3 cuando \u00e9ste ya hab\u00eda comenzado y su herencia religiosa sigue siendo un punto de referencia. Testigo de la compleja encrucijada polaca, fue protagonista de la escena mundial a lo largo de 27 a\u00f1os. Karol Wojtyla fue una figura decisiva en la historia religiosa contempor\u00e1nea, pero tambi\u00e9n un l\u00edder que situ\u00f3 a su Iglesia en el centro de la historia&#8221;. Comienza as\u00ed el documento con el que el presidente del Consejo Episcopal Latinoamericano rinde homenaje al Papa San Juan Pablo II, en el centenario de su nacimiento: lo titula &#8220;San Juan Pablo II y Am\u00e9rica Latina, memoria y gratitud a los 100 a\u00f1os de su nacimiento\u201d.<\/span><\/p>\n<p style=\"font-weight: 500; color: #373737; text-align: justify;\"><span style=\"color: #800000;\"><b style=\"font-weight: bolder;\">La fe que mueve monta\u00f1as<\/b><\/span><\/p>\n<p style=\"font-weight: 300; color: rgb(55, 55, 55); text-align: justify;\"><span style=\"color: #800000;\">Karol Wojtyla representaba &#8211; escribe Cabrejos Vidarte &#8211; la \u201cfuerza de la esperanza\u201d a los ojos de los cristianos y de sus contempor\u00e1neos. No se resign\u00f3 a la decadencia de la Iglesia y del mundo religioso, convencido de que el cristianismo representaba una fuerza de liberaci\u00f3n de los hombres y los pueblos. \u201c&#8217;La fe que mueve monta\u00f1as&#8217; fue el coraz\u00f3n din\u00e1mico de un pontificado centrado esencialmente en la comunicaci\u00f3n del mensaje del Evangelio a todas las latitudes. Un Papa que trabaj\u00f3 en escenarios globales, a menudo dif\u00edciles y confrontados, en los que nunca tuvo miedo de sumergirse. Fue un Papa &#8216;victorioso&#8217; en la confrontaci\u00f3n con el imperio sovi\u00e9tico, al que, en los a\u00f1os 70 y 80, los observadores atribu\u00edan a\u00fan una larga vida&#8221;.<\/span><\/p>\n<p style=\"font-weight: 300; color: rgb(55, 55, 55); text-align: justify;\"><span style=\"color: #800000;\">En sus 27 a\u00f1os de pontificado Juan Pablo II se constituy\u00f3 en un personaje que marc\u00f3 la historia del Siglo XX y la historia de la Iglesia universal, as\u00ed como las relaciones entre la Santa Sede y Am\u00e9rica Latina. De hecho, Monse\u00f1or Cabrejos recuerda al Papa itinerante, y refiere:<\/span><\/p>\n<p style=\"font-weight: 300; color: rgb(55, 55, 55); text-align: justify;\"><span style=\"color: #800000;\"><i>A aquellos que, en varias ocasiones, expresaron su perplejidad por la frecuencia con la que el Papa abandonaba Roma, Juan Pablo II respondi\u00f3 que salir de su di\u00f3cesis era un hecho inherente a la nueva dimensi\u00f3n universal del carisma petrino. Hubo un tiempo en que los fieles iban a visitar al p\u00e1rroco. Ahora es el pastor quien sale en busca de sus ovejas.<\/i><\/span><\/p>\n<p style=\"font-weight: 500; color: #373737; text-align: justify;\"><span style=\"color: #800000;\"><b style=\"font-weight: bolder;\">El continente de la esperanza<\/b><\/span><\/p>\n<p style=\"font-weight: 300; color: rgb(55, 55, 55); text-align: justify;\"><span style=\"color: #800000;\">M\u00e1s adelante en el documento, el tambi\u00e9n presidente del episcopado peruano habla de la relaci\u00f3n especial de Juan Pablo II con el continente latinoamericano, en donde realiza 26 de sus viajes pastorales alrededor del mundo, subrayando que, &#8220;en la geopol\u00edtica wojtyliana, no s\u00f3lo existe el rechazo a la divisi\u00f3n entre Oriente y Occidente, sino tambi\u00e9n a aquella entre el Norte y el Sur del mundo&#8221;:<\/span><\/p>\n<p style=\"font-weight: 300; color: rgb(55, 55, 55); text-align: justify;\"><span style=\"color: #800000;\"><i>El Papa \u201cviajero\u201d llama a Sudam\u00e9rica \u201cel continente de la esperanza\u201d. La primera vez que puso pie all\u00ed fue unos meses despu\u00e9s de su elecci\u00f3n al solio papal en 1979, cuando visit\u00f3 la Rep\u00fablica Dominicana, M\u00e9xico y las Bahamas. En su \u201cgeograf\u00eda espiritual\u201d, Am\u00e9rica Latina ejerce sin lugar a duda, como \u00e9l mismo declar\u00f3 varias veces, una atracci\u00f3n particular y representa un destinatario privilegiado de su vasto magisterio. Wojtyla comprendi\u00f3 el cambio de los escenarios religiosos que se estaba produciendo al principio de su pontificado. El 42% de los m\u00e1s de mil millones de cat\u00f3licos censados a principios del tercer milenio vive en Am\u00e9rica Latina.<\/i><\/span><\/p>\n<p style=\"font-weight: 500; color: #373737; text-align: justify;\"><span style=\"color: #800000;\"><b style=\"font-weight: bolder;\">Una globalizaci\u00f3n basada en la solidaridad<\/b><\/span><\/p>\n<p style=\"font-weight: 300; color: rgb(55, 55, 55); text-align: justify;\"><span style=\"color: #800000;\">&#8220;Para \u00e9l&#8221;, contin\u00faa el presidente del Celam, &#8220;la cuesti\u00f3n de Am\u00e9rica Latina no puede abordarse separadamente de la de Am\u00e9rica del Norte&#8221;: &#8220;Am\u00e9rica es una&#8221;. Y dicha &#8220;originalidad geopol\u00edtica e su visi\u00f3n&#8221;, est\u00e1 &#8220;codificada en el documento\u00a0<i><b style=\"font-weight: bolder;\"><a style=\"color: #660099;\" href=\"http:\/\/www.vatican.va\/content\/john-paul-ii\/es\/apost_exhortations\/documents\/hf_jp-ii_exh_22011999_ecclesia-in-america.html\" rel=\"external\"><span style=\"color: #800000;\">Ecclesia in America<\/span><\/a><\/b><\/i>,&#8221; que representa la s\u00edntesis m\u00e1s avanzada del magisterio social del Papa Wojtyla&#8221;:<\/span><\/p>\n<p style=\"font-weight: 300; color: rgb(55, 55, 55); text-align: justify;\"><span style=\"color: #800000;\"><i>Todo el documento est\u00e1 dedicado a cuestiones sociales: el problema de la deuda externa, la corrupci\u00f3n, el comercio y el consumo de drogas, la perturbaci\u00f3n ecol\u00f3gica, el empobrecimiento del continente, la urbanizaci\u00f3n ca\u00f3tica. El Papa denuncia los pecados sociales y esboza una nueva globalizaci\u00f3n, basada en la solidaridad, pidiendo a las Iglesias latinoamericanas que se comprometan para que \u201cno haya, en absoluto, marginados\u201d.<\/i><\/span><\/p>\n<p style=\"font-weight: 300; color: rgb(55, 55, 55); text-align: justify;\"><span style=\"color: #800000;\">Las arriba expuestas son s\u00f3lo algunas de las l\u00edneas que ha ofrecido el presidente del Consejo Episcopal Latinoamericano, que casi concluyendo el interesante documento, se\u00f1ala c\u00f3mo todos los discursos del santo est\u00e1n impregnados de lo que, en cierto sentido, fue &#8220;la pasi\u00f3n de toda su vida&#8221;, a saber, &#8220;<b style=\"font-weight: bolder;\">la comunicaci\u00f3n del Evangelio<\/b>&#8220;.\u00a0<\/span><\/p>\n<p style=\"font-weight: 300; color: rgb(55, 55, 55); text-align: justify;\"><span style=\"color: #800000;\">El documento puede consultarse en forma exhaustiva en el sitio web\u00a0<a style=\"color: #660099;\" href=\"https:\/\/prensacelam.org\/\" target=\"_blank\" rel=\"external nofollow\"><span style=\"color: #800000;\">https:\/\/prensacelam.org\/. \u00a0<\/span><\/a><\/span><\/p>\n<\/div>\n<!-- AddThis Advanced Settings generic via filter on the_content --><!-- AddThis Share Buttons generic via filter on the_content -->","protected":false},"excerpt":{"rendered":"<p>Recordamos a San Juan Pablo II.Este fue mi primer contacto con el Papa al finalizar la Misa en el Vaticano, en 1985.\u00a1Que momento hermoso! Seguramente [&hellip;]<!-- AddThis Advanced Settings generic via filter on get_the_excerpt --><!-- AddThis Share Buttons generic via filter on get_the_excerpt --><\/p>\n","protected":false},"author":2,"featured_media":16584,"comment_status":"open","ping_status":"open","sticky":false,"template":"","format":"standard","meta":{"footnotes":""},"categories":[5,1],"tags":[],"class_list":["post-16583","post","type-post","status-publish","format-standard","has-post-thumbnail","hentry","category-generales","category-noticiasdiocesanas"],"_links":{"self":[{"href":"https:\/\/obispadodezaratecampana.org\/index.php?rest_route=\/wp\/v2\/posts\/16583","targetHints":{"allow":["GET"]}}],"collection":[{"href":"https:\/\/obispadodezaratecampana.org\/index.php?rest_route=\/wp\/v2\/posts"}],"about":[{"href":"https:\/\/obispadodezaratecampana.org\/index.php?rest_route=\/wp\/v2\/types\/post"}],"author":[{"embeddable":true,"href":"https:\/\/obispadodezaratecampana.org\/index.php?rest_route=\/wp\/v2\/users\/2"}],"replies":[{"embeddable":true,"href":"https:\/\/obispadodezaratecampana.org\/index.php?rest_route=%2Fwp%2Fv2%2Fcomments&post=16583"}],"version-history":[{"count":5,"href":"https:\/\/obispadodezaratecampana.org\/index.php?rest_route=\/wp\/v2\/posts\/16583\/revisions"}],"predecessor-version":[{"id":16589,"href":"https:\/\/obispadodezaratecampana.org\/index.php?rest_route=\/wp\/v2\/posts\/16583\/revisions\/16589"}],"wp:featuredmedia":[{"embeddable":true,"href":"https:\/\/obispadodezaratecampana.org\/index.php?rest_route=\/wp\/v2\/media\/16584"}],"wp:attachment":[{"href":"https:\/\/obispadodezaratecampana.org\/index.php?rest_route=%2Fwp%2Fv2%2Fmedia&parent=16583"}],"wp:term":[{"taxonomy":"category","embeddable":true,"href":"https:\/\/obispadodezaratecampana.org\/index.php?rest_route=%2Fwp%2Fv2%2Fcategories&post=16583"},{"taxonomy":"post_tag","embeddable":true,"href":"https:\/\/obispadodezaratecampana.org\/index.php?rest_route=%2Fwp%2Fv2%2Ftags&post=16583"}],"curies":[{"name":"wp","href":"https:\/\/api.w.org\/{rel}","templated":true}]}}