{"id":16578,"date":"2020-05-17T10:12:10","date_gmt":"2020-05-17T13:12:10","guid":{"rendered":"http:\/\/obispadodezaratecampana.org\/?p=16578"},"modified":"2020-05-17T10:17:44","modified_gmt":"2020-05-17T13:17:44","slug":"video-nos-invita-el-papa-francisco-semana-laudato-si","status":"publish","type":"post","link":"https:\/\/obispadodezaratecampana.org\/?p=16578","title":{"rendered":"Video: Nos invita el Papa Francisco: Semana Laudato Si"},"content":{"rendered":"<div style=\"color: #222222; text-align: justify;\"><span style=\"color: #008080;\"><b>Francisco: respondamos al grito de la tierra y de los pobres<\/b><\/span><\/div>\n<div style=\"color: #222222; text-align: justify;\"><span style=\"color: #008080;\"><b>\u00a0<\/b><\/span><\/div>\n<div style=\"color: #222222; text-align: justify;\"><span style=\"color: #008080;\">El Papa invita a las comunidades cat\u00f3licas del mundo, a trav\u00e9s de un video mensaje, a participar en la &#8220;Semana Laudato si&#8221;, del 16 al 24 de mayo pr\u00f3ximo, con ocasi\u00f3n del quinto aniversario de la Enc\u00edclica del 24 de mayo de 2015.<\/span><\/div>\n<div style=\"color: #222222; text-align: justify;\"><\/div>\n<div style=\"color: #222222; text-align: justify;\"><span style=\"color: #008080;\">Ver video del Santo Padre:\u00a0<a style=\"color: #1155cc;\" href=\"https:\/\/youtu.be\/cn18yPZOcCw\" target=\"_blank\" data-saferedirecturl=\"https:\/\/www.google.com\/url?q=https:\/\/youtu.be\/cn18yPZOcCw&amp;source=gmail&amp;ust=1589727834034000&amp;usg=AFQjCNHYVpJqLu0y2IqzwRmhdKofntfadw\"><span style=\"color: #008080;\">https:\/\/youtu.be\/<wbr \/>cn18yPZOcCw<\/span><\/a><\/span><\/div>\n<div style=\"color: #222222; text-align: justify;\"><\/div>\n<div style=\"color: #222222; text-align: justify;\"><span style=\"color: #008080;\"><i>\u201cRenuevo mi llamado urgente a responder a la crisis ecol\u00f3gica. El clamor de la tierra y el clamor de los pobres no dan para m\u00e1s\u201d. Lo afirma el Papa en un video mensaje con ocasi\u00f3n de la Semana Laudato S\u00ed, a celebrarse del 16 al 24 de mayo 2020. \u201cCuidemos la creaci\u00f3n, don de nuestro buen Dios Creador. Celebremos juntos la Semana Laudato S\u00ed\u201d<\/i>, exhorta el Pont\u00edfice, recordando que se trata de una \u201ccampa\u00f1a global\u201d con ocasi\u00f3n del 5\u00b0 aniversario de la Carta Enc\u00edclica del 2015.<\/span><\/div>\n<p style=\"text-align: center;\"><img fetchpriority=\"high\" decoding=\"async\" class=\"alignnone size-medium wp-image-16579\" src=\"http:\/\/obispadodezaratecampana.org\/wp-content\/uploads\/2020\/05\/Afiche-Laudato-Si-300x300.jpg\" alt=\"Afiche Laudato Si\" width=\"300\" height=\"300\" srcset=\"https:\/\/obispadodezaratecampana.org\/wp-content\/uploads\/2020\/05\/Afiche-Laudato-Si-300x300.jpg 300w, https:\/\/obispadodezaratecampana.org\/wp-content\/uploads\/2020\/05\/Afiche-Laudato-Si-150x150.jpg 150w, https:\/\/obispadodezaratecampana.org\/wp-content\/uploads\/2020\/05\/Afiche-Laudato-Si-1024x1024.jpg 1024w, https:\/\/obispadodezaratecampana.org\/wp-content\/uploads\/2020\/05\/Afiche-Laudato-Si.jpg 1080w\" sizes=\"(max-width: 300px) 100vw, 300px\" \/><\/p>\n<!-- AddThis Advanced Settings generic via filter on the_content --><!-- AddThis Share Buttons generic via filter on the_content -->","protected":false},"excerpt":{"rendered":"<p>Francisco: respondamos al grito de la tierra y de los pobres \u00a0 El Papa invita a las comunidades cat\u00f3licas del mundo, a trav\u00e9s de un [&hellip;]<!-- AddThis Advanced Settings generic via filter on get_the_excerpt --><!-- AddThis Share Buttons generic via filter on get_the_excerpt --><\/p>\n","protected":false},"author":2,"featured_media":16579,"comment_status":"open","ping_status":"open","sticky":false,"template":"","format":"video","meta":{"footnotes":""},"categories":[161,1,8],"tags":[],"class_list":["post-16578","post","type-post","status-publish","format-video","has-post-thumbnail","hentry","category-el-papa-leonxiv","category-noticiasdiocesanas","category-videos","post_format-post-format-video"],"_links":{"self":[{"href":"https:\/\/obispadodezaratecampana.org\/index.php?rest_route=\/wp\/v2\/posts\/16578","targetHints":{"allow":["GET"]}}],"collection":[{"href":"https:\/\/obispadodezaratecampana.org\/index.php?rest_route=\/wp\/v2\/posts"}],"about":[{"href":"https:\/\/obispadodezaratecampana.org\/index.php?rest_route=\/wp\/v2\/types\/post"}],"author":[{"embeddable":true,"href":"https:\/\/obispadodezaratecampana.org\/index.php?rest_route=\/wp\/v2\/users\/2"}],"replies":[{"embeddable":true,"href":"https:\/\/obispadodezaratecampana.org\/index.php?rest_route=%2Fwp%2Fv2%2Fcomments&post=16578"}],"version-history":[{"count":2,"href":"https:\/\/obispadodezaratecampana.org\/index.php?rest_route=\/wp\/v2\/posts\/16578\/revisions"}],"predecessor-version":[{"id":16581,"href":"https:\/\/obispadodezaratecampana.org\/index.php?rest_route=\/wp\/v2\/posts\/16578\/revisions\/16581"}],"wp:featuredmedia":[{"embeddable":true,"href":"https:\/\/obispadodezaratecampana.org\/index.php?rest_route=\/wp\/v2\/media\/16579"}],"wp:attachment":[{"href":"https:\/\/obispadodezaratecampana.org\/index.php?rest_route=%2Fwp%2Fv2%2Fmedia&parent=16578"}],"wp:term":[{"taxonomy":"category","embeddable":true,"href":"https:\/\/obispadodezaratecampana.org\/index.php?rest_route=%2Fwp%2Fv2%2Fcategories&post=16578"},{"taxonomy":"post_tag","embeddable":true,"href":"https:\/\/obispadodezaratecampana.org\/index.php?rest_route=%2Fwp%2Fv2%2Ftags&post=16578"}],"curies":[{"name":"wp","href":"https:\/\/api.w.org\/{rel}","templated":true}]}}