{"id":16575,"date":"2020-05-13T20:31:41","date_gmt":"2020-05-13T23:31:41","guid":{"rendered":"http:\/\/obispadodezaratecampana.org\/?p=16575"},"modified":"2020-05-13T20:31:41","modified_gmt":"2020-05-13T23:31:41","slug":"mensaje-del-obispo-pedro-hoy-13-de-mayo-celebramos-a-la-virgen-de-fatima","status":"publish","type":"post","link":"https:\/\/obispadodezaratecampana.org\/?p=16575","title":{"rendered":"Mensaje del Obispo Pedro: Hoy 13 de mayo celebramos a la Virgen de F\u00e1tima"},"content":{"rendered":"<div class=\"gE iv gt\" style=\"color: #222222;\"><span style=\"color: #000080;\"><b>\u00a1Hoy 13 de mayo celebramos la Virgen de F\u00e1tima!<\/b><\/span><\/div>\n<div style=\"color: #222222;\">\n<div id=\":4g6\" class=\"ii gt\">\n<div id=\":4g5\" class=\"a3s aXjCH \">\n<div dir=\"ltr\">\n<div dir=\"ltr\">\n<p style=\"color: #1c1e21; text-align: justify;\"><span style=\"color: #000080;\">Este a\u00f1o por el coronavirus, no habr\u00e1 procesiones, ni misas con gente, pero no hay que desanimarse. Igual es un d\u00eda de Fiesta, que viviremos de forma diferente.<\/span><br \/>\n<span style=\"color: #000080;\">El Papa Francisco dijo hoy &#8211; alent\u00e1ndonos &#8211; que perseveremos en el amor a Dios y al pr\u00f3jimo, a rezar el Rosario pidiendo por la paz para del mundo y el fin de la pandemia; con esp\u00edritu de penitencia y para nuestra conversi\u00f3n.<\/span><br \/>\n<span style=\"color: #000080;\">Abramos entonces\u00a0el coraz\u00f3n a Dios, con humildad y confianza, sin enojarnos ni impacientarnos. Y concretamente busquemos atender las necesidades del que tenemos cerca, de todos aquellos que m\u00e1s nos necesitan.<\/span><br \/>\n<span style=\"color: #000080;\">Los llevo en mi coraz\u00f3n en la oraci\u00f3n.<\/span><br \/>\n<span style=\"color: #000080;\">Les doy la bendici\u00f3n de Dios: Padre, Hijo y Esp\u00edritu Santo. Am\u00e9n.<\/span><br \/>\n<span style=\"color: #000080;\">Ntra. Sra. de F\u00e1tima, ruega por nosotros.<\/span><\/p>\n<p style=\"color: #1c1e21; text-align: justify;\"><span style=\"color: #000080;\">+ Pedro Laxague<\/span><br \/>\n<span style=\"color: #000080;\">Obispo de Z\u00e1rate &#8211; Campana<\/span><\/p>\n<div>\n<p style=\"color: #1c1e21;\"><span style=\"color: #000080;\"><strong><img decoding=\"async\" class=\"CToWUd alignnone\" src=\"https:\/\/mail.google.com\/mail\/e\/1f3a7\" alt=\"\" width=\"31\" height=\"31\" data-goomoji=\"1f3a7\" data-image-whitelisted=\"\" \/>\u00a0 Audio en google drive 1 minuto 26 segundos\u00a0Mensaje del Obispo por la Fiesta Virgen F\u00e1tima.<\/strong><\/span><\/p>\n<p style=\"color: #1c1e21;\"><span style=\"color: #000080;\"><strong>\u00a0<a style=\"color: #1155cc;\" href=\"https:\/\/drive.google.com\/file\/d\/1j7v_xz3t5TPnF5dN7pOrF6QD3-ZLRjDD\/view?usp=sharing\" target=\"_blank\" data-saferedirecturl=\"https:\/\/www.google.com\/url?q=https:\/\/drive.google.com\/file\/d\/1j7v_xz3t5TPnF5dN7pOrF6QD3-ZLRjDD\/view?usp%3Dsharing&amp;source=gmail&amp;ust=1589495458435000&amp;usg=AFQjCNHY_KVFHCZ2bEMZ17lTnDluwRiA4w\"><span style=\"color: #000080;\">https:\/\/drive.google.com\/file\/<wbr \/>d\/1j7v_xz3t5TPnF5dN7pOrF6QD3-<wbr \/>ZLRjDD\/view?usp=sharing<\/span><\/a><\/strong><\/span><\/p>\n<p style=\"color: #1c1e21; text-align: center;\"><a href=\"http:\/\/obispadodezaratecampana.org\/wp-content\/uploads\/2020\/05\/Pedro-en-Fatima.jpg\"><img fetchpriority=\"high\" decoding=\"async\" class=\"alignnone size-medium wp-image-16576\" src=\"http:\/\/obispadodezaratecampana.org\/wp-content\/uploads\/2020\/05\/Pedro-en-Fatima-168x300.jpg\" alt=\"Pedro en Fatima\" width=\"168\" height=\"300\" srcset=\"https:\/\/obispadodezaratecampana.org\/wp-content\/uploads\/2020\/05\/Pedro-en-Fatima-168x300.jpg 168w, https:\/\/obispadodezaratecampana.org\/wp-content\/uploads\/2020\/05\/Pedro-en-Fatima.jpg 540w\" sizes=\"(max-width: 168px) 100vw, 168px\" \/><\/a><\/p>\n<p style=\"color: #1c1e21; text-align: center;\"><span style=\"color: #000080;\">Foto adjunta: Monse\u00f1or Pedro Laxague en F\u00e1tima, Portugal. Diciembre 2019<\/span><\/p>\n<\/div>\n<\/div>\n<\/div>\n<\/div>\n<\/div>\n<\/div>\n<!-- AddThis Advanced Settings generic via filter on the_content --><!-- AddThis Share Buttons generic via filter on the_content -->","protected":false},"excerpt":{"rendered":"<p>\u00a1Hoy 13 de mayo celebramos la Virgen de F\u00e1tima! Este a\u00f1o por el coronavirus, no habr\u00e1 procesiones, ni misas con gente, pero no hay que [&hellip;]<!-- AddThis Advanced Settings generic via filter on get_the_excerpt --><!-- AddThis Share Buttons generic via filter on get_the_excerpt --><\/p>\n","protected":false},"author":2,"featured_media":16576,"comment_status":"open","ping_status":"open","sticky":false,"template":"","format":"standard","meta":{"footnotes":""},"categories":[5,1],"tags":[],"class_list":["post-16575","post","type-post","status-publish","format-standard","has-post-thumbnail","hentry","category-generales","category-noticiasdiocesanas"],"_links":{"self":[{"href":"https:\/\/obispadodezaratecampana.org\/index.php?rest_route=\/wp\/v2\/posts\/16575","targetHints":{"allow":["GET"]}}],"collection":[{"href":"https:\/\/obispadodezaratecampana.org\/index.php?rest_route=\/wp\/v2\/posts"}],"about":[{"href":"https:\/\/obispadodezaratecampana.org\/index.php?rest_route=\/wp\/v2\/types\/post"}],"author":[{"embeddable":true,"href":"https:\/\/obispadodezaratecampana.org\/index.php?rest_route=\/wp\/v2\/users\/2"}],"replies":[{"embeddable":true,"href":"https:\/\/obispadodezaratecampana.org\/index.php?rest_route=%2Fwp%2Fv2%2Fcomments&post=16575"}],"version-history":[{"count":1,"href":"https:\/\/obispadodezaratecampana.org\/index.php?rest_route=\/wp\/v2\/posts\/16575\/revisions"}],"predecessor-version":[{"id":16577,"href":"https:\/\/obispadodezaratecampana.org\/index.php?rest_route=\/wp\/v2\/posts\/16575\/revisions\/16577"}],"wp:featuredmedia":[{"embeddable":true,"href":"https:\/\/obispadodezaratecampana.org\/index.php?rest_route=\/wp\/v2\/media\/16576"}],"wp:attachment":[{"href":"https:\/\/obispadodezaratecampana.org\/index.php?rest_route=%2Fwp%2Fv2%2Fmedia&parent=16575"}],"wp:term":[{"taxonomy":"category","embeddable":true,"href":"https:\/\/obispadodezaratecampana.org\/index.php?rest_route=%2Fwp%2Fv2%2Fcategories&post=16575"},{"taxonomy":"post_tag","embeddable":true,"href":"https:\/\/obispadodezaratecampana.org\/index.php?rest_route=%2Fwp%2Fv2%2Ftags&post=16575"}],"curies":[{"name":"wp","href":"https:\/\/api.w.org\/{rel}","templated":true}]}}