{"id":16569,"date":"2020-05-02T19:00:55","date_gmt":"2020-05-02T22:00:55","guid":{"rendered":"http:\/\/obispadodezaratecampana.org\/?p=16569"},"modified":"2020-05-02T19:01:28","modified_gmt":"2020-05-02T22:01:28","slug":"palabras-de-la-vocacion-sabado-2-de-mayo-2130-hs-por-youtube","status":"publish","type":"post","link":"https:\/\/obispadodezaratecampana.org\/?p=16569","title":{"rendered":"Palabras de la Vocaci\u00f3n: S\u00e1bado 2 de mayo 21:30 hs por youtube"},"content":{"rendered":"<h1 style=\"text-align: center;\"><span style=\"color: #339966;\">S\u00c1BADO 2 DE MAYO 21:30 HS EN VIVO POR YOUTUBE<\/span><\/h1>\n<h1 style=\"text-align: center;\"><span style=\"color: #339966;\">Mir\u00e1 la promo &#8220;Palabras de Vocaci\u00f3n&#8221;&#8230;&#8230;\u00a0<\/span><span style=\"color: #666699;\"><a style=\"color: #339966;\" title=\"En vivo 21 : 30 hs \" href=\"https:\/\/youtu.be\/d4rdkJRKhbU\" target=\"_blank\"><span style=\"color: #666699;\">https:\/\/youtu.be\/d4rdkJRKhbU<\/span><\/a>\u00a0<\/span><\/h1>\n<p style=\"text-align: center;\"><a href=\"http:\/\/obispadodezaratecampana.org\/wp-content\/uploads\/2020\/05\/95406457_3035135649913494_726022555911061504_o.jpg\"><img fetchpriority=\"high\" decoding=\"async\" class=\"alignnone size-medium wp-image-16570\" src=\"http:\/\/obispadodezaratecampana.org\/wp-content\/uploads\/2020\/05\/95406457_3035135649913494_726022555911061504_o-300x300.jpg\" alt=\"95406457_3035135649913494_726022555911061504_o\" width=\"300\" height=\"300\" srcset=\"https:\/\/obispadodezaratecampana.org\/wp-content\/uploads\/2020\/05\/95406457_3035135649913494_726022555911061504_o-300x300.jpg 300w, https:\/\/obispadodezaratecampana.org\/wp-content\/uploads\/2020\/05\/95406457_3035135649913494_726022555911061504_o-150x150.jpg 150w, https:\/\/obispadodezaratecampana.org\/wp-content\/uploads\/2020\/05\/95406457_3035135649913494_726022555911061504_o-1024x1024.jpg 1024w, https:\/\/obispadodezaratecampana.org\/wp-content\/uploads\/2020\/05\/95406457_3035135649913494_726022555911061504_o.jpg 1080w\" sizes=\"(max-width: 300px) 100vw, 300px\" \/><\/a>\u00a0\u00a0<a href=\"http:\/\/obispadodezaratecampana.org\/wp-content\/uploads\/2020\/05\/94883053_3037853196308406_7656266988850774016_o.jpg\"><img decoding=\"async\" class=\"alignnone size-medium wp-image-16571\" src=\"http:\/\/obispadodezaratecampana.org\/wp-content\/uploads\/2020\/05\/94883053_3037853196308406_7656266988850774016_o-300x300.jpg\" alt=\"94883053_3037853196308406_7656266988850774016_o\" width=\"300\" height=\"300\" srcset=\"https:\/\/obispadodezaratecampana.org\/wp-content\/uploads\/2020\/05\/94883053_3037853196308406_7656266988850774016_o-300x300.jpg 300w, https:\/\/obispadodezaratecampana.org\/wp-content\/uploads\/2020\/05\/94883053_3037853196308406_7656266988850774016_o-150x150.jpg 150w, https:\/\/obispadodezaratecampana.org\/wp-content\/uploads\/2020\/05\/94883053_3037853196308406_7656266988850774016_o-1024x1024.jpg 1024w, https:\/\/obispadodezaratecampana.org\/wp-content\/uploads\/2020\/05\/94883053_3037853196308406_7656266988850774016_o.jpg 1080w\" sizes=\"(max-width: 300px) 100vw, 300px\" \/><\/a>\u00a0\u00a0<a href=\"http:\/\/obispadodezaratecampana.org\/wp-content\/uploads\/2020\/05\/95415561_3039921459434913_1716291621793824768_o.jpg\"><img decoding=\"async\" class=\"alignnone size-medium wp-image-16572\" src=\"http:\/\/obispadodezaratecampana.org\/wp-content\/uploads\/2020\/05\/95415561_3039921459434913_1716291621793824768_o-300x300.jpg\" alt=\"95415561_3039921459434913_1716291621793824768_o\" width=\"300\" height=\"300\" srcset=\"https:\/\/obispadodezaratecampana.org\/wp-content\/uploads\/2020\/05\/95415561_3039921459434913_1716291621793824768_o-300x300.jpg 300w, https:\/\/obispadodezaratecampana.org\/wp-content\/uploads\/2020\/05\/95415561_3039921459434913_1716291621793824768_o-150x150.jpg 150w, https:\/\/obispadodezaratecampana.org\/wp-content\/uploads\/2020\/05\/95415561_3039921459434913_1716291621793824768_o-1024x1024.jpg 1024w, https:\/\/obispadodezaratecampana.org\/wp-content\/uploads\/2020\/05\/95415561_3039921459434913_1716291621793824768_o.jpg 1080w\" sizes=\"(max-width: 300px) 100vw, 300px\" \/><\/a><\/p>\n<p>&nbsp;<\/p>\n<h1 style=\"text-align: center;\"><span style=\"color: #339966;\"><span style=\"color: #339966;\">SEGUILO en VIVO desde&#8230;&#8230;<a title=\"en vivo\" href=\"https:\/\/youtu.be\/iV0xFmx6Z0Y\" target=\"_blank\">https:\/\/youtu.be\/iV0xFmx6Z0Y<\/a><\/span><\/span><\/h1>\n<h1><\/h1>\n<p>&nbsp;<\/p>\n<p>&nbsp;<\/p>\n<!-- AddThis Advanced Settings generic via filter on the_content --><!-- AddThis Share Buttons generic via filter on the_content -->","protected":false},"excerpt":{"rendered":"<p>S\u00c1BADO 2 DE MAYO 21:30 HS EN VIVO POR YOUTUBE Mir\u00e1 la promo &#8220;Palabras de Vocaci\u00f3n&#8221;&#8230;&#8230;\u00a0https:\/\/youtu.be\/d4rdkJRKhbU\u00a0 \u00a0\u00a0\u00a0\u00a0 &nbsp; SEGUILO en VIVO desde&#8230;&#8230;https:\/\/youtu.be\/iV0xFmx6Z0Y &nbsp; &nbsp;<!-- AddThis Advanced Settings generic via filter on get_the_excerpt --><!-- AddThis Share Buttons generic via filter on get_the_excerpt --><\/p>\n","protected":false},"author":2,"featured_media":16572,"comment_status":"open","ping_status":"open","sticky":false,"template":"","format":"standard","meta":{"footnotes":""},"categories":[1,8],"tags":[],"class_list":["post-16569","post","type-post","status-publish","format-standard","has-post-thumbnail","hentry","category-noticiasdiocesanas","category-videos"],"_links":{"self":[{"href":"https:\/\/obispadodezaratecampana.org\/index.php?rest_route=\/wp\/v2\/posts\/16569","targetHints":{"allow":["GET"]}}],"collection":[{"href":"https:\/\/obispadodezaratecampana.org\/index.php?rest_route=\/wp\/v2\/posts"}],"about":[{"href":"https:\/\/obispadodezaratecampana.org\/index.php?rest_route=\/wp\/v2\/types\/post"}],"author":[{"embeddable":true,"href":"https:\/\/obispadodezaratecampana.org\/index.php?rest_route=\/wp\/v2\/users\/2"}],"replies":[{"embeddable":true,"href":"https:\/\/obispadodezaratecampana.org\/index.php?rest_route=%2Fwp%2Fv2%2Fcomments&post=16569"}],"version-history":[{"count":2,"href":"https:\/\/obispadodezaratecampana.org\/index.php?rest_route=\/wp\/v2\/posts\/16569\/revisions"}],"predecessor-version":[{"id":16574,"href":"https:\/\/obispadodezaratecampana.org\/index.php?rest_route=\/wp\/v2\/posts\/16569\/revisions\/16574"}],"wp:featuredmedia":[{"embeddable":true,"href":"https:\/\/obispadodezaratecampana.org\/index.php?rest_route=\/wp\/v2\/media\/16572"}],"wp:attachment":[{"href":"https:\/\/obispadodezaratecampana.org\/index.php?rest_route=%2Fwp%2Fv2%2Fmedia&parent=16569"}],"wp:term":[{"taxonomy":"category","embeddable":true,"href":"https:\/\/obispadodezaratecampana.org\/index.php?rest_route=%2Fwp%2Fv2%2Fcategories&post=16569"},{"taxonomy":"post_tag","embeddable":true,"href":"https:\/\/obispadodezaratecampana.org\/index.php?rest_route=%2Fwp%2Fv2%2Ftags&post=16569"}],"curies":[{"name":"wp","href":"https:\/\/api.w.org\/{rel}","templated":true}]}}