{"id":16563,"date":"2020-05-02T17:06:07","date_gmt":"2020-05-02T20:06:07","guid":{"rendered":"http:\/\/obispadodezaratecampana.org\/?p=16563"},"modified":"2020-05-02T17:06:07","modified_gmt":"2020-05-02T20:06:07","slug":"carta-del-santo-padre-francisco-a-todos-los-fieles-para-el-mes-de-mayo-2020","status":"publish","type":"post","link":"https:\/\/obispadodezaratecampana.org\/?p=16563","title":{"rendered":"Carta del Santo Padre Francisco a todos los fieles para el mes de mayo 2020"},"content":{"rendered":"<p style=\"text-align: center;\"><a href=\"http:\/\/obispadodezaratecampana.org\/wp-content\/uploads\/2020\/05\/94468065_3014319105317005_7888729009960255488_n.jpg\"><img fetchpriority=\"high\" decoding=\"async\" class=\"alignnone size-medium wp-image-16564\" src=\"http:\/\/obispadodezaratecampana.org\/wp-content\/uploads\/2020\/05\/94468065_3014319105317005_7888729009960255488_n-300x168.jpg\" alt=\"94468065_3014319105317005_7888729009960255488_n\" width=\"300\" height=\"168\" srcset=\"https:\/\/obispadodezaratecampana.org\/wp-content\/uploads\/2020\/05\/94468065_3014319105317005_7888729009960255488_n-300x168.jpg 300w, https:\/\/obispadodezaratecampana.org\/wp-content\/uploads\/2020\/05\/94468065_3014319105317005_7888729009960255488_n.jpg 750w\" sizes=\"(max-width: 300px) 100vw, 300px\" \/><\/a><\/p>\n<p style=\"text-align: justify;\"><span style=\"color: #003366;\"><strong>CARTA DEL SANTO PADRE FRANCISCO A TODOS LOS FIELES PARA EL MES DE MAYO DE 2020<\/strong><\/span><\/p>\n<p style=\"text-align: justify;\"><span style=\"color: #003366;\">Queridos hermanos y hermanas:<\/span><\/p>\n<p style=\"text-align: justify;\"><span style=\"color: #003366;\">Se aproxima el mes de mayo, en el que el pueblo de Dios manifiesta con particular intensidad su amor y devoci\u00f3n a la Virgen Mar\u00eda. En este mes, es tradici\u00f3n rezar el Rosario en casa, con la familia. Las restricciones de la pandemia nos han \u201cobligado\u201d a valorizar esta dimensi\u00f3n dom\u00e9stica, tambi\u00e9n desde un punto de vista espiritual.<\/span><\/p>\n<p style=\"text-align: justify;\"><span style=\"color: #003366;\">Por eso, he pensado proponerles a todos que redescubramos la belleza de rezar el Rosario en casa durante el mes de mayo. Ustedes pueden elegir, seg\u00fan la situaci\u00f3n, rezarlo juntos o de manera personal, apreciando lo bueno de ambas posibilidades. Pero, en cualquier caso, hay un secreto para hacerlo: la sencillez; y es f\u00e1cil encontrar, incluso en internet, buenos esquemas de oraci\u00f3n para seguir.<\/span><\/p>\n<p style=\"text-align: justify;\"><span style=\"color: #003366;\">Adem\u00e1s, les ofrezco dos textos de oraciones a la Virgen que pueden recitar al final del Rosario, y que yo mismo dir\u00e9 durante el mes de mayo, unido espiritualmente a ustedes. Los adjunto a esta carta para que est\u00e9n a disposici\u00f3n de todos.<\/span><\/p>\n<p style=\"text-align: justify;\"><span style=\"color: #003366;\">Queridos hermanos y hermanas: Contemplar juntos el rostro de Cristo con el coraz\u00f3n de Mar\u00eda, nuestra Madre, nos unir\u00e1 todav\u00eda m\u00e1s como familia espiritual y nos ayudar\u00e1 a superar esta prueba. Rezar\u00e9 por ustedes, especialmente por los que m\u00e1s sufren, y ustedes, por favor, recen por m\u00ed. Les agradezco y los bendigo de coraz\u00f3n.<\/span><\/p>\n<p style=\"text-align: justify;\"><em><span style=\"color: #003366;\">Roma, San Juan de Letr\u00e1n, 25 de abril de 2020<\/span><\/em><br \/>\n<em><span style=\"color: #003366;\">Fiesta de san Marcos, evangelista<\/span><\/em><\/p>\n<p style=\"text-align: justify;\"><em><span style=\"color: #003366;\">Francisco<\/span><\/em><\/p>\n<p style=\"text-align: justify;\"><span style=\"color: #003366;\">Oraci\u00f3n a Mar\u00eda<\/span><\/p>\n<p style=\"text-align: justify;\"><span style=\"color: #003366;\">Oh Mar\u00eda,<\/span><br \/>\n<span style=\"color: #003366;\">t\u00fa resplandeces siempre en nuestro camino<\/span><br \/>\n<span style=\"color: #003366;\">como un signo de salvaci\u00f3n y esperanza.<\/span><br \/>\n<span style=\"color: #003366;\">A ti nos encomendamos, Salud de los enfermos,<\/span><br \/>\n<span style=\"color: #003366;\">que al pie de la cruz fuiste asociada al dolor de Jes\u00fas,<\/span><br \/>\n<span style=\"color: #003366;\">manteniendo firme tu fe.<\/span><\/p>\n<p style=\"text-align: justify;\"><span style=\"color: #003366;\">T\u00fa, Salvaci\u00f3n del pueblo romano,<\/span><br \/>\n<span style=\"color: #003366;\">sabes lo que necesitamos<\/span><br \/>\n<span style=\"color: #003366;\">y estamos seguros de que lo conceder\u00e1s<\/span><br \/>\n<span style=\"color: #003366;\">para que, como en Can\u00e1 de Galilea,<\/span><br \/>\n<span style=\"color: #003366;\">vuelvan la alegr\u00eda y la fiesta<\/span><br \/>\n<span style=\"color: #003366;\">despu\u00e9s de esta prueba.<\/span><\/p>\n<p style=\"text-align: justify;\"><span style=\"color: #003366;\">Ay\u00fadanos, Madre del Divino Amor,<\/span><br \/>\n<span style=\"color: #003366;\">a conformarnos a la voluntad del Padre<\/span><br \/>\n<span style=\"color: #003366;\">y hacer lo que Jes\u00fas nos dir\u00e1,<\/span><br \/>\n<span style=\"color: #003366;\">\u00c9l que tom\u00f3 nuestro sufrimiento sobre s\u00ed mismo<\/span><br \/>\n<span style=\"color: #003366;\">y se carg\u00f3 de nuestros dolores<\/span><br \/>\n<span style=\"color: #003366;\">para guiarnos a trav\u00e9s de la cruz,<\/span><br \/>\n<span style=\"color: #003366;\">a la alegr\u00eda de la resurrecci\u00f3n. Am\u00e9n.<\/span><\/p>\n<p style=\"text-align: justify;\"><span style=\"color: #003366;\">Bajo tu amparo nos acogemos, Santa Madre de Dios,<\/span><br \/>\n<span style=\"color: #003366;\">no desprecies nuestras s\u00faplicas en las necesidades,<\/span><br \/>\n<span style=\"color: #003366;\">antes bien l\u00edbranos de todo peligro, oh Virgen gloriosa y bendita.\u00a0<\/span><\/p>\n<p style=\"text-align: justify;\"><span style=\"color: #003366;\">Oraci\u00f3n a Maria<\/span><\/p>\n<p style=\"text-align: justify;\"><span style=\"color: #003366;\">\u00abBajo tu amparo nos acogemos, Santa Madre de Dios\u00bb.<\/span><\/p>\n<p style=\"text-align: justify;\"><span style=\"color: #003366;\">En la dram\u00e1tica situaci\u00f3n actual, llena de sufrimientos y angustias que oprimen al mundo entero, acudimos a ti, Madre de Dios y Madre nuestra, y buscamos refugio bajo tu protecci\u00f3n.<\/span><\/p>\n<p style=\"text-align: justify;\"><span style=\"color: #003366;\">Oh Virgen Mar\u00eda, vuelve a nosotros tus ojos misericordiosos en esta pandemia de coronavirus, y consuela a los que se encuentran confundidos y lloran por la p\u00e9rdida de sus seres queridos, a veces sepultados de un modo que hiere el alma. Sostiene a aquellos que est\u00e1n angustiados porque, para evitar el contagio, no pueden estar cerca de las personas enfermas. Infunde confianza a quienes viven en el temor de un futuro incierto y de las consecuencias en la econom\u00eda y en el trabajo.<\/span><\/p>\n<p style=\"text-align: justify;\"><span style=\"color: #003366;\">Madre de Dios y Madre nuestra, implora al Padre de misericordia que esta dura prueba termine y que volvamos a encontrar un horizonte de esperanza y de paz. Como en Can\u00e1, intercede ante tu Divino Hijo, pidi\u00e9ndole que consuele a las familias de los enfermos y de las v\u00edctimas, y que abra sus corazones a la esperanza.<\/span><\/p>\n<p style=\"text-align: justify;\"><span style=\"color: #003366;\">Protege a los m\u00e9dicos, a los enfermeros, al personal sanitario, a los voluntarios que en este periodo de emergencia combaten en primera l\u00ednea y arriesgan sus vidas para salvar otras vidas. Acompa\u00f1a su heroico esfuerzo y conc\u00e9deles fuerza, bondad y salud.<\/span><\/p>\n<p style=\"text-align: justify;\"><span style=\"color: #003366;\">Permanece junto a quienes asisten, noche y d\u00eda, a los enfermos, y a los sacerdotes que, con solicitud pastoral y compromiso evang\u00e9lico, tratan de ayudar y sostener a todos.<\/span><\/p>\n<p style=\"text-align: justify;\"><span style=\"color: #003366;\">Virgen Santa, ilumina las mentes de los hombres y mujeres de ciencia, para que encuentren las soluciones adecuadas y se venza este virus.<\/span><\/p>\n<p style=\"text-align: justify;\"><span style=\"color: #003366;\">Asiste a los l\u00edderes de las naciones, para que act\u00faen con sabidur\u00eda, diligencia y generosidad, socorriendo a los que carecen de lo necesario para vivir, planificando soluciones sociales y econ\u00f3micas de largo alcance y con un esp\u00edritu de solidaridad.<\/span><\/p>\n<p style=\"text-align: justify;\"><span style=\"color: #003366;\">Santa Mar\u00eda, toca las conciencias para que las grandes sumas de dinero utilizadas en la incrementaci\u00f3n y en el perfeccionamiento de armamentos sean destinadas a promover estudios adecuados para la prevenci\u00f3n de futuras cat\u00e1strofes similares.<\/span><\/p>\n<p style=\"text-align: justify;\"><span style=\"color: #003366;\">Madre amant\u00edsima, acrecienta en el mundo el sentido de pertenencia a una \u00fanica y gran familia, tomando conciencia del v\u00ednculo que nos une a todos, para que, con un esp\u00edritu fraterno y solidario, salgamos en ayuda de las numerosas formas de pobreza y situaciones de miseria. Anima la firmeza en la fe, la perseverancia en el servicio y la constancia en la oraci\u00f3n.<\/span><\/p>\n<p style=\"text-align: justify;\"><span style=\"color: #003366;\">Oh Mar\u00eda, Consuelo de los afligidos, abraza a todos tus hijos atribulados, haz que Dios nos libere con su mano poderosa de esta terrible epidemia y que la vida pueda reanudar su curso normal con serenidad.<\/span><\/p>\n<p style=\"text-align: justify;\"><span style=\"color: #003366;\">Nos encomendamos a Ti, que brillas en nuestro camino como signo de salvaci\u00f3n y de esperanza. \u00a1Oh clement\u00edsima, oh piadosa, oh dulce Virgen Mar\u00eda! Am\u00e9n.<\/span><\/p>\n<p style=\"text-align: justify;\">\n<span style=\"color: #003366;\">\u00a9 Copyright &#8211; Libreria Editrice Vaticana<\/span><\/p>\n<p style=\"text-align: justify;\">\n<!-- AddThis Advanced Settings generic via filter on the_content --><!-- AddThis Share Buttons generic via filter on the_content -->","protected":false},"excerpt":{"rendered":"<p>CARTA DEL SANTO PADRE FRANCISCO A TODOS LOS FIELES PARA EL MES DE MAYO DE 2020 Queridos hermanos y hermanas: Se aproxima el mes de [&hellip;]<!-- AddThis Advanced Settings generic via filter on get_the_excerpt --><!-- AddThis Share Buttons generic via filter on get_the_excerpt --><\/p>\n","protected":false},"author":2,"featured_media":16564,"comment_status":"open","ping_status":"open","sticky":false,"template":"","format":"standard","meta":{"footnotes":""},"categories":[161,1],"tags":[],"class_list":["post-16563","post","type-post","status-publish","format-standard","has-post-thumbnail","hentry","category-el-papa-leonxiv","category-noticiasdiocesanas"],"_links":{"self":[{"href":"https:\/\/obispadodezaratecampana.org\/index.php?rest_route=\/wp\/v2\/posts\/16563","targetHints":{"allow":["GET"]}}],"collection":[{"href":"https:\/\/obispadodezaratecampana.org\/index.php?rest_route=\/wp\/v2\/posts"}],"about":[{"href":"https:\/\/obispadodezaratecampana.org\/index.php?rest_route=\/wp\/v2\/types\/post"}],"author":[{"embeddable":true,"href":"https:\/\/obispadodezaratecampana.org\/index.php?rest_route=\/wp\/v2\/users\/2"}],"replies":[{"embeddable":true,"href":"https:\/\/obispadodezaratecampana.org\/index.php?rest_route=%2Fwp%2Fv2%2Fcomments&post=16563"}],"version-history":[{"count":1,"href":"https:\/\/obispadodezaratecampana.org\/index.php?rest_route=\/wp\/v2\/posts\/16563\/revisions"}],"predecessor-version":[{"id":16565,"href":"https:\/\/obispadodezaratecampana.org\/index.php?rest_route=\/wp\/v2\/posts\/16563\/revisions\/16565"}],"wp:featuredmedia":[{"embeddable":true,"href":"https:\/\/obispadodezaratecampana.org\/index.php?rest_route=\/wp\/v2\/media\/16564"}],"wp:attachment":[{"href":"https:\/\/obispadodezaratecampana.org\/index.php?rest_route=%2Fwp%2Fv2%2Fmedia&parent=16563"}],"wp:term":[{"taxonomy":"category","embeddable":true,"href":"https:\/\/obispadodezaratecampana.org\/index.php?rest_route=%2Fwp%2Fv2%2Fcategories&post=16563"},{"taxonomy":"post_tag","embeddable":true,"href":"https:\/\/obispadodezaratecampana.org\/index.php?rest_route=%2Fwp%2Fv2%2Ftags&post=16563"}],"curies":[{"name":"wp","href":"https:\/\/api.w.org\/{rel}","templated":true}]}}