{"id":16559,"date":"2020-05-01T16:24:03","date_gmt":"2020-05-01T19:24:03","guid":{"rendered":"http:\/\/obispadodezaratecampana.org\/?p=16559"},"modified":"2020-05-02T16:45:57","modified_gmt":"2020-05-02T19:45:57","slug":"reflexion-y-saludo-por-el-dia-del-trabajo-del-obispo-pedro-laxague","status":"publish","type":"post","link":"https:\/\/obispadodezaratecampana.org\/?p=16559","title":{"rendered":"Reflexi\u00f3n y saludo por el D\u00eda del Trabajo del Obispo Pedro Laxague"},"content":{"rendered":"<div id=\"js_2\" class=\"_5pbx userContent _3576\" style=\"color: #1d2129;\" data-testid=\"post_message\" data-ft=\"{&quot;tn&quot;:&quot;K&quot;}\">\n<p style=\"text-align: justify;\"><strong><span style=\"color: #000080;\">Reflexi\u00f3n y saludo por el D\u00eda del Trabajo del Obispo en audio&#8230;&#8230;\u00a0<\/span><\/strong><\/p>\n<p style=\"text-align: justify;\"><em><span style=\"color: #808080;\"><strong><a title=\"dia del trabajo\" href=\"https:\/\/drive.google.com\/file\/d\/1p6oxf5bI0vDyBs5LOsXBTg0uxlp_SBxy\/view?fbclid=IwAR1abB5u4tUvJLPAT4q1Yct-2VO3vaqQNfyg_7E2re0jkCePJNTsWaKVj2c\" target=\"_blank\"><span style=\"color: #808080;\">https:\/\/drive.google.com\/file\/d\/1p6oxf5bI0vDyBs5LOsXBTg0uxlp_SBxy\/view?fbclid=IwAR1abB5u4tUvJLPAT4q1Yct-2VO3vaqQNfyg_7E2re0jkCePJNTsWaKVj2c<\/span><\/a><\/strong><\/span><\/em><\/p>\n<p style=\"text-align: justify;\"><span style=\"color: #333399;\"><strong>En texto&#8230;..\u00a0<span class=\"_5mfr\"><span class=\"_6qdm\"><span style=\"font-weight: 400;\">\u270d<\/span><\/span><\/span><\/strong><\/span><\/p>\n<p style=\"text-align: justify;\"><span style=\"color: #666699;\"><strong>Queridos hermanos:<\/strong><\/span><\/p>\n<p style=\"text-align: justify;\"><span style=\"color: #666699;\"><strong>Hoy primero de mayo es el D\u00eda del Trabajo y celebramos a San Jos\u00e9 Obrero. Jes\u00fas es un hombre de trabajo: \u201cMi Padre trabaja siempre, y yo tambi\u00e9n trabajo\u201d nos dice el Evangelio seg\u00fan san Juan Capitulo 5, vers\u00edculo 17. El trabajo tiene una dimensi\u00f3n social: hacemos algo para alguien. Adem\u00e1s, es una obligaci\u00f3n, un deber hacia el otro, hacia nuestra familia, hacia toda la Naci\u00f3n.<\/strong><\/span><br \/>\n<span style=\"color: #666699;\"><strong>La dignidad de la persona deber estar al centro de la globalizaci\u00f3n de la solidaridad del trabajo. Todos tenemos que tener la oportunidad de vivir teniendo un trabajo digno.<\/strong><\/span><br \/>\n<span style=\"color: #666699;\"><strong>En esta cuarentena vemos con gran dolor que el que pierde el trabajo \u2013 ya sea empleador o empleado -, no tiene para comer ni dar de comer a otros. Hoy urge entonces en una mesa de di\u00e1logo con todos los sectores, buscar consenso, para creativamente poner en marcha la posibilidad de trabajar resguardando la de salud todos.<\/strong><\/span><br \/>\n<span style=\"color: #666699;\"><strong>Pido la bendici\u00f3n del Buen Dios para todos los que trabajan, muchas veces en condiciones de riesgo por la pandemia, y tambi\u00e9n para todos los que ven impedida la posibilidad de ejercer ese derecho. Que Mar\u00eda de Luj\u00e1n Madre Nuestra nos cuide. Que San Jos\u00e9 proteja el trabajo de todos.<\/strong><\/span><\/p>\n<p style=\"text-align: justify;\"><span style=\"color: #666699;\"><strong>\u00a1Feliz D\u00eda!<\/strong><\/span><\/p>\n<p style=\"text-align: justify;\"><span style=\"color: #666699;\"><strong>+ Pedro Laxague<\/strong><\/span><br \/>\n<span style=\"color: #666699;\"><strong>Obispo de Z\u00e1rate &#8211; Campana<\/strong><\/span><\/p>\n<p style=\"text-align: center;\"><a href=\"http:\/\/obispadodezaratecampana.org\/wp-content\/uploads\/2020\/05\/trabajo.jpg\"><img fetchpriority=\"high\" decoding=\"async\" class=\"alignnone  wp-image-16560\" src=\"http:\/\/obispadodezaratecampana.org\/wp-content\/uploads\/2020\/05\/trabajo-215x300.jpg\" alt=\"trabajo\" width=\"285\" height=\"349\" \/><\/a><\/p>\n<p style=\"text-align: justify;\">\n<\/div>\n<div class=\"_3x-2\" style=\"color: #1d2129;\" data-ft=\"{&quot;tn&quot;:&quot;H&quot;}\">\n<div data-ft=\"{&quot;tn&quot;:&quot;H&quot;}\">\n<div class=\"mtm\">\n<div>\n<div class=\"_1ktf\" data-ft=\"{&quot;tn&quot;:&quot;E&quot;}\"><span style=\"color: #333399;\"><strong><a class=\"_4-eo _2t9n _50z9\" style=\"color: #385898;\" href=\"https:\/\/www.facebook.com\/obispadozc\/photos\/a.1580284592257383\/2667739696845195\/?type=3&amp;eid=ARDt4wxJ1eKLtwjpGva7EdeyVLuy93kQdkkyhnAvahLVeeDHrKhPYjmMWNHJwt3xJdEJUUsb09ROsYMA&amp;__xts__%5B0%5D=68.ARBkVntFGsRJmkFVcJ5dVb8YkOUTHTGBNyLN-cGM7lgrbJWcN2X3izXjRvIZ8UiY9dZN1neBZKIxHfNeKQprUbqKBihwgLNRq5AGYIoWMu7sfD8kCQSCSw_splNwHu14Gl-Kb989D6fQ2mXLpk5-nv9xxGQyTAssoBjFW4itHrQO4gPYl_GHwwmcwNYmfx0rtG6Kacs1RAQBc2wAJLtTfoV6EOykMEAi-1IviWA5sPQzillptHYLcCSeM3VV6LkfDLRYFx0anJHCkU50pwpckt93bftHrFWCq1wnS3Eu5d2m5A5REf2UG-zm1nqUi2S7DtQx77o2IddrSWVkuwlZmF1yvTPf&amp;__tn__=EEHH-R\" rel=\"theater\" data-ploi=\"https:\/\/scontent.faep8-1.fna.fbcdn.net\/v\/t1.0-9\/95715729_2667739700178528_8407490578903728128_n.jpg?_nc_cat=106&amp;_nc_sid=8024bb&amp;_nc_oc=AQm6r_qyeeVJ87OZiLpB2PB3vvJw6gfFcps-pT6U4mxSxgJekYEmNNBO5Gi64TFvUL0&amp;_nc_ht=scontent.faep8-1.fna&amp;oh=384b845faabfa7a2c3709e0dcc86892c&amp;oe=5ED3ABE8\" data-render-location=\"permalink\" data-ft=\"{&quot;tn&quot;:&quot;E&quot;}\"><span style=\"color: #333399;\">\u00a0<\/span><\/a><\/strong><\/span><\/div>\n<\/div>\n<\/div>\n<\/div>\n<\/div>\n<!-- AddThis Advanced Settings generic via filter on the_content --><!-- AddThis Share Buttons generic via filter on the_content -->","protected":false},"excerpt":{"rendered":"<p>Reflexi\u00f3n y saludo por el D\u00eda del Trabajo del Obispo en audio&#8230;&#8230;\u00a0 https:\/\/drive.google.com\/file\/d\/1p6oxf5bI0vDyBs5LOsXBTg0uxlp_SBxy\/view?fbclid=IwAR1abB5u4tUvJLPAT4q1Yct-2VO3vaqQNfyg_7E2re0jkCePJNTsWaKVj2c En texto&#8230;..\u00a0\u270d Queridos hermanos: Hoy primero de mayo es el D\u00eda del [&hellip;]<!-- AddThis Advanced Settings generic via filter on get_the_excerpt --><!-- AddThis Share Buttons generic via filter on get_the_excerpt --><\/p>\n","protected":false},"author":2,"featured_media":16560,"comment_status":"open","ping_status":"open","sticky":false,"template":"","format":"standard","meta":{"footnotes":""},"categories":[5,1],"tags":[],"class_list":["post-16559","post","type-post","status-publish","format-standard","has-post-thumbnail","hentry","category-generales","category-noticiasdiocesanas"],"_links":{"self":[{"href":"https:\/\/obispadodezaratecampana.org\/index.php?rest_route=\/wp\/v2\/posts\/16559","targetHints":{"allow":["GET"]}}],"collection":[{"href":"https:\/\/obispadodezaratecampana.org\/index.php?rest_route=\/wp\/v2\/posts"}],"about":[{"href":"https:\/\/obispadodezaratecampana.org\/index.php?rest_route=\/wp\/v2\/types\/post"}],"author":[{"embeddable":true,"href":"https:\/\/obispadodezaratecampana.org\/index.php?rest_route=\/wp\/v2\/users\/2"}],"replies":[{"embeddable":true,"href":"https:\/\/obispadodezaratecampana.org\/index.php?rest_route=%2Fwp%2Fv2%2Fcomments&post=16559"}],"version-history":[{"count":2,"href":"https:\/\/obispadodezaratecampana.org\/index.php?rest_route=\/wp\/v2\/posts\/16559\/revisions"}],"predecessor-version":[{"id":16562,"href":"https:\/\/obispadodezaratecampana.org\/index.php?rest_route=\/wp\/v2\/posts\/16559\/revisions\/16562"}],"wp:featuredmedia":[{"embeddable":true,"href":"https:\/\/obispadodezaratecampana.org\/index.php?rest_route=\/wp\/v2\/media\/16560"}],"wp:attachment":[{"href":"https:\/\/obispadodezaratecampana.org\/index.php?rest_route=%2Fwp%2Fv2%2Fmedia&parent=16559"}],"wp:term":[{"taxonomy":"category","embeddable":true,"href":"https:\/\/obispadodezaratecampana.org\/index.php?rest_route=%2Fwp%2Fv2%2Fcategories&post=16559"},{"taxonomy":"post_tag","embeddable":true,"href":"https:\/\/obispadodezaratecampana.org\/index.php?rest_route=%2Fwp%2Fv2%2Ftags&post=16559"}],"curies":[{"name":"wp","href":"https:\/\/api.w.org\/{rel}","templated":true}]}}