{"id":16556,"date":"2020-04-26T11:26:01","date_gmt":"2020-04-26T14:26:01","guid":{"rendered":"http:\/\/obispadodezaratecampana.org\/?p=16556"},"modified":"2020-04-26T11:26:01","modified_gmt":"2020-04-26T14:26:01","slug":"audio-mensaje-de-monsenor-laxague-por-conmemoracion-400-anos-hallazgo-virgen-del-valle-de-catamarca","status":"publish","type":"post","link":"https:\/\/obispadodezaratecampana.org\/?p=16556","title":{"rendered":"Audio mensaje de Monse\u00f1or Laxague por conmemoraci\u00f3n 400 a\u00f1os hallazgo Virgen del Valle de Catamarca"},"content":{"rendered":"<p style=\"text-align: center;\"><a href=\"http:\/\/obispadodezaratecampana.org\/wp-content\/uploads\/2020\/04\/94887563_3009263472489235_2929986217854369792_n.jpg\"><img decoding=\"async\" class=\"alignnone size-medium wp-image-16557\" src=\"http:\/\/obispadodezaratecampana.org\/wp-content\/uploads\/2020\/04\/94887563_3009263472489235_2929986217854369792_n-300x141.jpg\" alt=\"94887563_3009263472489235_2929986217854369792_n\" width=\"300\" height=\"141\" srcset=\"https:\/\/obispadodezaratecampana.org\/wp-content\/uploads\/2020\/04\/94887563_3009263472489235_2929986217854369792_n-300x141.jpg 300w, https:\/\/obispadodezaratecampana.org\/wp-content\/uploads\/2020\/04\/94887563_3009263472489235_2929986217854369792_n.jpg 900w\" sizes=\"(max-width: 300px) 100vw, 300px\" \/><\/a><\/p>\n<h3 id=\"id_5ea5994d283636644798652\" class=\"text_exposed_root text_exposed\"><span style=\"color: #008080;\">Audio 2 minutos 7 segundos en google drive:<\/span><\/h3>\n<h3 class=\"text_exposed_root text_exposed\"><\/h3>\n<div id=\"id_5ea5994d283636644798652\" class=\"text_exposed_root text_exposed\"><span class=\"text_exposed_show\" style=\"color: #008080;\"><a style=\"color: #385898;\" href=\"https:\/\/drive.google.com\/file\/d\/1DbSyts0Tj_AgduVQTC9nXpVWzcb98wEw\/view?usp=sharing&amp;fbclid=IwAR3avDdRael7Ukg1AQpH5ptSy-Zo33nAVB2WSwyGo_SihcKP-95z1awrpdQ\" target=\"_blank\" rel=\"nofollow\" data-lynx-mode=\"asynclazy\" data-lynx-uri=\"https:\/\/l.facebook.com\/l.php?u=https%3A%2F%2Fdrive.google.com%2Ffile%2Fd%2F1DbSyts0Tj_AgduVQTC9nXpVWzcb98wEw%2Fview%3Fusp%3Dsharing%26fbclid%3DIwAR3avDdRael7Ukg1AQpH5ptSy-Zo33nAVB2WSwyGo_SihcKP-95z1awrpdQ&amp;h=AT2cRM3Qf5NceGPuJWolqB2zYHpeu_LtyxacGJHI-S2E1NOIpemQucmSHfoCJc0QdsgqZxAS-doe9C9Su4fPSvucX6zS7bRveQo0JlYrC1PqfuNOmB7qgaWtDPWwWSwxOtl4tIqK_Q\"><span style=\"color: #008080;\">https:\/\/drive.google.com\/<wbr \/>file\/d\/<wbr \/>1DbSyts0Tj_AgduVQTC9nXpVWzc<wbr \/>b98wEw\/view?usp=sharing<\/span><\/a><\/span><\/div>\n<div id=\"fbPhotoSnowliftProductMiniListHscroll\" class=\"fbCommerceProductMiniListHscroll\" style=\"color: #1c1e21;\"><span style=\"color: #008080;\">\u00a0<\/span><\/div>\n<h3 class=\"text_exposed_root text_exposed\">\n<span style=\"color: #008080;\">Conmemoraci\u00f3n de los 400 a\u00f1os del hallazgo de la imagen de nuestra Se\u00f1ora del Valle en Catamarca.<\/span><br \/>\n<span style=\"color: #008080;\">2020 A\u00f1o Mariano Nacional.<\/span><br \/>\n<span class=\"text_exposed_show\"><br \/>\n<span style=\"color: #008080;\">+ Pedro Laxague<\/span><br \/>\n<span style=\"color: #008080;\">Obispo<\/span><br \/>\n<span style=\"color: #008080;\">Z\u00e1rate &#8211; Campana<\/span><\/p>\n<p><\/span><\/h3>\n<div id=\"fbPhotoSnowliftLegacyTagList\" class=\"pts fbPhotoLegacyTagList\" style=\"color: #1c1e21;\"><\/div>\n<div id=\"fbPhotoSnowliftCallToActionButton\" class=\"fbPhotosPhotoButtons\" style=\"color: #1c1e21;\"><\/div>\n<div id=\"fbPhotoSnowliftPhotoFundraiser\" style=\"color: #1c1e21;\"><\/div>\n<div id=\"fbPhotoSnowliftOwnerButtons\" class=\"mvm fbPhotosPhotoOwnerButtons stat_elem\" style=\"color: #1c1e21;\">\n<div id=\"photosTruncatingUIButtonGroup\" class=\"_51xa _3-8m _3-90\"><a id=\"u_jsonp_19_e\" class=\"_42ft _4jy0 fbPhotosPhotoActionsTag taggingOff photosTruncatingUIButton _4jy3 _517h _51sy _2n0k\" style=\"font-weight: bold; color: #4b4f56;\" href=\"https:\/\/www.facebook.com\/obispadozc\/photos\/a.1580284592257383\/2663029033982928\/?type=3&amp;theater#\" data-buttonname=\"tagPhoto\" data-ft=\"{&quot;tn&quot;:&quot;+;&quot;}\" data-hover=\"tooltip\"><i class=\"_3-8_ img sp_nyDi9EKto-9 sx_e05796\">\u00a0<\/i><\/a><\/div>\n<\/div>\n<!-- AddThis Advanced Settings generic via filter on the_content --><!-- AddThis Share Buttons generic via filter on the_content -->","protected":false},"excerpt":{"rendered":"<p>Audio 2 minutos 7 segundos en google drive: https:\/\/drive.google.com\/file\/d\/1DbSyts0Tj_AgduVQTC9nXpVWzcb98wEw\/view?usp=sharing \u00a0 Conmemoraci\u00f3n de los 400 a\u00f1os del hallazgo de la imagen de nuestra Se\u00f1ora del Valle [&hellip;]<!-- AddThis Advanced Settings generic via filter on get_the_excerpt --><!-- AddThis Share Buttons generic via filter on get_the_excerpt --><\/p>\n","protected":false},"author":2,"featured_media":16557,"comment_status":"open","ping_status":"open","sticky":false,"template":"","format":"standard","meta":{"footnotes":""},"categories":[5,1],"tags":[],"class_list":["post-16556","post","type-post","status-publish","format-standard","has-post-thumbnail","hentry","category-generales","category-noticiasdiocesanas"],"_links":{"self":[{"href":"https:\/\/obispadodezaratecampana.org\/index.php?rest_route=\/wp\/v2\/posts\/16556","targetHints":{"allow":["GET"]}}],"collection":[{"href":"https:\/\/obispadodezaratecampana.org\/index.php?rest_route=\/wp\/v2\/posts"}],"about":[{"href":"https:\/\/obispadodezaratecampana.org\/index.php?rest_route=\/wp\/v2\/types\/post"}],"author":[{"embeddable":true,"href":"https:\/\/obispadodezaratecampana.org\/index.php?rest_route=\/wp\/v2\/users\/2"}],"replies":[{"embeddable":true,"href":"https:\/\/obispadodezaratecampana.org\/index.php?rest_route=%2Fwp%2Fv2%2Fcomments&post=16556"}],"version-history":[{"count":1,"href":"https:\/\/obispadodezaratecampana.org\/index.php?rest_route=\/wp\/v2\/posts\/16556\/revisions"}],"predecessor-version":[{"id":16558,"href":"https:\/\/obispadodezaratecampana.org\/index.php?rest_route=\/wp\/v2\/posts\/16556\/revisions\/16558"}],"wp:featuredmedia":[{"embeddable":true,"href":"https:\/\/obispadodezaratecampana.org\/index.php?rest_route=\/wp\/v2\/media\/16557"}],"wp:attachment":[{"href":"https:\/\/obispadodezaratecampana.org\/index.php?rest_route=%2Fwp%2Fv2%2Fmedia&parent=16556"}],"wp:term":[{"taxonomy":"category","embeddable":true,"href":"https:\/\/obispadodezaratecampana.org\/index.php?rest_route=%2Fwp%2Fv2%2Fcategories&post=16556"},{"taxonomy":"post_tag","embeddable":true,"href":"https:\/\/obispadodezaratecampana.org\/index.php?rest_route=%2Fwp%2Fv2%2Ftags&post=16556"}],"curies":[{"name":"wp","href":"https:\/\/api.w.org\/{rel}","templated":true}]}}