{"id":16552,"date":"2020-04-25T10:35:22","date_gmt":"2020-04-25T13:35:22","guid":{"rendered":"http:\/\/obispadodezaratecampana.org\/?p=16552"},"modified":"2020-04-25T10:43:36","modified_gmt":"2020-04-25T13:43:36","slug":"solemne-jubileo-en-honor-a-la-virgen-del-valle-ano-mariano-nacional-cronograma-del-25-de-abril","status":"publish","type":"post","link":"https:\/\/obispadodezaratecampana.org\/?p=16552","title":{"rendered":"Solemne Jubileo en honor a la Virgen del Valle, A\u00f1o Mariano Nacional &#8211; Cronograma del 25 de abril"},"content":{"rendered":"<div class=\"_1dwg _1w_m _q7o\" style=\"color: #1c1e21;\" data-vc-ignore-dynamic=\"1\">\n<div>\n<div id=\"js_2dz\" class=\"_5pbx userContent _3576\" style=\"font-weight: normal;\" data-testid=\"post_message\" data-ft=\"{&quot;tn&quot;:&quot;K&quot;}\">\n<div id=\"id_5ea43bdfc0a6b7689826903\" class=\"text_exposed_root text_exposed\">\n<h3 style=\"text-align: justify;\"><span style=\"color: #008000;\">PROGRAMA SEPTENARIO\u00a0EN HONOR DE LA VIRGEN DEL VALLE<\/span><\/h3>\n<h3 style=\"text-align: justify;\"><span style=\"color: #008000;\">Segu\u00ed las transmisiones en\u00a0vivo\u00a0<\/span><br \/>\n<span style=\"color: #008000;\"><a class=\"profileLink\" style=\"color: #385898;\" href=\"https:\/\/www.facebook.com\/prensa.obispadocatamarca.5\/?__tn__=K-R&amp;eid=ARBNwAJjQNKU5nv1DNlKkhuqf-AOtOK3Z672ZG3f2x3UBWx5aH12n_c-2d1gtApUwRb2kQ8tLcbpQ8Ad&amp;fref=mentions&amp;__xts__%5B0%5D=68.ARDjAI-llgQi_jIWAogc2dS7RAfDI_uE_XLNAY0sRWFyEBME3uPXPufUXJcjtdNXEF3WlKbq-eWqOhib0WDSz8qgqAeeVzLwegfQrAN0jDxSdOccpO2sEohGNBGSQqiS9uiklbj1IYAldcpJvHNsUD5O2CKb-ePuTyi5ihmCp8mob0mQt8MzpDtLg9vfVB1tWMUh1ClDggGmlGUxoXElNsNR4SPArAhqNeTKoignxR2OkWgIr7vCU-Ft-HvETvMiq4mDbgHKHzX_SHb8nFTs9hskI4zp0TcVhnAzpy-5M6VLFrk6ERi8WkM-oGdTO9FZIY-tQVye7kQMOHEhR9p2E8nEHK0s\" data-hovercard=\"\/ajax\/hovercard\/page.php?id=796821807113402&amp;extragetparams=%7B%22__tn__%22%3A%22%2CdK-R-R%22%2C%22eid%22%3A%22ARBNwAJjQNKU5nv1DNlKkhuqf-AOtOK3Z672ZG3f2x3UBWx5aH12n_c-2d1gtApUwRb2kQ8tLcbpQ8Ad%22%2C%22fref%22%3A%22mentions%22%7D\" data-hovercard-prefer-more-content-show=\"1\"><span style=\"color: #008000;\">https:\/\/www.facebook.com\/prensa.obispadocatamarca.5\/<\/span><\/a><\/span><\/h3>\n<div class=\"text_exposed_show\">\n<h3 style=\"text-align: justify;\"><span style=\"color: #339966;\">S\u00e1bado 25 de abril:\u00a0Solemnidad de Nuestra Se\u00f1ora del Valle<\/span><br \/>\n<span style=\"color: #339966;\">Mar\u00eda, Madre del Pueblo, Esperanza Nuestra<\/span><\/h3>\n<h3 style=\"text-align: justify;\"><span style=\"color: #003366;\">08:30 Laudes y Regina Coeli.<\/span><br \/>\n<span style=\"color: #003366;\">09:00 MISA. Arquidi\u00f3cesis de Tucum\u00e1n.<\/span><br \/>\n<span style=\"color: #003366;\">Focolares, Camino Neocatecumenal, Cursillo de Cristiandad, Grupos Scouts Cat\u00f3licos, Apostolado de la Oraci\u00f3n, Legi\u00f3n de Mar\u00eda y Renovaci\u00f3n Carism\u00e1tica Cat\u00f3lica.<\/span><br \/>\n<span style=\"color: #003366;\">10:00 Santo Rosario.<\/span><br \/>\n<span style=\"color: #003366;\">11:00 MISA. Solemnidad de Nuestra Se\u00f1ora del Valle. Presidida por el Obispo Diocesano. Homenaje de la Vida Consagrada: Comunidad Franciscana y Orden Franciscana Seglar, Monasterio Inmaculada del Valle Monjas Dominicas, Hermandad Dominicana, Fasta, Hnas. Carmelitas Misioneras Teresianas, Hnas. de la Fraternidad Eclesial Franciscana, Hnas. Misioneras Catequistas de Cristo Rey, Hermanas Nazarenas, Hnas. Franciscanas Misioneras de la Natividad, Padres Lourdistas, Hnas. del Verbo Encarnado e Instituto Crist\u00edferas.<\/span><br \/>\n<span style=\"color: #003366;\">12:00 Regina Coeli. Letan\u00edas.<\/span><br \/>\n<span style=\"color: #003366;\">18:30 Santo Rosario.<\/span><br \/>\n<span style=\"color: #003366;\">19:00 REZO DEL SEPTENARIO. Parroquias de Jes\u00fas Ni\u00f1o y de San Roque.<\/span><br \/>\n<span style=\"color: #003366;\">20:00 MISA. Homenaje de las Familias. Pastoral Familiar, Movimiento Familiar Cristiano, Grupos Eclesiales al Servicio de la Vida: Gr\u00e1vida, Renacer y Faviatca. Bendici\u00f3n a embarazadas.<\/span><br \/>\n<span style=\"color: #003366;\">21:00 Rosario por la Patria, en conexi\u00f3n con todo el Pa\u00eds por Radio Mar\u00eda y las Redes Sociales.<\/span><br \/>\n<span style=\"color: #003366;\">Al finalizar, Lectio Divina.<\/span><\/h3>\n<\/div>\n<\/div>\n<\/div>\n<div class=\"_3x-2\" data-ft=\"{&quot;tn&quot;:&quot;H&quot;}\">\n<div data-ft=\"{&quot;tn&quot;:&quot;H&quot;}\">\n<div class=\"mtm\">\n<div>\n<div class=\"_1ktf\" data-ft=\"{&quot;tn&quot;:&quot;E&quot;}\">\n<div class=\"uiScaledImageContainer _517g\"><img fetchpriority=\"high\" decoding=\"async\" class=\"scaledImageFitWidth img aligncenter\" src=\"https:\/\/scontent.faep8-2.fna.fbcdn.net\/v\/t1.0-0\/p480x480\/94708440_2662939903991841_3653990671712256_o.jpg?_nc_cat=104&amp;_nc_sid=8024bb&amp;_nc_oc=AQlilSwSEgZ-k3RD1KSX-m_leK00mkbWsFog4k0iiICrTdHHds4yPhY0xi0Gv9MHWk0&amp;_nc_ht=scontent.faep8-2.fna&amp;_nc_tp=6&amp;oh=1fe883cd52116725a2d2046b99b2db3f&amp;oe=5EC9851B\" alt=\"La imagen puede contener: 1 persona, texto\" width=\"474\" height=\"734\" data-src=\"https:\/\/scontent.faep8-2.fna.fbcdn.net\/v\/t1.0-0\/p480x480\/94708440_2662939903991841_3653990671712256_o.jpg?_nc_cat=104&amp;_nc_sid=8024bb&amp;_nc_oc=AQlilSwSEgZ-k3RD1KSX-m_leK00mkbWsFog4k0iiICrTdHHds4yPhY0xi0Gv9MHWk0&amp;_nc_ht=scontent.faep8-2.fna&amp;_nc_tp=6&amp;oh=1fe883cd52116725a2d2046b99b2db3f&amp;oe=5EC9851B\" \/><\/div>\n<\/div>\n<\/div>\n<\/div>\n<\/div>\n<\/div>\n<div><\/div>\n<\/div>\n<\/div>\n<div style=\"color: #1c1e21;\">\n<form id=\"u_6g_t\" class=\"commentable_item collapsed_comments\" action=\"https:\/\/www.facebook.com\/ajax\/ufi\/modify.php\" method=\"post\" data-ft=\"{&quot;tn&quot;:&quot;]&quot;}\">\n<div class=\"_4299\" style=\"color: #1c1e21;\">\n<div class=\"_5vsi\">\n<div class=\"_5ybo _1q_o _2zfm _5yhh\">\n<div class=\"_fk3\">\n<div class=\"_fk4\">\n<div id=\"u_6g_r\" class=\"_6shg\">\n<div class=\"_6shg _3-91\">\n<table class=\"uiGrid _51mz\" width=\"100%\" cellspacing=\"0\" cellpadding=\"0\">\n<tbody>\n<tr class=\"_51mx\">\n<td class=\"_51m- vMid hLeft\"><\/td>\n<\/tr>\n<\/tbody>\n<\/table>\n<\/div>\n<\/div>\n<\/div>\n<\/div>\n<\/div>\n<\/div>\n<\/div>\n<\/form>\n<\/div>\n<p style=\"text-align: center;\">\n<!-- AddThis Advanced Settings generic via filter on the_content --><!-- AddThis Share Buttons generic via filter on the_content -->","protected":false},"excerpt":{"rendered":"<p>PROGRAMA SEPTENARIO\u00a0EN HONOR DE LA VIRGEN DEL VALLE Segu\u00ed las transmisiones en\u00a0vivo\u00a0 https:\/\/www.facebook.com\/prensa.obispadocatamarca.5\/ S\u00e1bado 25 de abril:\u00a0Solemnidad de Nuestra Se\u00f1ora del Valle Mar\u00eda, Madre del [&hellip;]<!-- AddThis Advanced Settings generic via filter on get_the_excerpt --><!-- AddThis Share Buttons generic via filter on get_the_excerpt --><\/p>\n","protected":false},"author":2,"featured_media":16553,"comment_status":"open","ping_status":"open","sticky":false,"template":"","format":"standard","meta":{"footnotes":""},"categories":[5,1],"tags":[],"class_list":["post-16552","post","type-post","status-publish","format-standard","has-post-thumbnail","hentry","category-generales","category-noticiasdiocesanas"],"_links":{"self":[{"href":"https:\/\/obispadodezaratecampana.org\/index.php?rest_route=\/wp\/v2\/posts\/16552","targetHints":{"allow":["GET"]}}],"collection":[{"href":"https:\/\/obispadodezaratecampana.org\/index.php?rest_route=\/wp\/v2\/posts"}],"about":[{"href":"https:\/\/obispadodezaratecampana.org\/index.php?rest_route=\/wp\/v2\/types\/post"}],"author":[{"embeddable":true,"href":"https:\/\/obispadodezaratecampana.org\/index.php?rest_route=\/wp\/v2\/users\/2"}],"replies":[{"embeddable":true,"href":"https:\/\/obispadodezaratecampana.org\/index.php?rest_route=%2Fwp%2Fv2%2Fcomments&post=16552"}],"version-history":[{"count":2,"href":"https:\/\/obispadodezaratecampana.org\/index.php?rest_route=\/wp\/v2\/posts\/16552\/revisions"}],"predecessor-version":[{"id":16555,"href":"https:\/\/obispadodezaratecampana.org\/index.php?rest_route=\/wp\/v2\/posts\/16552\/revisions\/16555"}],"wp:featuredmedia":[{"embeddable":true,"href":"https:\/\/obispadodezaratecampana.org\/index.php?rest_route=\/wp\/v2\/media\/16553"}],"wp:attachment":[{"href":"https:\/\/obispadodezaratecampana.org\/index.php?rest_route=%2Fwp%2Fv2%2Fmedia&parent=16552"}],"wp:term":[{"taxonomy":"category","embeddable":true,"href":"https:\/\/obispadodezaratecampana.org\/index.php?rest_route=%2Fwp%2Fv2%2Fcategories&post=16552"},{"taxonomy":"post_tag","embeddable":true,"href":"https:\/\/obispadodezaratecampana.org\/index.php?rest_route=%2Fwp%2Fv2%2Ftags&post=16552"}],"curies":[{"name":"wp","href":"https:\/\/api.w.org\/{rel}","templated":true}]}}