{"id":16549,"date":"2020-04-24T11:31:35","date_gmt":"2020-04-24T14:31:35","guid":{"rendered":"http:\/\/obispadodezaratecampana.org\/?p=16549"},"modified":"2020-04-25T10:27:41","modified_gmt":"2020-04-25T13:27:41","slug":"semana-de-los-pueblos-indigenas-19-al-23-abril-2020","status":"publish","type":"post","link":"https:\/\/obispadodezaratecampana.org\/?p=16549","title":{"rendered":"Semana de los Pueblos Ind\u00edgenas 19 al 25 abril 2020"},"content":{"rendered":"<h2 style=\"text-align: center;\"><span style=\"color: #993300;\"><strong><img fetchpriority=\"high\" decoding=\"async\" class=\"alignnone  wp-image-16548\" src=\"http:\/\/obispadodezaratecampana.org\/wp-content\/uploads\/2020\/04\/93122376_3390885817605701_1946670897297358848_o-300x114.png\" alt=\"93122376_3390885817605701_1946670897297358848_o\" width=\"784\" height=\"261\" \/><\/strong><\/span><\/h2>\n<h2 style=\"text-align: center;\"><span style=\"color: #993300;\">&#8211; Video sobre la Semana de los Pueblos Ind\u00edgenas\u00a0del 19 al 25 de abril &#8211;\u00a0<\/span><\/h2>\n<h3 style=\"text-align: center;\"><em><span style=\"color: #993300;\"><strong><a title=\"Semana Pueblos Ind\u00edgenas\" href=\"https:\/\/youtu.be\/4cX-tDXJ-jA\" target=\"_blank\"><span style=\"color: #993300;\">https:\/\/youtu.be\/4cX-tDXJ-jA<\/span><\/a><\/strong><\/span><\/em><\/h3>\n<h3 style=\"text-align: center;\"><span style=\"color: #ff6600;\">Para m\u00e1s informaci\u00f3n sobre la Semana de los Pueblos Ind\u00edgenas\u00a0 el trabajo del Equipo Nacional de Pastoral Aborigen, ingresar en su p\u00e1gina web:<\/span><\/h3>\n<h3 style=\"text-align: center;\"><em><span style=\"color: #ff6600;\"><a href=\"https:\/\/www.endepa.org.ar\/?fbclid=IwAR3Cx0lFNwMpR1rNT2v5bbSD6pxlwAeKu7TkVLCBNz0srAd5Cs-Wl7ot6G4\"><span style=\"color: #ff6600;\">https:\/\/www.endepa.org.ar\/?fbclid=IwAR3Cx0lFNwMpR1rNT2v5bbSD6pxlwAeKu7TkVLCBNz0srAd5Cs-Wl7ot6G4<\/span><\/a><\/span><\/em><\/h3>\n<!-- AddThis Advanced Settings generic via filter on the_content --><!-- AddThis Share Buttons generic via filter on the_content -->","protected":false},"excerpt":{"rendered":"<p>&#8211; Video sobre la Semana de los Pueblos Ind\u00edgenas\u00a0del 19 al 25 de abril &#8211;\u00a0 https:\/\/youtu.be\/4cX-tDXJ-jA Para m\u00e1s informaci\u00f3n sobre la Semana de los Pueblos [&hellip;]<!-- AddThis Advanced Settings generic via filter on get_the_excerpt --><!-- AddThis Share Buttons generic via filter on get_the_excerpt --><\/p>\n","protected":false},"author":2,"featured_media":16548,"comment_status":"open","ping_status":"open","sticky":false,"template":"","format":"standard","meta":{"footnotes":""},"categories":[5,8],"tags":[],"class_list":["post-16549","post","type-post","status-publish","format-standard","has-post-thumbnail","hentry","category-generales","category-videos"],"_links":{"self":[{"href":"https:\/\/obispadodezaratecampana.org\/index.php?rest_route=\/wp\/v2\/posts\/16549","targetHints":{"allow":["GET"]}}],"collection":[{"href":"https:\/\/obispadodezaratecampana.org\/index.php?rest_route=\/wp\/v2\/posts"}],"about":[{"href":"https:\/\/obispadodezaratecampana.org\/index.php?rest_route=\/wp\/v2\/types\/post"}],"author":[{"embeddable":true,"href":"https:\/\/obispadodezaratecampana.org\/index.php?rest_route=\/wp\/v2\/users\/2"}],"replies":[{"embeddable":true,"href":"https:\/\/obispadodezaratecampana.org\/index.php?rest_route=%2Fwp%2Fv2%2Fcomments&post=16549"}],"version-history":[{"count":2,"href":"https:\/\/obispadodezaratecampana.org\/index.php?rest_route=\/wp\/v2\/posts\/16549\/revisions"}],"predecessor-version":[{"id":16551,"href":"https:\/\/obispadodezaratecampana.org\/index.php?rest_route=\/wp\/v2\/posts\/16549\/revisions\/16551"}],"wp:featuredmedia":[{"embeddable":true,"href":"https:\/\/obispadodezaratecampana.org\/index.php?rest_route=\/wp\/v2\/media\/16548"}],"wp:attachment":[{"href":"https:\/\/obispadodezaratecampana.org\/index.php?rest_route=%2Fwp%2Fv2%2Fmedia&parent=16549"}],"wp:term":[{"taxonomy":"category","embeddable":true,"href":"https:\/\/obispadodezaratecampana.org\/index.php?rest_route=%2Fwp%2Fv2%2Fcategories&post=16549"},{"taxonomy":"post_tag","embeddable":true,"href":"https:\/\/obispadodezaratecampana.org\/index.php?rest_route=%2Fwp%2Fv2%2Ftags&post=16549"}],"curies":[{"name":"wp","href":"https:\/\/api.w.org\/{rel}","templated":true}]}}