{"id":16544,"date":"2020-04-23T17:37:37","date_gmt":"2020-04-23T20:37:37","guid":{"rendered":"http:\/\/obispadodezaratecampana.org\/?p=16544"},"modified":"2020-04-23T17:37:37","modified_gmt":"2020-04-23T20:37:37","slug":"la-coyuntura-socio-economica-actual-producto-de-la-crisis-sanitaria-por-el-coronavirus-es-una-oportunidad","status":"publish","type":"post","link":"https:\/\/obispadodezaratecampana.org\/?p=16544","title":{"rendered":"La coyuntura socio-econ\u00f3mica actual producto de la crisis sanitaria por el coronavirus es una oportunidad"},"content":{"rendered":"<p><strong><a href=\"http:\/\/obispadodezaratecampana.org\/wp-content\/uploads\/2020\/04\/foto-lugones.jpg\"><img fetchpriority=\"high\" decoding=\"async\" class=\"alignnone size-medium wp-image-16545 aligncenter\" src=\"http:\/\/obispadodezaratecampana.org\/wp-content\/uploads\/2020\/04\/foto-lugones-300x181.jpg\" alt=\"foto lugones\" width=\"300\" height=\"181\" srcset=\"https:\/\/obispadodezaratecampana.org\/wp-content\/uploads\/2020\/04\/foto-lugones-300x181.jpg 300w, https:\/\/obispadodezaratecampana.org\/wp-content\/uploads\/2020\/04\/foto-lugones.jpg 800w\" sizes=\"(max-width: 300px) 100vw, 300px\" \/><\/a><\/strong><\/p>\n<p style=\"text-align: justify;\"><strong>Coyuntura socio-econ\u00f3mica actual: una oportunidad para la unidad<\/strong><\/p>\n<p style=\"text-align: justify;\"><strong>Comunicado de monse\u00f1or Jorge Lugones SJ, obispo de Lomas de Zamora y presidente de la Comisi\u00f3n Episcopal de Pastoral Social\u00a0 &#8211; 21 de abril de 2020-.<\/strong><\/p>\n<p style=\"text-align: justify;\">Comparte AICA<\/p>\n<p style=\"text-align: justify;\">Estamos atravesando el tiempo de Pascua, este tiempo en el que Jes\u00fas viene a acompa\u00f1arnos en el duro camino que nos toca. Un tiempo que nos obliga a buscar nuevas formas de encuentro y solidaridad en medio de las dificultades. Que nos iguala en el dolor pero que nos compromete con la ayuda a los desiguales en t\u00e9rminos de la salud, la alimentaci\u00f3n, el riesgo humano y tambi\u00e9n la supervivencia en relaci\u00f3n al trabajo y a la producci\u00f3n.<\/p>\n<p style=\"text-align: justify;\">Es un momento en el que, como dec\u00edamos al inicio de la Semana Santa, la emergencia sanitaria vino a sumarse a la delicada situaci\u00f3n de emergencia alimentaria y social que tantas hermanas y hermanos de nuestra patria vienen atravesando. Emergencia que no puede separarse de la profunda crisis econ\u00f3mica que ven\u00eda afectando a nuestros hermanos sin pan y sin trabajo; una crisis que afecta a todas las partes involucradas y que nos interpela para poder encontrar caminos de salida.<\/p>\n<p style=\"text-align: justify;\">Las grandes empresas e industrias, especialmente aquellas que debieron parar sus actividades en forma total por la pandemia, est\u00e1n tratando por todos los medios de preservar las estructuras de trabajo. Son ellas quienes tienen que seguir sosteniendo una \u00e9tica de la solidaridad que se anteponga a la l\u00f3gica de las ganancias o la especulaci\u00f3n.<\/p>\n<p style=\"text-align: justify;\">Las empresas peque\u00f1as y medianas, por su parte, intentan con much\u00edsima dificultad, encontrar caminos que les permitan mantener m\u00ednimos de producci\u00f3n y preservar empleos. Ellas est\u00e1n en la primera l\u00ednea de fuego de la subsistencia.<\/p>\n<p style=\"text-align: justify;\">Desde el Estado se ha asumido tambi\u00e9n este desaf\u00edo; se proponen y se intentan medidas de auxilio, aunque sabemos que la implementaci\u00f3n choca, en muchos casos, con las trabas de la burocracia del sistema bancario y financiero que no sigue el mismo ritmo.<\/p>\n<p style=\"text-align: justify;\">Los sindicatos est\u00e1n poniendo su mayor esfuerzo, tanto desde la defensa de las fuentes de trabajo, como igualmente comprometiendo sus recursos de infraestructura y obras sociales.<\/p>\n<p style=\"text-align: justify;\">Los movimientos populares tratan de sostener la demanda creciente de asistencia alimentaria y social por la enorme cantidad de hermanos que han perdido sus \u00fanicas fuentes de ingreso ante los emprendimientos que han debido cesar por la pandemia.<\/p>\n<p style=\"text-align: justify;\">Deseamos enviarles nuestro acompa\u00f1amiento y compromiso en este tiempo de incertidumbre, de esfuerzo, anim\u00e1ndonos a volver la mirada a Jes\u00fas Resucitado, Se\u00f1or de nuestra vida y de nuestra historia, para que sea El quien renueve nuestra esperanza y nuestra confianza de que siempre camina junto a nuestro pueblo.<\/p>\n<p style=\"text-align: justify;\">Del mismo modo queremos convocarlos a mantener la unidad dentro de los espacios de di\u00e1logo, tales como el de la Mesa de Di\u00e1logo por el Trabajo y la Vida Digna, entendiendo que estamos en una coyuntura donde la creatividad de todos debe poder ayudarnos rec\u00edprocamente. Ser\u00e1 s\u00f3lo con la participaci\u00f3n de todos los sectores, como podremos encontrar los mejores caminos de salida, ya que -como dice el Papa Francisco- \u201cestamos todos en la misma barca\u201d y s\u00f3lo saldremos juntos.<\/p>\n<p style=\"text-align: justify;\">Sabemos que ya se habla de una \u201clenta y ardua recuperaci\u00f3n de la pandemia\u201d, pero tengamos cuidado, como dijo el Papa, que no nos azote otro virus, que es el del ego\u00edsmo indiferente, el que hace que pensemos que la vida mejorar\u00e1 si nos va bien a cada uno de nosotros, descartando a \u201clos pobres e inmolando en el altar del progreso al que se queda atr\u00e1s. Esta pandemia nos recuerda que no hay diferencias ni fronteras entre los que sufren: todos somos fr\u00e1giles, iguales y valiosos\u201d.<\/p>\n<p style=\"text-align: justify;\">\u201cAprovechemos entonces esta situaci\u00f3n como una oportunidad para preparar el ma\u00f1ana de todos. Porque sin una visi\u00f3n de conjunto nadie tendr\u00e1 futuro\u201d.<\/p>\n<p style=\"text-align: justify;\">Mons. Jorge Lugones SJ, presidente de la Comisi\u00f3n Episcopal de Pastoral Social<\/p>\n<!-- AddThis Advanced Settings generic via filter on the_content --><!-- AddThis Share Buttons generic via filter on the_content -->","protected":false},"excerpt":{"rendered":"<p>Coyuntura socio-econ\u00f3mica actual: una oportunidad para la unidad Comunicado de monse\u00f1or Jorge Lugones SJ, obispo de Lomas de Zamora y presidente de la Comisi\u00f3n Episcopal [&hellip;]<!-- AddThis Advanced Settings generic via filter on get_the_excerpt --><!-- AddThis Share Buttons generic via filter on get_the_excerpt --><\/p>\n","protected":false},"author":2,"featured_media":16545,"comment_status":"open","ping_status":"open","sticky":false,"template":"","format":"standard","meta":{"footnotes":""},"categories":[5,1],"tags":[],"class_list":["post-16544","post","type-post","status-publish","format-standard","has-post-thumbnail","hentry","category-generales","category-noticiasdiocesanas"],"_links":{"self":[{"href":"https:\/\/obispadodezaratecampana.org\/index.php?rest_route=\/wp\/v2\/posts\/16544","targetHints":{"allow":["GET"]}}],"collection":[{"href":"https:\/\/obispadodezaratecampana.org\/index.php?rest_route=\/wp\/v2\/posts"}],"about":[{"href":"https:\/\/obispadodezaratecampana.org\/index.php?rest_route=\/wp\/v2\/types\/post"}],"author":[{"embeddable":true,"href":"https:\/\/obispadodezaratecampana.org\/index.php?rest_route=\/wp\/v2\/users\/2"}],"replies":[{"embeddable":true,"href":"https:\/\/obispadodezaratecampana.org\/index.php?rest_route=%2Fwp%2Fv2%2Fcomments&post=16544"}],"version-history":[{"count":1,"href":"https:\/\/obispadodezaratecampana.org\/index.php?rest_route=\/wp\/v2\/posts\/16544\/revisions"}],"predecessor-version":[{"id":16546,"href":"https:\/\/obispadodezaratecampana.org\/index.php?rest_route=\/wp\/v2\/posts\/16544\/revisions\/16546"}],"wp:featuredmedia":[{"embeddable":true,"href":"https:\/\/obispadodezaratecampana.org\/index.php?rest_route=\/wp\/v2\/media\/16545"}],"wp:attachment":[{"href":"https:\/\/obispadodezaratecampana.org\/index.php?rest_route=%2Fwp%2Fv2%2Fmedia&parent=16544"}],"wp:term":[{"taxonomy":"category","embeddable":true,"href":"https:\/\/obispadodezaratecampana.org\/index.php?rest_route=%2Fwp%2Fv2%2Fcategories&post=16544"},{"taxonomy":"post_tag","embeddable":true,"href":"https:\/\/obispadodezaratecampana.org\/index.php?rest_route=%2Fwp%2Fv2%2Ftags&post=16544"}],"curies":[{"name":"wp","href":"https:\/\/api.w.org\/{rel}","templated":true}]}}