{"id":16524,"date":"2020-04-17T19:38:06","date_gmt":"2020-04-17T22:38:06","guid":{"rendered":"http:\/\/obispadodezaratecampana.org\/?p=16524"},"modified":"2020-04-17T19:41:03","modified_gmt":"2020-04-17T22:41:03","slug":"tu-limosna-si-puede-salir-de-casa-ayuda-a-tu-comunidad-en-la-diocesis-de-zarate-campana-2","status":"publish","type":"post","link":"https:\/\/obispadodezaratecampana.org\/?p=16524","title":{"rendered":"Tu limosna s\u00ed puede salir de casa, ayuda a tu comunidad en la Di\u00f3cesis de Z\u00e1rate \u2013 Campana"},"content":{"rendered":"<h1 style=\"text-align: center;\"><span style=\"color: #333399;\">\u00a1TU LIMOSNA SI PUEDE SALIR DE CASA!<\/span><\/h1>\n<h1 style=\"text-align: center;\"><br style=\"color: #1c1e21;\" \/><span style=\"color: #333399;\">Para donar clicke\u00e1 aqu\u00ed\u00a0\u00a0\u00a0<\/span><\/h1>\n<h3 style=\"text-align: center;\"><span style=\"color: #3366ff;\"><a style=\"color: #385898;\" href=\"https:\/\/donamos.org\/zaratecampana\/aportesolidario\/?fbclid=IwAR1CPq78dENeaCAKY-_g0L6r1GHzqJD-sZzqKWL08oCioeT1xGdbaJU1zlM\" target=\"_blank\" rel=\"nofollow\" data-ft=\"{&quot;tn&quot;:&quot;-U&quot;}\" data-lynx-mode=\"async\" data-lynx-uri=\"https:\/\/l.facebook.com\/l.php?u=https%3A%2F%2Fdonamos.org%2Fzaratecampana%2Faportesolidario%2F%3Ffbclid%3DIwAR1CPq78dENeaCAKY-_g0L6r1GHzqJD-sZzqKWL08oCioeT1xGdbaJU1zlM&amp;h=AT2pkauRr0F79FmZH0N5sKLmCBAuYGDqEts3Z3uj_LBiDG2dMF_7jgtxBQGy7AJt_MTBSFMXZm-94Gyv8jDebEVE8hD-lhZG2XH95dpMphq2J6degnpY8SeJJjj1izwuqaDzK1z2ZMY736ermjqT0EWqLPR4UyV9zUqvD6J25cO3tEozCjrJaLG2kxzPCE2gNpGH4O3kTW2A02Ae8unNACgO_ULSGd0fzBWRXX42VEozHxMC6i3Gy1TEwGgF0WiAFHEvkkI2tXSZu6rWHol94li4TYYHkmJmwo2IC4u968TITxhIuS5fo9CG_T4ahCYbvk1jDGbOyr35wk3_1RQ6WKiS6ENbTl6__l7EW04-XZ6MAlulvQWCfPmfcvGT__FXAzPCD9rf-PGRgs43OrdTqq7G2yFAb_Syr68gvDEyrqZ-pRXcYLQK2VqYMSItLe0pAYNTBzEfVTS6_RIc82dx10MdA9KqHa-2Yj_Oavfgf_MHIqTuYrGWuoxPA5IGd9-YkI1FWWG3hXc-qAdbq0g5bsEjDjmRbB4_zEOoXb91gQy7bdE0wx-A4OmIcLFRiBPAOOVnqwr8e5VlDvmTDoHrBn5XK995WrtFyTJSUQM-gsNR7pihUMeQ2v8QbKsrcjisOHGJJvdy\"><span style=\"color: #3366ff;\">https:\/\/donamos.org\/zaratecampana\/aportesolidario\/<\/span><\/a>?<\/span><\/h3>\n<h3><a href=\"http:\/\/obispadodezaratecampana.org\/wp-content\/uploads\/2020\/04\/limosna.jpg\"><img fetchpriority=\"high\" decoding=\"async\" class=\"alignnone  wp-image-16518 aligncenter\" src=\"http:\/\/obispadodezaratecampana.org\/wp-content\/uploads\/2020\/04\/limosna-300x300.jpg\" alt=\"limosna\" width=\"434\" height=\"434\" srcset=\"https:\/\/obispadodezaratecampana.org\/wp-content\/uploads\/2020\/04\/limosna-300x300.jpg 300w, https:\/\/obispadodezaratecampana.org\/wp-content\/uploads\/2020\/04\/limosna-150x150.jpg 150w, https:\/\/obispadodezaratecampana.org\/wp-content\/uploads\/2020\/04\/limosna.jpg 900w\" sizes=\"(max-width: 434px) 100vw, 434px\" \/><\/a><\/h3>\n<!-- AddThis Advanced Settings generic via filter on the_content --><!-- AddThis Share Buttons generic via filter on the_content -->","protected":false},"excerpt":{"rendered":"<p>\u00a1TU LIMOSNA SI PUEDE SALIR DE CASA! Para donar clicke\u00e1 aqu\u00ed\u00a0\u00a0\u00a0 https:\/\/donamos.org\/zaratecampana\/aportesolidario\/?<!-- AddThis Advanced Settings generic via filter on get_the_excerpt --><!-- AddThis Share Buttons generic via filter on get_the_excerpt --><\/p>\n","protected":false},"author":2,"featured_media":16518,"comment_status":"open","ping_status":"open","sticky":false,"template":"","format":"standard","meta":{"footnotes":""},"categories":[5,1],"tags":[],"class_list":["post-16524","post","type-post","status-publish","format-standard","has-post-thumbnail","hentry","category-generales","category-noticiasdiocesanas"],"_links":{"self":[{"href":"https:\/\/obispadodezaratecampana.org\/index.php?rest_route=\/wp\/v2\/posts\/16524","targetHints":{"allow":["GET"]}}],"collection":[{"href":"https:\/\/obispadodezaratecampana.org\/index.php?rest_route=\/wp\/v2\/posts"}],"about":[{"href":"https:\/\/obispadodezaratecampana.org\/index.php?rest_route=\/wp\/v2\/types\/post"}],"author":[{"embeddable":true,"href":"https:\/\/obispadodezaratecampana.org\/index.php?rest_route=\/wp\/v2\/users\/2"}],"replies":[{"embeddable":true,"href":"https:\/\/obispadodezaratecampana.org\/index.php?rest_route=%2Fwp%2Fv2%2Fcomments&post=16524"}],"version-history":[{"count":1,"href":"https:\/\/obispadodezaratecampana.org\/index.php?rest_route=\/wp\/v2\/posts\/16524\/revisions"}],"predecessor-version":[{"id":16525,"href":"https:\/\/obispadodezaratecampana.org\/index.php?rest_route=\/wp\/v2\/posts\/16524\/revisions\/16525"}],"wp:featuredmedia":[{"embeddable":true,"href":"https:\/\/obispadodezaratecampana.org\/index.php?rest_route=\/wp\/v2\/media\/16518"}],"wp:attachment":[{"href":"https:\/\/obispadodezaratecampana.org\/index.php?rest_route=%2Fwp%2Fv2%2Fmedia&parent=16524"}],"wp:term":[{"taxonomy":"category","embeddable":true,"href":"https:\/\/obispadodezaratecampana.org\/index.php?rest_route=%2Fwp%2Fv2%2Fcategories&post=16524"},{"taxonomy":"post_tag","embeddable":true,"href":"https:\/\/obispadodezaratecampana.org\/index.php?rest_route=%2Fwp%2Fv2%2Ftags&post=16524"}],"curies":[{"name":"wp","href":"https:\/\/api.w.org\/{rel}","templated":true}]}}