{"id":16470,"date":"2020-01-30T12:44:05","date_gmt":"2020-01-30T15:44:05","guid":{"rendered":"http:\/\/obispadodezaratecampana.org\/?p=16470"},"modified":"2020-01-30T14:58:07","modified_gmt":"2020-01-30T17:58:07","slug":"domingo-2-de-febrero-misa-cardenal-pironio-11-hs-en-la-basilica-de-lujan","status":"publish","type":"post","link":"https:\/\/obispadodezaratecampana.org\/?p=16470","title":{"rendered":"Domingo 2 de febrero 11 hs: misa en memoria Cardenal Pironio en la Bas\u00edlica de Luj\u00e1n"},"content":{"rendered":"<p style=\"text-align: center;\"><a href=\"http:\/\/obispadodezaratecampana.org\/wp-content\/uploads\/2020\/01\/84533991_2988069834560080_8341582411666030592_o.jpg\"><img fetchpriority=\"high\" decoding=\"async\" class=\"alignnone size-medium wp-image-16471\" src=\"http:\/\/obispadodezaratecampana.org\/wp-content\/uploads\/2020\/01\/84533991_2988069834560080_8341582411666030592_o-300x300.jpg\" alt=\"84533991_2988069834560080_8341582411666030592_o\" width=\"300\" height=\"300\" srcset=\"https:\/\/obispadodezaratecampana.org\/wp-content\/uploads\/2020\/01\/84533991_2988069834560080_8341582411666030592_o-300x300.jpg 300w, https:\/\/obispadodezaratecampana.org\/wp-content\/uploads\/2020\/01\/84533991_2988069834560080_8341582411666030592_o-150x150.jpg 150w, https:\/\/obispadodezaratecampana.org\/wp-content\/uploads\/2020\/01\/84533991_2988069834560080_8341582411666030592_o-1024x1024.jpg 1024w, https:\/\/obispadodezaratecampana.org\/wp-content\/uploads\/2020\/01\/84533991_2988069834560080_8341582411666030592_o.jpg 1063w\" sizes=\"(max-width: 300px) 100vw, 300px\" \/><\/a><\/p>\n<div id=\"js_226\" class=\"_5pbx userContent _3576\" style=\"color: #1c1e21;\" data-testid=\"post_message\" data-ft=\"{&quot;tn&quot;:&quot;K&quot;}\">\n<div id=\"id_5e32ee2047d678f61267080\" class=\"text_exposed_root text_exposed\">\n<p style=\"text-align: justify;\"><span style=\"color: #993300;\"><strong>MISA EN LUJ\u00c1N EN MEMORIA DEL CARDENAL PIRONIO: Domingo 2 de febrero de 2020<\/strong><\/span><\/p>\n<p style=\"text-align: justify;\"><span style=\"color: #993300;\">Al cumplirse 22 a\u00f1os del fallecimiento del cardenal Eduardo Pironio, el pr\u00f3ximo 2 de febrero a las 11 se celebrar\u00e1 en la bas\u00edlica de Nuestra Se\u00f1ora de Luj\u00e1n una misa en su memoria y para pedir su pronta beatificaci\u00f3n.<\/span><\/p>\n<div class=\"text_exposed_show\" style=\"text-align: justify;\">\n<p><span style=\"color: #993300;\">La Eucarist\u00eda estar\u00e1 presidida por el presidente de la Conferencia Episcopal Argentina (CEA), monse\u00f1or Oscar Vicente Ojea y se enmarcar\u00e1 en las celebraciones previstas para 2020 por el centenario del nacimiento del purpurado argentino.<\/span><\/p>\n<p><span style=\"color: #993300;\">Convocan la Acci\u00f3n Cat\u00f3lica Argentina, la Conferencia Episcopal Argentina, el Departamento de Laicos, la Pontificia Universidad Cat\u00f3lica Argentina, el Instituto Pironio (Pastoral de Juventud) y el Centro Latinoamericano de Evangelizaci\u00f3n Social (CLAdeES).<\/span><\/p>\n<p><span style=\"color: #993300;\">La celebraci\u00f3n eucar\u00edstica tiene lugar en medio del proceso de beatificaci\u00f3n y busca mantener viva y actualizada la persona y la vida del cardenal Pironio, que dej\u00f3 huellas indelebles en la Iglesia argentina, latinoamericana y universal, como tambi\u00e9n la Acci\u00f3n Cat\u00f3lica.<\/span><\/p>\n<\/div>\n<\/div>\n<\/div>\n<div class=\"_3x-2\" style=\"color: #1c1e21;\" data-ft=\"{&quot;tn&quot;:&quot;H&quot;}\">\n<div data-ft=\"{&quot;tn&quot;:&quot;H&quot;}\">\n<div class=\"mtm\">\n<div>\n<div class=\"_1ktf\" style=\"text-align: justify;\" data-ft=\"{&quot;tn&quot;:&quot;E&quot;}\"><span style=\"color: #993300;\"><a class=\"_4-eo _2t9n _50z9\" style=\"color: #385898;\" href=\"https:\/\/www.facebook.com\/ComisionEpiscopaldeComunicacionSocial\/photos\/a.1647926895420753\/2554998298046937\/?type=3&amp;eid=ARDxT6ybsNwqEEkcXdOpInZL68vppOx3mm6HdEtdDMCM2doLWIcGaxkp8CdidXjNWZeQBV3f3jGM9zGk&amp;__xts__%5B0%5D=68.ARCTIIyWdIEG5qIPHuLbpLTCSQpplEeLlAaCtg7Xf78Pn81SgDc2vru6obQ25LEsl-pIK687yGuzcq2SSPtCRP5OOx26RiFTsznzH8G1agKiZnb_7Pz2v21J5f3gtWh_-ai42RuIhwiI6du2xw7Idh-5IB97izauNNyLvmcoSHHxGfvxT3MwuqhfjF0tfBBGxK76EKu6zx3ItgKLOhq2gSpDY9Yjbsuyqnvt6E0z4P49C8LBRsg8GhnlDBkzn2CKkGTeOJrbUASdyl3t0nCsksi8pjtsfDbN1m0ktM-dMLOEp5PO6LFpdeHWs2AJ5gCUIu7rfod5JSJbLPekudPfJ6HIyfLL&amp;__tn__=EEHH-R\" rel=\"theater\" data-ploi=\"https:\/\/scontent-eze1-1.xx.fbcdn.net\/v\/t1.0-9\/83421587_2554998301380270_4468689849720766464_o.jpg?_nc_cat=100&amp;_nc_oc=AQmoL_v2NKeFs8KHg8q1Rqqy52FHverEgRVFYSy4meI0hnkA-hPYO3MtkbnJ1JDT7K4&amp;_nc_ht=scontent-eze1-1.xx&amp;oh=4db7bd79ff91c6075fcb525ae8cd5f23&amp;oe=5ED9192E\" data-plsi=\"https:\/\/scontent-eze1-1.xx.fbcdn.net\/v\/t1.0-9\/p960x960\/83421587_2554998301380270_4468689849720766464_o.jpg?_nc_cat=100&amp;_nc_oc=AQmoL_v2NKeFs8KHg8q1Rqqy52FHverEgRVFYSy4meI0hnkA-hPYO3MtkbnJ1JDT7K4&amp;_nc_ht=scontent-eze1-1.xx&amp;_nc_tp=6&amp;oh=5ea726076902c0cc7762ee8ce4367d56&amp;oe=5ECA8499\" data-render-location=\"homepage_stream\" data-ft=\"{&quot;tn&quot;:&quot;E&quot;}\"><span style=\"color: #993300;\">\u00a0<\/span><\/a><\/span><\/div>\n<div class=\"_1ktf\" data-ft=\"{&quot;tn&quot;:&quot;E&quot;}\"><\/div>\n<\/div>\n<\/div>\n<\/div>\n<\/div>\n<!-- AddThis Advanced Settings generic via filter on the_content --><!-- AddThis Share Buttons generic via filter on the_content -->","protected":false},"excerpt":{"rendered":"<p>MISA EN LUJ\u00c1N EN MEMORIA DEL CARDENAL PIRONIO: Domingo 2 de febrero de 2020 Al cumplirse 22 a\u00f1os del fallecimiento del cardenal Eduardo Pironio, el [&hellip;]<!-- AddThis Advanced Settings generic via filter on get_the_excerpt --><!-- AddThis Share Buttons generic via filter on get_the_excerpt --><\/p>\n","protected":false},"author":2,"featured_media":16471,"comment_status":"open","ping_status":"open","sticky":false,"template":"","format":"standard","meta":{"footnotes":""},"categories":[5,1],"tags":[],"class_list":["post-16470","post","type-post","status-publish","format-standard","has-post-thumbnail","hentry","category-generales","category-noticiasdiocesanas"],"_links":{"self":[{"href":"https:\/\/obispadodezaratecampana.org\/index.php?rest_route=\/wp\/v2\/posts\/16470","targetHints":{"allow":["GET"]}}],"collection":[{"href":"https:\/\/obispadodezaratecampana.org\/index.php?rest_route=\/wp\/v2\/posts"}],"about":[{"href":"https:\/\/obispadodezaratecampana.org\/index.php?rest_route=\/wp\/v2\/types\/post"}],"author":[{"embeddable":true,"href":"https:\/\/obispadodezaratecampana.org\/index.php?rest_route=\/wp\/v2\/users\/2"}],"replies":[{"embeddable":true,"href":"https:\/\/obispadodezaratecampana.org\/index.php?rest_route=%2Fwp%2Fv2%2Fcomments&post=16470"}],"version-history":[{"count":3,"href":"https:\/\/obispadodezaratecampana.org\/index.php?rest_route=\/wp\/v2\/posts\/16470\/revisions"}],"predecessor-version":[{"id":16474,"href":"https:\/\/obispadodezaratecampana.org\/index.php?rest_route=\/wp\/v2\/posts\/16470\/revisions\/16474"}],"wp:featuredmedia":[{"embeddable":true,"href":"https:\/\/obispadodezaratecampana.org\/index.php?rest_route=\/wp\/v2\/media\/16471"}],"wp:attachment":[{"href":"https:\/\/obispadodezaratecampana.org\/index.php?rest_route=%2Fwp%2Fv2%2Fmedia&parent=16470"}],"wp:term":[{"taxonomy":"category","embeddable":true,"href":"https:\/\/obispadodezaratecampana.org\/index.php?rest_route=%2Fwp%2Fv2%2Fcategories&post=16470"},{"taxonomy":"post_tag","embeddable":true,"href":"https:\/\/obispadodezaratecampana.org\/index.php?rest_route=%2Fwp%2Fv2%2Ftags&post=16470"}],"curies":[{"name":"wp","href":"https:\/\/api.w.org\/{rel}","templated":true}]}}