{"id":16443,"date":"2020-01-05T09:05:13","date_gmt":"2020-01-05T12:05:13","guid":{"rendered":"http:\/\/obispadodezaratecampana.org\/?p=16443"},"modified":"2020-01-05T10:26:44","modified_gmt":"2020-01-05T13:26:44","slug":"ano-2020-colectas-imperadas","status":"publish","type":"post","link":"https:\/\/obispadodezaratecampana.org\/?p=16443","title":{"rendered":"A\u00f1o 2020: Colectas Imperadas"},"content":{"rendered":"<p><span style=\"color: #800080;\"><strong>Fechas Colectas Imperadas 2020 &#8211; Di\u00f3cesis Z\u00e1rate &#8211; Campana\u00a0<\/strong><\/span><\/p>\n<p><span style=\"color: #800080;\"><strong>Colecta Misiones en \u00c1frica<\/strong>\u00a0este a\u00f1o se lleva a cabo el s\u00e1bado 4 y domingo 5 de enero, fin de semana pr\u00f3ximo al 6 de enero, Fiesta de la Epifan\u00eda del Se\u00f1or. Es para sostener la acci\u00f3n evangelizadora de la Iglesia en el Continente Africano.\u00a0\u00a0<\/span><\/p>\n<p><span style=\"color: #800080;\"><strong>Colecta Tierra Santa<\/strong>\u00a0viernes 10 de abril: se realiza el Viernes Santo y est\u00e1 destinada al sostenimiento de los lugares santos.<\/span><\/p>\n<p><span style=\"color: #800080;\"><strong>Colecta Buen Pastor<\/strong>\u00a0domingo 3 de mayo: se lleva a cabo el 4to Domingo de Pascua, coincidente con el Domingo del Buen Pastor. Se destina al sostenimiento de nuestro Seminario Diocesano San Pedro y San Pablo.<\/span><\/p>\n<p><span style=\"color: #800080;\"><strong>Colecta C\u00e1ritas<\/strong>\u00a0 s\u00e1bado 13 y domingo 14 de junio: la colecta se divide en tres partes iguales: un tercio queda para C\u00e1ritas parroquial, y los otros dos tercios se entregan a C\u00e1ritas diocesana, quien se encargar\u00e1 de enviar los fondos a C\u00e1ritas nacional.<\/span><\/p>\n<p><em><span style=\"color: #800080;\">Desde el a\u00f1o 2005: la administraci\u00f3n del Obispado de Z\u00e1rate \u2013 Campana no recibe el importe de esta Colecta.<\/span><\/em><\/p>\n<p><span style=\"color: #800080;\"><strong>Colecta Servicio Universal de la Iglesia<\/strong>\u00a0domingo 5 de julio: se la conoce tambi\u00e9n con su antigua denominaci\u00f3n \u2013 \u00d3bolo de San Pedro &#8211; . Es la ofrenda que la iglesia universal hace al Santo Padre para sus obras de Caridad. Se celebra el 29 de junio solemnidad de San Pedro y San Pablo, o el domingo m\u00e1s pr\u00f3ximo.<\/span><\/p>\n<p><span style=\"color: #800080;\"><strong>Colecta M\u00e1s por Menos<\/strong>\u00a0domingo 13 de septiembre: Segundo domingo de septiembre. Est\u00e1 destinada a ayudar a las regiones m\u00e1s necesitadas del pa\u00eds.<\/span><\/p>\n<p><span style=\"color: #800080;\"><strong>Colecta Misiones Universales<\/strong>\u00a0domingo 11 de octubre: Segundo Domingo de octubre.<\/span><\/p>\n<p><span style=\"color: #800080;\"><strong>Colecta Migrantes<\/strong>\u00a0 domingo 29 de noviembre: Primer Domingo de Adviento.\u00a0<\/span><\/p>\n<p>&nbsp;<\/p>\n<!-- AddThis Advanced Settings generic via filter on the_content --><!-- AddThis Share Buttons generic via filter on the_content -->","protected":false},"excerpt":{"rendered":"<p>Fechas Colectas Imperadas 2020 &#8211; Di\u00f3cesis Z\u00e1rate &#8211; Campana\u00a0 Colecta Misiones en \u00c1frica\u00a0este a\u00f1o se lleva a cabo el s\u00e1bado 4 y domingo 5 de [&hellip;]<!-- AddThis Advanced Settings generic via filter on get_the_excerpt --><!-- AddThis Share Buttons generic via filter on get_the_excerpt --><\/p>\n","protected":false},"author":2,"featured_media":16445,"comment_status":"open","ping_status":"open","sticky":false,"template":"","format":"standard","meta":{"footnotes":""},"categories":[169,1],"tags":[],"class_list":["post-16443","post","type-post","status-publish","format-standard","has-post-thumbnail","hentry","category-calendario","category-noticiasdiocesanas"],"_links":{"self":[{"href":"https:\/\/obispadodezaratecampana.org\/index.php?rest_route=\/wp\/v2\/posts\/16443","targetHints":{"allow":["GET"]}}],"collection":[{"href":"https:\/\/obispadodezaratecampana.org\/index.php?rest_route=\/wp\/v2\/posts"}],"about":[{"href":"https:\/\/obispadodezaratecampana.org\/index.php?rest_route=\/wp\/v2\/types\/post"}],"author":[{"embeddable":true,"href":"https:\/\/obispadodezaratecampana.org\/index.php?rest_route=\/wp\/v2\/users\/2"}],"replies":[{"embeddable":true,"href":"https:\/\/obispadodezaratecampana.org\/index.php?rest_route=%2Fwp%2Fv2%2Fcomments&post=16443"}],"version-history":[{"count":10,"href":"https:\/\/obispadodezaratecampana.org\/index.php?rest_route=\/wp\/v2\/posts\/16443\/revisions"}],"predecessor-version":[{"id":16455,"href":"https:\/\/obispadodezaratecampana.org\/index.php?rest_route=\/wp\/v2\/posts\/16443\/revisions\/16455"}],"wp:featuredmedia":[{"embeddable":true,"href":"https:\/\/obispadodezaratecampana.org\/index.php?rest_route=\/wp\/v2\/media\/16445"}],"wp:attachment":[{"href":"https:\/\/obispadodezaratecampana.org\/index.php?rest_route=%2Fwp%2Fv2%2Fmedia&parent=16443"}],"wp:term":[{"taxonomy":"category","embeddable":true,"href":"https:\/\/obispadodezaratecampana.org\/index.php?rest_route=%2Fwp%2Fv2%2Fcategories&post=16443"},{"taxonomy":"post_tag","embeddable":true,"href":"https:\/\/obispadodezaratecampana.org\/index.php?rest_route=%2Fwp%2Fv2%2Ftags&post=16443"}],"curies":[{"name":"wp","href":"https:\/\/api.w.org\/{rel}","templated":true}]}}