{"id":16438,"date":"2019-12-24T20:46:35","date_gmt":"2019-12-24T23:46:35","guid":{"rendered":"http:\/\/obispadodezaratecampana.org\/?p=16438"},"modified":"2019-12-24T21:01:36","modified_gmt":"2019-12-25T00:01:36","slug":"el-papa-se-ha-manifestado-la-gracia-de-dios-que-salva-al-mundo","status":"publish","type":"post","link":"https:\/\/obispadodezaratecampana.org\/?p=16438","title":{"rendered":"El Papa: \u201cSe ha manifestado la gracia de Dios que salva al mundo\u201d"},"content":{"rendered":"<h2 class=\"article__title\" style=\"font-weight: bold; color: #373737; text-align: justify;\"><span style=\"color: #333399;\">El Papa: \u201cSe ha manifestado la gracia de Dios que salva al mundo\u201d<\/span><\/h2>\n<p style=\"text-align: center;\"><a href=\"http:\/\/obispadodezaratecampana.org\/wp-content\/uploads\/2019\/12\/cq5dam.thumbnail.cropped.750.422.jpeg\"><img fetchpriority=\"high\" decoding=\"async\" class=\"alignnone size-medium wp-image-16439\" src=\"http:\/\/obispadodezaratecampana.org\/wp-content\/uploads\/2019\/12\/cq5dam.thumbnail.cropped.750.422-300x168.jpeg\" alt=\"cq5dam.thumbnail.cropped.750.422\" width=\"300\" height=\"168\" srcset=\"https:\/\/obispadodezaratecampana.org\/wp-content\/uploads\/2019\/12\/cq5dam.thumbnail.cropped.750.422-300x168.jpeg 300w, https:\/\/obispadodezaratecampana.org\/wp-content\/uploads\/2019\/12\/cq5dam.thumbnail.cropped.750.422.jpeg 750w\" sizes=\"(max-width: 300px) 100vw, 300px\" \/><\/a><\/p>\n<div class=\"article__subTitle\" style=\"font-weight: 300; color: #646464; text-align: justify;\"><span style=\"color: #333399;\">\u00abEl pueblo que caminaba en tinieblas vio una luz grande\u00bb \u2026 mientras los pastores velaban de noche en sus campos, \u00abla gloria del Se\u00f1or los envolvi\u00f3 de claridad\u00bb, esta claridad nos la sugiere el ap\u00f3stol Pablo, que nos dijo: \u00abSe ha manifestado la gracia de Dios\u00bb. La gracia de Dios, \u00abque trae la salvaci\u00f3n para todos los hombres\u00bb, ha envuelto al mundo esta noche. Palabras del Papa en su homil\u00eda: \u201c\u00a1Humanidad, Dios te ama, se hizo hombre por ti, ya no est\u00e1s sola! Antes de ir en busca de Dios, dej\u00e9monos buscar por \u00c9l\u201d.<\/span><\/div>\n<div class=\"title__separator\" style=\"font-weight: 300; color: #373737; text-align: justify;\"><span style=\"color: #333399;\">\u00a0<\/span><\/div>\n<div class=\"title__separator\" style=\"font-weight: 300; color: #373737; text-align: justify;\"><span style=\"color: #333399;\">Patricia Ynestroza-Ciudad del Vaticano, Vatican News\u00a0<\/span><\/div>\n<div class=\"article__text\" style=\"font-weight: 300; color: #373737;\">\n<p style=\"text-align: justify;\"><span style=\"color: #333399;\">\u00abSe ha manifestado la gracia de Dios\u00bb. La gracia de Dios, \u00abque trae la salvaci\u00f3n para todos los hombres\u00bb, ha envuelto al mundo esta noche. Con estas palabras el Papa Francisco dio inicio a su homil\u00eda, y ha afirmado que esta gracia es el amor divino, el amor que transforma la vida, renueva la historia, libera del mal, infunde paz y alegr\u00eda.<\/span><\/p>\n<p style=\"text-align: justify;\"><span style=\"color: #333399;\">El Papa hoy nos pide que acojamos esta gracia, este don. Antes de ir en busca de Dios, dej\u00e9monos buscar por \u00c9l. No partamos de nuestras capacidades, sino de su gracia, porque \u00c9l es Jes\u00fas, el Salvador. Lo que sale mal en la vida, lo que no funciona en la Iglesia, lo que no va bien en el mundo ya no ser\u00e1 una justificaci\u00f3n. Pasar\u00e1 a un segundo plano, porque frente al amor excesivo de Jes\u00fas, que es todo mansedumbre y cercan\u00eda, no hay excusas. La pregunta que surge en Navidad es: \u201c\u00bfMe dejo amar por Dios? \u00bfMe abandono a su amor que viene a salvarme?\u201d.<\/span><\/p>\n<h2 style=\"font-weight: 500; text-align: justify;\"><span style=\"color: #333399;\"><b style=\"font-weight: bolder;\">\u201cAcerqu\u00e9monos al pesebre para agradecer\u201d<\/b><\/span><\/h2>\n<p style=\"text-align: justify;\"><span style=\"color: #333399;\">\u00a0El Papa pidi\u00f3 a cada uno acercarse al pesebre para agradecer, acojamos el don que es Jes\u00fas, para luego transformarnos en don como Jes\u00fas. Convertirse en don es dar sentido a la vida y es la mejor manera de cambiar el mundo: cambiamos nosotros, cambia la Iglesia, cambia la historia cuando comenzamos a no querer cambiar a los otros, sino a nosotros mismos, haciendo de nuestra vida un don.<\/span><\/p>\n<p style=\"text-align: justify;\"><span style=\"color: #333399;\">\u201cJes\u00fas nos lo manifiesta esta noche. No cambi\u00f3 la historia constri\u00f1endo a alguien o a fuerza de palabras, sino con el don de su vida. No esper\u00f3 a que fu\u00e9ramos buenos para amarnos, sino que se dio a nosotros gratuitamente. Tampoco nosotros podemos esperar que el pr\u00f3jimo cambie para hacerle el bien, que la Iglesia sea perfecta para amarla, que los dem\u00e1s nos tengan consideraci\u00f3n para servirlos. Empecemos nosotros. As\u00ed es como se acoge el don de la gracia. Y la santidad no es sino custodiar esta gratuidad\u201d.<\/span><\/p>\n<h2 style=\"font-weight: 500; text-align: justify;\"><span style=\"color: #333399;\"><b style=\"font-weight: bolder;\">\u201cSe ha manifestado la gracia de Dios\u201d<\/b><\/span><\/h2>\n<p style=\"text-align: justify;\"><span style=\"color: #333399;\">En esta noche, dijo, el amor de Dios se ha mostrado a nosotros: es Jes\u00fas. En Jes\u00fas, el Alt\u00edsimo se hizo peque\u00f1o para ser amado por nosotros. \u201cY aunque no est\u00e1bamos a la altura, \u00c9l se hizo peque\u00f1ez para nosotros; mientras and\u00e1bamos ocupados en nuestros asuntos, \u00c9l vino entre nosotros\u201d, se\u00f1al\u00f3, la Navidad nos recuerda que Dios sigue amando a cada hombre, incluso al peor, dijo Francisco, a m\u00ed, a ti, a cada uno de nosotros, \u00c9l nos dice hoy<i>:<\/i>\u00a0\u201cTe amo y siempre te amar\u00e9, eres precioso a mis ojos\u201d.<\/span><\/p>\n<p style=\"text-align: justify;\"><span style=\"color: #333399;\">Porque como dijo el Papa Dios no te ama porque piensas correctamente y te comportas bien; \u00c9l te ama y basta. Su amor es incondicional, no depende de ti. Puede que tengas ideas equivocadas, que hayas hecho de las tuyas; sin embargo, \u201cel Se\u00f1or no deja de amarte. \u00bfCu\u00e1ntas veces pensamos que Dios es bueno si nosotros somos buenos, y que nos castiga si somos malos? Pero no es as\u00ed. Aun en nuestros pecados contin\u00faa am\u00e1ndonos. Su amor no cambia, no es quisquilloso; es fiel, es paciente\u201d.<\/span><\/p>\n<p style=\"text-align: justify;\"><span style=\"color: #333399;\">Y este es el regalo que encontramos en Navidad: descubrimos con asombro que el Se\u00f1or es toda la gratuidad posible, toda la ternura posible. Su gloria no nos deslumbra, dijo, su presencia no nos asusta. Naci\u00f3 pobre de todo, para conquistarnos con la riqueza de su amor.<\/span><\/p>\n<h2 style=\"font-weight: 500; text-align: justify;\"><span style=\"color: #333399;\"><b style=\"font-weight: bolder;\">\u201cLa gracia de Dios es belleza del amor de Dios\u201d<\/b><\/span><\/h2>\n<p style=\"text-align: justify;\"><span style=\"color: #333399;\">Pero tambi\u00e9n el Pont\u00edfice afirm\u00f3 que la gracia es sin\u00f3nimo de belleza, de la belleza del amor de Dios. \u00a0Porque somos\u00a0<i>los amados de Dios<\/i>. En el bien y en el mal, en la salud y en la enfermedad, felices o tristes, a sus ojos nos vemos hermosos: no por lo que hacemos sino por lo que somos.<\/span><\/p>\n<p style=\"text-align: justify;\"><span style=\"color: #333399;\">\u201cDe hecho, la \u00abgran alegr\u00eda\u00bb anunciada a los pastores esta noche es \u00abpara todo el pueblo\u00bb. En aquellos pastores, que ciertamente no eran santos, tambi\u00e9n estamos nosotros, con nuestras flaquezas y debilidades\u201d.<\/span><\/p>\n<p style=\"text-align: justify;\"><span style=\"color: #333399;\">Y nos dijo el Papa que, en las noches de la vida, a nosotros como a ellos nos dice: \u00abNo tem\u00e1is\u00bb. \u00a1\u00c1nimo, no hay que perder la confianza, no hay que perder la esperanza, no hay que pensar que amar es tiempo perdido! En esta noche, el amor venci\u00f3 al miedo, apareci\u00f3 una nueva esperanza, la luz amable de Dios venci\u00f3 la oscuridad de la arrogancia humana. \u00a1Humanidad, Dios te ama, se hizo hombre por ti, ya no est\u00e1s sola!<\/span><\/p>\n<p style=\"text-align: justify;\"><span style=\"color: #333399;\">\u201cUn regalo as\u00ed, tan grande, merece mucha gratitud. Acoger la gracia es saber\u00a0<i>agradecer<\/i>. Pero nuestras vidas a menudo transcurren lejos de la gratitud\u201d.<\/span><\/p>\n<h2 style=\"font-weight: 500; text-align: justify;\"><span style=\"color: #333399;\"><b style=\"font-weight: bolder;\">Una hermosa leyenda<\/b><\/span><\/h2>\n<p style=\"text-align: justify;\"><span style=\"color: #333399;\">No veas tus manos vac\u00edas, dijo el Papa, acoge la gracia, y lo dijo narrando una hermosa leyenda que cuenta que, cuando Jes\u00fas naci\u00f3, los pastores corr\u00edan hacia la gruta llevando muchos regalos&#8230; Pero mientras todos los pastores se esforzaban, con generosidad, en llevar lo mejor, hab\u00eda uno que no ten\u00eda nada. Era muy pobre, no ten\u00eda nada que ofrecer. Y mientras los dem\u00e1s compet\u00edan en presentar sus regalos, \u00e9l se manten\u00eda apartado, con verg\u00fcenza.<\/span><\/p>\n<p style=\"text-align: justify;\"><span style=\"color: #333399;\">En un determinado momento, san Jos\u00e9 y la Virgen se vieron en dificultad para recibir todos los regalos, sobre todo Mar\u00eda, que deb\u00eda tener en brazos al Ni\u00f1o. Entonces, dijo Francisco, viendo a aquel pastor con las manos vac\u00edas, le pidi\u00f3 que se acercara. Y le puso a Jes\u00fas en sus manos. El pastor, tom\u00e1ndolo, se dio cuenta de que hab\u00eda recibido lo que no se merec\u00eda, que ten\u00eda entre sus brazos el regalo m\u00e1s grande de la historia. Se mir\u00f3 las manos, y esas manos que le parec\u00edan siempre vac\u00edas se hab\u00edan convertido en la cuna de Dios. Se sinti\u00f3 amado y, superando la verg\u00fcenza, comenz\u00f3 a mostrar a Jes\u00fas a los otros, porque no pod\u00eda s\u00f3lo quedarse para \u00e9l el regalo de los regalos.<\/span><\/p>\n<p style=\"text-align: justify;\"><span style=\"color: #333399;\">\u201cQuerido hermano, querida hermana: Si tus manos te parecen vac\u00edas, si ves tu coraz\u00f3n pobre en amor, esta noche es para ti.\u00a0<i>Se ha manifestado la gracia de Dios<\/i>\u00a0para resplandecer en tu vida. Ac\u00f3gela y brillar\u00e1 en ti la luz de la Navidad\u201d.<\/span><\/p>\n<\/div>\n<!-- AddThis Advanced Settings generic via filter on the_content --><!-- AddThis Share Buttons generic via filter on the_content -->","protected":false},"excerpt":{"rendered":"<p>El Papa: \u201cSe ha manifestado la gracia de Dios que salva al mundo\u201d \u00abEl pueblo que caminaba en tinieblas vio una luz grande\u00bb \u2026 mientras [&hellip;]<!-- AddThis Advanced Settings generic via filter on get_the_excerpt --><!-- AddThis Share Buttons generic via filter on get_the_excerpt --><\/p>\n","protected":false},"author":2,"featured_media":16439,"comment_status":"open","ping_status":"open","sticky":false,"template":"","format":"standard","meta":{"footnotes":""},"categories":[161,1],"tags":[],"class_list":["post-16438","post","type-post","status-publish","format-standard","has-post-thumbnail","hentry","category-el-papa-leonxiv","category-noticiasdiocesanas"],"_links":{"self":[{"href":"https:\/\/obispadodezaratecampana.org\/index.php?rest_route=\/wp\/v2\/posts\/16438","targetHints":{"allow":["GET"]}}],"collection":[{"href":"https:\/\/obispadodezaratecampana.org\/index.php?rest_route=\/wp\/v2\/posts"}],"about":[{"href":"https:\/\/obispadodezaratecampana.org\/index.php?rest_route=\/wp\/v2\/types\/post"}],"author":[{"embeddable":true,"href":"https:\/\/obispadodezaratecampana.org\/index.php?rest_route=\/wp\/v2\/users\/2"}],"replies":[{"embeddable":true,"href":"https:\/\/obispadodezaratecampana.org\/index.php?rest_route=%2Fwp%2Fv2%2Fcomments&post=16438"}],"version-history":[{"count":3,"href":"https:\/\/obispadodezaratecampana.org\/index.php?rest_route=\/wp\/v2\/posts\/16438\/revisions"}],"predecessor-version":[{"id":16442,"href":"https:\/\/obispadodezaratecampana.org\/index.php?rest_route=\/wp\/v2\/posts\/16438\/revisions\/16442"}],"wp:featuredmedia":[{"embeddable":true,"href":"https:\/\/obispadodezaratecampana.org\/index.php?rest_route=\/wp\/v2\/media\/16439"}],"wp:attachment":[{"href":"https:\/\/obispadodezaratecampana.org\/index.php?rest_route=%2Fwp%2Fv2%2Fmedia&parent=16438"}],"wp:term":[{"taxonomy":"category","embeddable":true,"href":"https:\/\/obispadodezaratecampana.org\/index.php?rest_route=%2Fwp%2Fv2%2Fcategories&post=16438"},{"taxonomy":"post_tag","embeddable":true,"href":"https:\/\/obispadodezaratecampana.org\/index.php?rest_route=%2Fwp%2Fv2%2Ftags&post=16438"}],"curies":[{"name":"wp","href":"https:\/\/api.w.org\/{rel}","templated":true}]}}