{"id":16426,"date":"2019-12-24T13:03:50","date_gmt":"2019-12-24T16:03:50","guid":{"rendered":"http:\/\/obispadodezaratecampana.org\/?p=16426"},"modified":"2019-12-24T13:03:50","modified_gmt":"2019-12-24T16:03:50","slug":"feliz-y-santa-navidad-monsenor-pedro-laxague","status":"publish","type":"post","link":"https:\/\/obispadodezaratecampana.org\/?p=16426","title":{"rendered":"\u00a1Feliz y Santa Navidad! Monse\u00f1or Pedro Laxague"},"content":{"rendered":"<p style=\"text-align: center;\">\n<address style=\"text-align: center;\"><img fetchpriority=\"high\" decoding=\"async\" class=\"alignnone size-medium wp-image-16427\" src=\"http:\/\/obispadodezaratecampana.org\/wp-content\/uploads\/2019\/12\/Saludo-Navidad-2019-Pedro-Laxague-300x212.png\" alt=\"Saludo Navidad 2019 Pedro Laxague\" width=\"300\" height=\"212\" srcset=\"https:\/\/obispadodezaratecampana.org\/wp-content\/uploads\/2019\/12\/Saludo-Navidad-2019-Pedro-Laxague-300x212.png 300w, https:\/\/obispadodezaratecampana.org\/wp-content\/uploads\/2019\/12\/Saludo-Navidad-2019-Pedro-Laxague-1024x726.png 1024w, https:\/\/obispadodezaratecampana.org\/wp-content\/uploads\/2019\/12\/Saludo-Navidad-2019-Pedro-Laxague.png 1747w\" sizes=\"(max-width: 300px) 100vw, 300px\" \/><\/address>\n<address style=\"text-align: center;\">\u00a0<\/address>\n<address style=\"text-align: center;\"><span style=\"color: rgb(0, 128, 0);\">&#8221; El nacimiento de un ni\u00f1o suscita alegr\u00eda y asombro, porque nos pone ante el gran misterio de la vida. Viendo brillar los ojos de los j\u00f3venes esposos ante su hijo reci\u00e9n nacido, entendemos los sentimientos de Mar\u00eda y Jos\u00e9 que, mirando al ni\u00f1o Jes\u00fas,\u00a0\u00a0percib\u00edan la presencia de Dios\u00a0en sus vidas.&#8221;\u00a0P\u00e1rrafo 8, El hermoso signo del Pesebre &#8211; Papa Francisco<\/span><\/address>\n<p style=\"text-align: center;\"><span style=\"color: #993300;\">Agradezco la cercan\u00eda, oraciones y saludos por los 13 a\u00f1os de mi\u00a0Ordenaci\u00f3n Episcopal y el 4to. aniversario de ser Pastor\u00a0de esta di\u00f3cesis.<\/span><\/p>\n<p class=\"N-ZiCg direction-ltr align-center para-style-body\" style=\"color: rgb(255, 255, 255); text-align: center;\"><span style=\"color: #993300;\">\u00a1Les deseo una Feliz y Santa Navidad!<\/span><\/p>\n<p class=\"N-ZiCg direction-ltr align-center para-style-body\" style=\"color: rgb(255, 255, 255); text-align: center;\"><span style=\"color: #993300;\">+ Pedro Laxague<\/span><br \/>\n<span style=\"color: #993300;\">Obispo de Z\u00e1rate &#8211; Campana<\/span><\/p>\n<!-- AddThis Advanced Settings generic via filter on the_content --><!-- AddThis Share Buttons generic via filter on the_content -->","protected":false},"excerpt":{"rendered":"<p>\u00a0 &#8221; El nacimiento de un ni\u00f1o suscita alegr\u00eda y asombro, porque nos pone ante el gran misterio de la vida. Viendo brillar los ojos [&hellip;]<!-- AddThis Advanced Settings generic via filter on get_the_excerpt --><!-- AddThis Share Buttons generic via filter on get_the_excerpt --><\/p>\n","protected":false},"author":2,"featured_media":16427,"comment_status":"open","ping_status":"open","sticky":false,"template":"","format":"standard","meta":{"footnotes":""},"categories":[5,1],"tags":[],"class_list":["post-16426","post","type-post","status-publish","format-standard","has-post-thumbnail","hentry","category-generales","category-noticiasdiocesanas"],"_links":{"self":[{"href":"https:\/\/obispadodezaratecampana.org\/index.php?rest_route=\/wp\/v2\/posts\/16426","targetHints":{"allow":["GET"]}}],"collection":[{"href":"https:\/\/obispadodezaratecampana.org\/index.php?rest_route=\/wp\/v2\/posts"}],"about":[{"href":"https:\/\/obispadodezaratecampana.org\/index.php?rest_route=\/wp\/v2\/types\/post"}],"author":[{"embeddable":true,"href":"https:\/\/obispadodezaratecampana.org\/index.php?rest_route=\/wp\/v2\/users\/2"}],"replies":[{"embeddable":true,"href":"https:\/\/obispadodezaratecampana.org\/index.php?rest_route=%2Fwp%2Fv2%2Fcomments&post=16426"}],"version-history":[{"count":1,"href":"https:\/\/obispadodezaratecampana.org\/index.php?rest_route=\/wp\/v2\/posts\/16426\/revisions"}],"predecessor-version":[{"id":16428,"href":"https:\/\/obispadodezaratecampana.org\/index.php?rest_route=\/wp\/v2\/posts\/16426\/revisions\/16428"}],"wp:featuredmedia":[{"embeddable":true,"href":"https:\/\/obispadodezaratecampana.org\/index.php?rest_route=\/wp\/v2\/media\/16427"}],"wp:attachment":[{"href":"https:\/\/obispadodezaratecampana.org\/index.php?rest_route=%2Fwp%2Fv2%2Fmedia&parent=16426"}],"wp:term":[{"taxonomy":"category","embeddable":true,"href":"https:\/\/obispadodezaratecampana.org\/index.php?rest_route=%2Fwp%2Fv2%2Fcategories&post=16426"},{"taxonomy":"post_tag","embeddable":true,"href":"https:\/\/obispadodezaratecampana.org\/index.php?rest_route=%2Fwp%2Fv2%2Ftags&post=16426"}],"curies":[{"name":"wp","href":"https:\/\/api.w.org\/{rel}","templated":true}]}}