{"id":16415,"date":"2019-11-09T18:33:03","date_gmt":"2019-11-09T21:33:03","guid":{"rendered":"http:\/\/obispadodezaratecampana.org\/?p=16415"},"modified":"2019-11-09T18:33:03","modified_gmt":"2019-11-09T21:33:03","slug":"ordenacion-diaconal-de-martin-evangelista","status":"publish","type":"post","link":"https:\/\/obispadodezaratecampana.org\/?p=16415","title":{"rendered":"Ordenaci\u00f3n Diaconal de Mart\u00edn Evangelista"},"content":{"rendered":"<h4 style=\"text-align: center;\"><span style=\"color: #666699;\"><em>La Iglesia de Z\u00e1rate &#8211; Campana invita con gran alegr\u00eda<\/em><\/span><\/h4>\n<h2 style=\"text-align: center;\"><span style=\"color: #003366;\">Nuestro Obispo Pedro Laxague ordenar\u00e1 <\/span><\/h2>\n<h2 style=\"text-align: center;\"><span style=\"color: #003366;\">Di\u00e1cono al Ac\u00f3lito Mart\u00edn Evangelista<\/span><\/h2>\n<h2 style=\"text-align: center;\"><span style=\"color: #003366;\">S\u00e1bado 14 de diciembre a las 11 hs<\/span><\/h2>\n<p style=\"text-align: center;\"><span style=\"color: #333399;\"><em>Lugar: Parroquia Inmaculada Concepci\u00f3n<\/em><\/span><\/p>\n<p style=\"text-align: center;\"><span style=\"color: #333399;\"><em>Calles Portugal y Pedro Nieto, Maqunista Savio<\/em><\/span><\/p>\n<p style=\"text-align: center;\"><span style=\"color: #333399;\">Al finalizar \u00e1gape a la canasta: llevar empanadas<\/span><\/p>\n<p style=\"text-align: center;\"><img fetchpriority=\"high\" decoding=\"async\" class=\"alignnone size-medium wp-image-16416\" src=\"http:\/\/obispadodezaratecampana.org\/wp-content\/uploads\/2019\/11\/73129099_2505974146355085_6425621432478203904_n-213x300.jpg\" alt=\"73129099_2505974146355085_6425621432478203904_n\" width=\"213\" height=\"300\" srcset=\"https:\/\/obispadodezaratecampana.org\/wp-content\/uploads\/2019\/11\/73129099_2505974146355085_6425621432478203904_n-213x300.jpg 213w, https:\/\/obispadodezaratecampana.org\/wp-content\/uploads\/2019\/11\/73129099_2505974146355085_6425621432478203904_n.jpg 292w\" sizes=\"(max-width: 213px) 100vw, 213px\" \/><\/p>\n<p style=\"text-align: center;\"><img decoding=\"async\" class=\"alignnone size-medium wp-image-16417\" src=\"http:\/\/obispadodezaratecampana.org\/wp-content\/uploads\/2019\/11\/74420279_2505974179688415_2473959758734819328_n-300x211.jpg\" alt=\"74420279_2505974179688415_2473959758734819328_n\" width=\"300\" height=\"211\" srcset=\"https:\/\/obispadodezaratecampana.org\/wp-content\/uploads\/2019\/11\/74420279_2505974179688415_2473959758734819328_n-300x211.jpg 300w, https:\/\/obispadodezaratecampana.org\/wp-content\/uploads\/2019\/11\/74420279_2505974179688415_2473959758734819328_n.jpg 960w\" sizes=\"(max-width: 300px) 100vw, 300px\" \/><\/p>\n<!-- AddThis Advanced Settings generic via filter on the_content --><!-- AddThis Share Buttons generic via filter on the_content -->","protected":false},"excerpt":{"rendered":"<p>La Iglesia de Z\u00e1rate &#8211; Campana invita con gran alegr\u00eda Nuestro Obispo Pedro Laxague ordenar\u00e1 Di\u00e1cono al Ac\u00f3lito Mart\u00edn Evangelista S\u00e1bado 14 de diciembre a [&hellip;]<!-- AddThis Advanced Settings generic via filter on get_the_excerpt --><!-- AddThis Share Buttons generic via filter on get_the_excerpt --><\/p>\n","protected":false},"author":2,"featured_media":16417,"comment_status":"open","ping_status":"open","sticky":false,"template":"","format":"standard","meta":{"footnotes":""},"categories":[5,1,3],"tags":[],"class_list":["post-16415","post","type-post","status-publish","format-standard","has-post-thumbnail","hentry","category-generales","category-noticiasdiocesanas","category-noticiasparroquiales"],"_links":{"self":[{"href":"https:\/\/obispadodezaratecampana.org\/index.php?rest_route=\/wp\/v2\/posts\/16415","targetHints":{"allow":["GET"]}}],"collection":[{"href":"https:\/\/obispadodezaratecampana.org\/index.php?rest_route=\/wp\/v2\/posts"}],"about":[{"href":"https:\/\/obispadodezaratecampana.org\/index.php?rest_route=\/wp\/v2\/types\/post"}],"author":[{"embeddable":true,"href":"https:\/\/obispadodezaratecampana.org\/index.php?rest_route=\/wp\/v2\/users\/2"}],"replies":[{"embeddable":true,"href":"https:\/\/obispadodezaratecampana.org\/index.php?rest_route=%2Fwp%2Fv2%2Fcomments&post=16415"}],"version-history":[{"count":1,"href":"https:\/\/obispadodezaratecampana.org\/index.php?rest_route=\/wp\/v2\/posts\/16415\/revisions"}],"predecessor-version":[{"id":16418,"href":"https:\/\/obispadodezaratecampana.org\/index.php?rest_route=\/wp\/v2\/posts\/16415\/revisions\/16418"}],"wp:featuredmedia":[{"embeddable":true,"href":"https:\/\/obispadodezaratecampana.org\/index.php?rest_route=\/wp\/v2\/media\/16417"}],"wp:attachment":[{"href":"https:\/\/obispadodezaratecampana.org\/index.php?rest_route=%2Fwp%2Fv2%2Fmedia&parent=16415"}],"wp:term":[{"taxonomy":"category","embeddable":true,"href":"https:\/\/obispadodezaratecampana.org\/index.php?rest_route=%2Fwp%2Fv2%2Fcategories&post=16415"},{"taxonomy":"post_tag","embeddable":true,"href":"https:\/\/obispadodezaratecampana.org\/index.php?rest_route=%2Fwp%2Fv2%2Ftags&post=16415"}],"curies":[{"name":"wp","href":"https:\/\/api.w.org\/{rel}","templated":true}]}}