{"id":16411,"date":"2019-11-09T17:39:13","date_gmt":"2019-11-09T20:39:13","guid":{"rendered":"http:\/\/obispadodezaratecampana.org\/?p=16411"},"modified":"2019-11-09T17:39:58","modified_gmt":"2019-11-09T20:39:58","slug":"domingo-10-de-noviembre-jornada-nacional-del-enfermo-2","status":"publish","type":"post","link":"https:\/\/obispadodezaratecampana.org\/?p=16411","title":{"rendered":"Domingo 10 de noviembre: Jornada Nacional del Enfermo"},"content":{"rendered":"<p style=\"text-align: justify;\"><span style=\"color: #003300;\">Compartimos el video mensaje de Monse\u00f1or Alberto Bochatey, Obispo Auxiliar de la Arquidi\u00f3cesis de La Plata y Presidente de la Comisi\u00f3n Episcopal de Pastoral de la Salud para la Jornada Nacional del Enfermo celebrada este domingo 10 de noviembre de 2019:\u00a0<\/span><\/p>\n<p style=\"text-align: justify;\"><strong><span style=\"color: #003300;\"><a title=\"Jornada Nacional del enfermo\" href=\"https:\/\/youtu.be\/o7nJDVmLt3Q\" target=\"_blank\"><span style=\"color: #003300;\">https:\/\/youtu.be\/o7nJDVmLt3Q<\/span><\/a><\/span><\/strong><\/p>\n<p style=\"text-align: center;\"><img fetchpriority=\"high\" decoding=\"async\" class=\"alignnone size-medium wp-image-16412\" src=\"http:\/\/obispadodezaratecampana.org\/wp-content\/uploads\/2019\/11\/Jornada-Nacional-del-Enfermo-203x300.jpeg\" alt=\"Jornada Nacional del Enfermo\" width=\"203\" height=\"300\" srcset=\"https:\/\/obispadodezaratecampana.org\/wp-content\/uploads\/2019\/11\/Jornada-Nacional-del-Enfermo-203x300.jpeg 203w, https:\/\/obispadodezaratecampana.org\/wp-content\/uploads\/2019\/11\/Jornada-Nacional-del-Enfermo-695x1024.jpeg 695w, https:\/\/obispadodezaratecampana.org\/wp-content\/uploads\/2019\/11\/Jornada-Nacional-del-Enfermo.jpeg 869w\" sizes=\"(max-width: 203px) 100vw, 203px\" \/><\/p>\n<!-- AddThis Advanced Settings generic via filter on the_content --><!-- AddThis Share Buttons generic via filter on the_content -->","protected":false},"excerpt":{"rendered":"<p>Compartimos el video mensaje de Monse\u00f1or Alberto Bochatey, Obispo Auxiliar de la Arquidi\u00f3cesis de La Plata y Presidente de la Comisi\u00f3n Episcopal de Pastoral de [&hellip;]<!-- AddThis Advanced Settings generic via filter on get_the_excerpt --><!-- AddThis Share Buttons generic via filter on get_the_excerpt --><\/p>\n","protected":false},"author":2,"featured_media":16412,"comment_status":"open","ping_status":"open","sticky":false,"template":"","format":"video","meta":{"footnotes":""},"categories":[5,1,8],"tags":[],"class_list":["post-16411","post","type-post","status-publish","format-video","has-post-thumbnail","hentry","category-generales","category-noticiasdiocesanas","category-videos","post_format-post-format-video"],"_links":{"self":[{"href":"https:\/\/obispadodezaratecampana.org\/index.php?rest_route=\/wp\/v2\/posts\/16411","targetHints":{"allow":["GET"]}}],"collection":[{"href":"https:\/\/obispadodezaratecampana.org\/index.php?rest_route=\/wp\/v2\/posts"}],"about":[{"href":"https:\/\/obispadodezaratecampana.org\/index.php?rest_route=\/wp\/v2\/types\/post"}],"author":[{"embeddable":true,"href":"https:\/\/obispadodezaratecampana.org\/index.php?rest_route=\/wp\/v2\/users\/2"}],"replies":[{"embeddable":true,"href":"https:\/\/obispadodezaratecampana.org\/index.php?rest_route=%2Fwp%2Fv2%2Fcomments&post=16411"}],"version-history":[{"count":1,"href":"https:\/\/obispadodezaratecampana.org\/index.php?rest_route=\/wp\/v2\/posts\/16411\/revisions"}],"predecessor-version":[{"id":16414,"href":"https:\/\/obispadodezaratecampana.org\/index.php?rest_route=\/wp\/v2\/posts\/16411\/revisions\/16414"}],"wp:featuredmedia":[{"embeddable":true,"href":"https:\/\/obispadodezaratecampana.org\/index.php?rest_route=\/wp\/v2\/media\/16412"}],"wp:attachment":[{"href":"https:\/\/obispadodezaratecampana.org\/index.php?rest_route=%2Fwp%2Fv2%2Fmedia&parent=16411"}],"wp:term":[{"taxonomy":"category","embeddable":true,"href":"https:\/\/obispadodezaratecampana.org\/index.php?rest_route=%2Fwp%2Fv2%2Fcategories&post=16411"},{"taxonomy":"post_tag","embeddable":true,"href":"https:\/\/obispadodezaratecampana.org\/index.php?rest_route=%2Fwp%2Fv2%2Ftags&post=16411"}],"curies":[{"name":"wp","href":"https:\/\/api.w.org\/{rel}","templated":true}]}}