{"id":16408,"date":"2019-11-09T16:47:40","date_gmt":"2019-11-09T19:47:40","guid":{"rendered":"http:\/\/obispadodezaratecampana.org\/?p=16408"},"modified":"2019-11-09T16:47:40","modified_gmt":"2019-11-09T19:47:40","slug":"sabado-9-noviembre-nueva-provincia-eclesiastica","status":"publish","type":"post","link":"https:\/\/obispadodezaratecampana.org\/?p=16408","title":{"rendered":"S\u00e1bado 9 noviembre: Nueva Provincia Eclesi\u00e1stica"},"content":{"rendered":"<p style=\"text-align: justify;\"><span style=\"color: rgb(0, 0, 128);\">S\u00e1bado 9 de noviembre 15 hs: Inicio de Ministerio Pastoral de Monse\u00f1or Jorge Eduardo Scheining como Arzobispo Metropolitano de la Arquidi\u00f3cesis de Mercedes &#8211; Luj\u00e1n.<\/span><\/p>\n<p style=\"text-align: justify;\"><em><span style=\"color: #000080;\">Lugar: Iglesia Catedral Bas\u00edlica Nuestra Se\u00f1ora de las Mercedes, calle 24 entre 29 y 27, Mercedes, Buenos Aires.<\/span><\/em><\/p>\n<p style=\"text-align: justify;\"><span style=\"color: rgb(0, 0, 128);\">Adem\u00e1s, la erecci\u00f3n de la nueva Provincia Eclesi\u00e1stica de Mercedes &#8211; Luj\u00e1n y el otorgamiento del t\u00edtulo de Metropolitana a la Iglesia Catedral Bas\u00edlica Nuestra Se\u00f1ora de las Mercedes.<\/span><\/p>\n<p style=\"text-align: justify;\"><span style=\"color: rgb(0, 0, 128);\">El Papa Francisco cre\u00f3 la Provincia Eclesi\u00e1stica de Mercedes &#8211; Luj\u00e1n. Asimismo determin\u00f3 que la Di\u00f3cesis de Merlo &#8211; Moreno (que hasta ahora pertenec\u00eda a la Provincia Eclesi\u00e1stica de Buenos Aires), Z\u00e1rate &#8211; Campana y 9 de Julio (integrantes de la Provincia Eclesi\u00e1stica de La Plata) integren la misma junto a la Arquidi\u00f3cesis de Mercedes &#8211; Luj\u00e1n.<\/span><\/p>\n<p style=\"text-align: justify;\"><span style=\"color: rgb(0, 0, 128);\">Z\u00e1rate &#8211; Campana contin\u00faa formando parte de la Regi\u00f3n Buenos Aires a los efectos pastorales.<\/span><\/p>\n<p style=\"text-align: justify;\"><span style=\"color: rgb(0, 0, 128);\">Nuestra Di\u00f3cesis se alegra de formar parte de la nueva Provincia Eclesi\u00e1stica, dado que hay una cercan\u00eda geogr\u00e1fica y tenemos como Patrona a la Virgen de Luj\u00e1n. Todos los que puedan, est\u00e1n invitados a la celebraci\u00f3n Eucar\u00edstica en la Catedral Bas\u00edlica Nuestra Se\u00f1ora de las Mercedes, de la ciudad de Mercedes el pr\u00f3ximo s\u00e1bado. Mons. Pedro Laxague participar\u00e1 de esta celebraci\u00f3n que representa un momento hist\u00f3rico para la Di\u00f3cesis.<\/span><\/p>\n<!-- AddThis Advanced Settings generic via filter on the_content --><!-- AddThis Share Buttons generic via filter on the_content -->","protected":false},"excerpt":{"rendered":"<p>S\u00e1bado 9 de noviembre 15 hs: Inicio de Ministerio Pastoral de Monse\u00f1or Jorge Eduardo Scheining como Arzobispo Metropolitano de la Arquidi\u00f3cesis de Mercedes &#8211; Luj\u00e1n. [&hellip;]<!-- AddThis Advanced Settings generic via filter on get_the_excerpt --><!-- AddThis Share Buttons generic via filter on get_the_excerpt --><\/p>\n","protected":false},"author":2,"featured_media":16409,"comment_status":"open","ping_status":"open","sticky":false,"template":"","format":"standard","meta":{"footnotes":""},"categories":[5,1],"tags":[],"class_list":["post-16408","post","type-post","status-publish","format-standard","has-post-thumbnail","hentry","category-generales","category-noticiasdiocesanas"],"_links":{"self":[{"href":"https:\/\/obispadodezaratecampana.org\/index.php?rest_route=\/wp\/v2\/posts\/16408","targetHints":{"allow":["GET"]}}],"collection":[{"href":"https:\/\/obispadodezaratecampana.org\/index.php?rest_route=\/wp\/v2\/posts"}],"about":[{"href":"https:\/\/obispadodezaratecampana.org\/index.php?rest_route=\/wp\/v2\/types\/post"}],"author":[{"embeddable":true,"href":"https:\/\/obispadodezaratecampana.org\/index.php?rest_route=\/wp\/v2\/users\/2"}],"replies":[{"embeddable":true,"href":"https:\/\/obispadodezaratecampana.org\/index.php?rest_route=%2Fwp%2Fv2%2Fcomments&post=16408"}],"version-history":[{"count":1,"href":"https:\/\/obispadodezaratecampana.org\/index.php?rest_route=\/wp\/v2\/posts\/16408\/revisions"}],"predecessor-version":[{"id":16410,"href":"https:\/\/obispadodezaratecampana.org\/index.php?rest_route=\/wp\/v2\/posts\/16408\/revisions\/16410"}],"wp:featuredmedia":[{"embeddable":true,"href":"https:\/\/obispadodezaratecampana.org\/index.php?rest_route=\/wp\/v2\/media\/16409"}],"wp:attachment":[{"href":"https:\/\/obispadodezaratecampana.org\/index.php?rest_route=%2Fwp%2Fv2%2Fmedia&parent=16408"}],"wp:term":[{"taxonomy":"category","embeddable":true,"href":"https:\/\/obispadodezaratecampana.org\/index.php?rest_route=%2Fwp%2Fv2%2Fcategories&post=16408"},{"taxonomy":"post_tag","embeddable":true,"href":"https:\/\/obispadodezaratecampana.org\/index.php?rest_route=%2Fwp%2Fv2%2Ftags&post=16408"}],"curies":[{"name":"wp","href":"https:\/\/api.w.org\/{rel}","templated":true}]}}