{"id":16401,"date":"2019-11-09T15:57:25","date_gmt":"2019-11-09T18:57:25","guid":{"rendered":"http:\/\/obispadodezaratecampana.org\/?p=16401"},"modified":"2019-11-09T16:42:05","modified_gmt":"2019-11-09T19:42:05","slug":"carta-de-los-obispos-argentinos-al-papa-francisco","status":"publish","type":"post","link":"https:\/\/obispadodezaratecampana.org\/?p=16401","title":{"rendered":"Carta de los Obispos argentinos al Papa Francisco"},"content":{"rendered":"<p style=\"text-align: center;\">\n<p style=\"text-align: center;\"><span style=\"color: #993366;\"><img fetchpriority=\"high\" decoding=\"async\" class=\"alignnone size-medium wp-image-16402\" src=\"http:\/\/obispadodezaratecampana.org\/wp-content\/uploads\/2019\/11\/1-Pagina-206x300.jpg\" alt=\"1 Pagina\" width=\"206\" height=\"300\" srcset=\"https:\/\/obispadodezaratecampana.org\/wp-content\/uploads\/2019\/11\/1-Pagina-206x300.jpg 206w, https:\/\/obispadodezaratecampana.org\/wp-content\/uploads\/2019\/11\/1-Pagina.jpg 467w\" sizes=\"(max-width: 206px) 100vw, 206px\" \/><\/span><\/p>\n<p style=\"text-align: left;\"><span style=\"color: #993366;\">Conferencia Episcopal Argentina<\/span><br \/>\n<span style=\"color: #993366;\">Prot. CEA N\u00ba 246\/2019<\/span><\/p>\n<p style=\"text-align: left;\"><span style=\"color: #993366;\">\u00a0 \u00a0 \u00a0 \u00a0 \u00a0 \u00a0 \u00a0 \u00a0 \u00a0 \u00a0 \u00a0 \u00a0 \u00a0 \u00a0 \u00a0 \u00a0 \u00a0 \u00a0 \u00a0 \u00a0 \u00a0 \u00a0 \u00a0 \u00a0 \u00a0 \u00a0 \u00a0 \u00a0 \u00a0 \u00a0 \u00a0 \u00a0 Pilar (Buenos Aires), 4 de noviembre de 2019<\/span><br \/>\n<span style=\"color: #993366;\">\u00a0 \u00a0 \u00a0 \u00a0 \u00a0 \u00a0 \u00a0 \u00a0 \u00a0 \u00a0 \u00a0 \u00a0 \u00a0 \u00a0 \u00a0 \u00a0 \u00a0 \u00a0 \u00a0 \u00a0 \u00a0 \u00a0 \u00a0 \u00a0 \u00a0 \u00a0 \u00a0 \u00a0 \u00a0 \u00a0<\/span><\/p>\n<p style=\"text-align: left;\"><span style=\"color: #993366;\">Su Santidad<\/span><br \/>\n<span style=\"color: #993366;\">Papa Francisco<\/span><br \/>\n<span style=\"color: #993366;\">Ciudad del Vaticano\u00a0 \u00a0 \u00a0 \u00a0 \u00a0 \u00a0 \u00a0 \u00a0 \u00a0 \u00a0 \u00a0 \u00a0 \u00a0 \u00a0 \u00a0 \u00a0 \u00a0 \u00a0 \u00a0 \u00a0 \u00a0 \u00a0 \u00a0 \u00a0 \u00a0 \u00a0 \u00a0 \u00a0 \u00a0 \u00a0\u00a0<\/span><\/p>\n<p style=\"text-align: left;\"><span style=\"color: #993366;\">Querid\u00edsimo Padre:<\/span><\/p>\n<p style=\"text-align: justify;\"><span style=\"color: #993366;\"> Reunidos en la 118\u00b0 Asamblea Plenaria de los obispos de Argentina, queremos expresarle nuestro afecto filial y nuestra gratitud por su ministerio de presidirnos en la caridad con audacia evang\u00e9lica.<\/span><\/p>\n<p style=\"text-align: justify;\"><span style=\"color: #993366;\">Hemos recibido la visita de la imagen de la Virgen de Luj\u00e1n, procedente del Reino Unido de Gran Breta\u00f1a que se conserv\u00f3 all\u00ed desde el final de la guerra de Malvinas. Treinta y siete a\u00f1os despu\u00e9s regresa entre nosotros para recordarnos su ternura de Madre amorosa que vela por sus hijos.<\/span><\/p>\n<p style=\"text-align: justify;\"><span style=\"color: #993366;\">Le aseguramos nuestra oraci\u00f3n por la fecundidad de su misi\u00f3n y le pedimos su bendici\u00f3n paterna de buen pastor.<\/span><\/p>\n<p style=\"text-align: justify;\"><span style=\"color: #993366;\">Lo encomendamos en nuestras oraciones a la protecci\u00f3n de Mar\u00eda<\/span><br \/>\n<span style=\"color: #993366;\">Sant\u00edsima.<\/span><\/p>\n<p><span style=\"color: #993366;\">\u00a0 \u00a0 \u00a0 \u00a0 \u00a0 \u00a0 \u00a0+ Oscar V. Ojea\u00a0 \u00a0 \u00a0 \u00a0 \u00a0 \u00a0 \u00a0 \u00a0 \u00a0 \u00a0 \u00a0 \u00a0 \u00a0 \u00a0 \u00a0 \u00a0 \u00a0 \u00a0 \u00a0 \u00a0 \u00a0 \u00a0 + Carlos H. Malfa<\/span><br \/>\n<span style=\"color: #993366;\">\u00a0 \u00a0 \u00a0 \u00a0 \u00a0Obispo de San Isidro\u00a0 \u00a0 \u00a0 \u00a0 \u00a0 \u00a0 \u00a0 \u00a0 \u00a0 \u00a0 \u00a0 \u00a0 \u00a0 \u00a0 \u00a0 \u00a0 \u00a0 \u00a0 \u00a0Obispo de Chascom\u00fas<\/span><br \/>\n<span style=\"color: #993366;\">\u00a0 \u00a0 \u00a0 \u00a0 Presidente de la C.E.A.\u00a0 \u00a0 \u00a0 \u00a0 \u00a0 \u00a0 \u00a0 \u00a0 \u00a0 \u00a0 \u00a0 \u00a0 \u00a0 \u00a0 \u00a0 Secretario General de la C.E.A.<\/span><\/p>\n<p style=\"text-align: center;\"><a href=\"http:\/\/obispadodezaratecampana.org\/wp-content\/uploads\/2019\/11\/74566172_2642086585873594_3076624325554470912_o.jpg\"><img decoding=\"async\" class=\"alignnone size-medium wp-image-16405\" src=\"http:\/\/obispadodezaratecampana.org\/wp-content\/uploads\/2019\/11\/74566172_2642086585873594_3076624325554470912_o-300x200.jpg\" alt=\"74566172_2642086585873594_3076624325554470912_o\" width=\"300\" height=\"200\" srcset=\"https:\/\/obispadodezaratecampana.org\/wp-content\/uploads\/2019\/11\/74566172_2642086585873594_3076624325554470912_o-300x200.jpg 300w, https:\/\/obispadodezaratecampana.org\/wp-content\/uploads\/2019\/11\/74566172_2642086585873594_3076624325554470912_o-1024x682.jpg 1024w, https:\/\/obispadodezaratecampana.org\/wp-content\/uploads\/2019\/11\/74566172_2642086585873594_3076624325554470912_o.jpg 1500w\" sizes=\"(max-width: 300px) 100vw, 300px\" \/><\/a><\/p>\n<!-- AddThis Advanced Settings generic via filter on the_content --><!-- AddThis Share Buttons generic via filter on the_content -->","protected":false},"excerpt":{"rendered":"<p>Conferencia Episcopal Argentina Prot. CEA N\u00ba 246\/2019 \u00a0 \u00a0 \u00a0 \u00a0 \u00a0 \u00a0 \u00a0 \u00a0 \u00a0 \u00a0 \u00a0 \u00a0 \u00a0 \u00a0 \u00a0 \u00a0 \u00a0 \u00a0 [&hellip;]<!-- AddThis Advanced Settings generic via filter on get_the_excerpt --><!-- AddThis Share Buttons generic via filter on get_the_excerpt --><\/p>\n","protected":false},"author":2,"featured_media":16405,"comment_status":"open","ping_status":"open","sticky":false,"template":"","format":"standard","meta":{"footnotes":""},"categories":[5,1],"tags":[],"class_list":["post-16401","post","type-post","status-publish","format-standard","has-post-thumbnail","hentry","category-generales","category-noticiasdiocesanas"],"_links":{"self":[{"href":"https:\/\/obispadodezaratecampana.org\/index.php?rest_route=\/wp\/v2\/posts\/16401","targetHints":{"allow":["GET"]}}],"collection":[{"href":"https:\/\/obispadodezaratecampana.org\/index.php?rest_route=\/wp\/v2\/posts"}],"about":[{"href":"https:\/\/obispadodezaratecampana.org\/index.php?rest_route=\/wp\/v2\/types\/post"}],"author":[{"embeddable":true,"href":"https:\/\/obispadodezaratecampana.org\/index.php?rest_route=\/wp\/v2\/users\/2"}],"replies":[{"embeddable":true,"href":"https:\/\/obispadodezaratecampana.org\/index.php?rest_route=%2Fwp%2Fv2%2Fcomments&post=16401"}],"version-history":[{"count":3,"href":"https:\/\/obispadodezaratecampana.org\/index.php?rest_route=\/wp\/v2\/posts\/16401\/revisions"}],"predecessor-version":[{"id":16407,"href":"https:\/\/obispadodezaratecampana.org\/index.php?rest_route=\/wp\/v2\/posts\/16401\/revisions\/16407"}],"wp:featuredmedia":[{"embeddable":true,"href":"https:\/\/obispadodezaratecampana.org\/index.php?rest_route=\/wp\/v2\/media\/16405"}],"wp:attachment":[{"href":"https:\/\/obispadodezaratecampana.org\/index.php?rest_route=%2Fwp%2Fv2%2Fmedia&parent=16401"}],"wp:term":[{"taxonomy":"category","embeddable":true,"href":"https:\/\/obispadodezaratecampana.org\/index.php?rest_route=%2Fwp%2Fv2%2Fcategories&post=16401"},{"taxonomy":"post_tag","embeddable":true,"href":"https:\/\/obispadodezaratecampana.org\/index.php?rest_route=%2Fwp%2Fv2%2Ftags&post=16401"}],"curies":[{"name":"wp","href":"https:\/\/api.w.org\/{rel}","templated":true}]}}