{"id":16395,"date":"2019-10-30T16:51:58","date_gmt":"2019-10-30T19:51:58","guid":{"rendered":"http:\/\/obispadodezaratecampana.org\/?p=16395"},"modified":"2019-10-30T16:51:58","modified_gmt":"2019-10-30T19:51:58","slug":"pedro-laxague-no-se-olviden-de-rezar-por-las-misiones","status":"publish","type":"post","link":"https:\/\/obispadodezaratecampana.org\/?p=16395","title":{"rendered":"Pedro Laxague: \u00a1No se olviden de rezar por las misiones!"},"content":{"rendered":"<p style=\"text-align: center;\"><img fetchpriority=\"high\" decoding=\"async\" class=\"alignnone size-medium wp-image-16396\" src=\"http:\/\/obispadodezaratecampana.org\/wp-content\/uploads\/2019\/10\/Santo-Rosario-222x300.jpg\" alt=\"Santo Rosario\" width=\"222\" height=\"300\" srcset=\"https:\/\/obispadodezaratecampana.org\/wp-content\/uploads\/2019\/10\/Santo-Rosario-222x300.jpg 222w, https:\/\/obispadodezaratecampana.org\/wp-content\/uploads\/2019\/10\/Santo-Rosario.jpg 693w\" sizes=\"(max-width: 222px) 100vw, 222px\" \/><\/p>\n<h2 style=\"text-align: center;\"><span style=\"color: rgb(0, 0, 128);\">El 30 de octubre <\/span><\/h2>\n<h2 style=\"text-align: center;\"><span style=\"color: rgb(0, 0, 128);\">\u00a1No se olviden de rezar por las misiones!<\/span><\/h2>\n<h3 style=\"color: #222222; text-align: center;\"><span style=\"font-family: verdana, sans-serif; color: rgb(0, 0, 128);\">+ Pedro Laxague<br style=\"color: #1c1e21;\" \/>Obispo de Z\u00e1rate &#8211; Campana\u00a0<\/span><\/h3>\n<div style=\"text-align: justify;\">\n<address style=\"text-align: left;\">\u00a0 \u00a0 \u00a0 \u00a0 \u00a0 \u00a0 \u00a0 \u00a0 \u00a0 \u00a0 \u00a0 \u00a0\u00a0<img decoding=\"async\" class=\"alignnone size-medium wp-image-16399\" src=\"http:\/\/obispadodezaratecampana.org\/wp-content\/uploads\/2019\/10\/Itinerario-de-oracion-224x300.jpg\" alt=\"Itinerario de oracion\" width=\"224\" height=\"300\" srcset=\"https:\/\/obispadodezaratecampana.org\/wp-content\/uploads\/2019\/10\/Itinerario-de-oracion-224x300.jpg 224w, https:\/\/obispadodezaratecampana.org\/wp-content\/uploads\/2019\/10\/Itinerario-de-oracion-765x1024.jpg 765w, https:\/\/obispadodezaratecampana.org\/wp-content\/uploads\/2019\/10\/Itinerario-de-oracion.jpg 846w\" sizes=\"(max-width: 224px) 100vw, 224px\" \/><\/address>\n<p style=\"text-align: left;\">Estamos invitados especialmente a rezar el Rosario Misionero como familia de la di\u00f3cesis de Z\u00e1rate &#8211; Campana hoy mi\u00e9rcoles 30 de octubre, para unirnos a la cadena de oraci\u00f3n Argentina del mes extraordinario por las misiones.<\/p>\n<p style=\"text-align: left;\">\u00a0 \u00a0 \u00a0 \u00a0 \u00a0 \u00a0 \u00a0 \u00a0 \u00a0 \u00a0 \u00a0 \u00a0 \u00a0 \u00a0 Obras Misionales Pontificias<\/p>\n<address style=\"text-align: left;\">\u00a0<\/address>\n<address style=\"text-align: left;\">\u00a0<\/address>\n<\/div>\n<!-- AddThis Advanced Settings generic via filter on the_content --><!-- AddThis Share Buttons generic via filter on the_content -->","protected":false},"excerpt":{"rendered":"<p>El 30 de octubre \u00a1No se olviden de rezar por las misiones! + Pedro LaxagueObispo de Z\u00e1rate &#8211; Campana\u00a0 \u00a0 \u00a0 \u00a0 \u00a0 \u00a0 \u00a0 [&hellip;]<!-- AddThis Advanced Settings generic via filter on get_the_excerpt --><!-- AddThis Share Buttons generic via filter on get_the_excerpt --><\/p>\n","protected":false},"author":2,"featured_media":16396,"comment_status":"open","ping_status":"open","sticky":false,"template":"","format":"standard","meta":{"footnotes":""},"categories":[5,1],"tags":[],"class_list":["post-16395","post","type-post","status-publish","format-standard","has-post-thumbnail","hentry","category-generales","category-noticiasdiocesanas"],"_links":{"self":[{"href":"https:\/\/obispadodezaratecampana.org\/index.php?rest_route=\/wp\/v2\/posts\/16395","targetHints":{"allow":["GET"]}}],"collection":[{"href":"https:\/\/obispadodezaratecampana.org\/index.php?rest_route=\/wp\/v2\/posts"}],"about":[{"href":"https:\/\/obispadodezaratecampana.org\/index.php?rest_route=\/wp\/v2\/types\/post"}],"author":[{"embeddable":true,"href":"https:\/\/obispadodezaratecampana.org\/index.php?rest_route=\/wp\/v2\/users\/2"}],"replies":[{"embeddable":true,"href":"https:\/\/obispadodezaratecampana.org\/index.php?rest_route=%2Fwp%2Fv2%2Fcomments&post=16395"}],"version-history":[{"count":1,"href":"https:\/\/obispadodezaratecampana.org\/index.php?rest_route=\/wp\/v2\/posts\/16395\/revisions"}],"predecessor-version":[{"id":16400,"href":"https:\/\/obispadodezaratecampana.org\/index.php?rest_route=\/wp\/v2\/posts\/16395\/revisions\/16400"}],"wp:featuredmedia":[{"embeddable":true,"href":"https:\/\/obispadodezaratecampana.org\/index.php?rest_route=\/wp\/v2\/media\/16396"}],"wp:attachment":[{"href":"https:\/\/obispadodezaratecampana.org\/index.php?rest_route=%2Fwp%2Fv2%2Fmedia&parent=16395"}],"wp:term":[{"taxonomy":"category","embeddable":true,"href":"https:\/\/obispadodezaratecampana.org\/index.php?rest_route=%2Fwp%2Fv2%2Fcategories&post=16395"},{"taxonomy":"post_tag","embeddable":true,"href":"https:\/\/obispadodezaratecampana.org\/index.php?rest_route=%2Fwp%2Fv2%2Ftags&post=16395"}],"curies":[{"name":"wp","href":"https:\/\/api.w.org\/{rel}","templated":true}]}}