{"id":16391,"date":"2019-10-11T20:10:00","date_gmt":"2019-10-11T23:10:00","guid":{"rendered":"http:\/\/obispadodezaratecampana.org\/?p=16391"},"modified":"2019-10-11T20:15:50","modified_gmt":"2019-10-11T23:15:50","slug":"saludo-del-obispo-por-la-virgen-del-pilar-12-10-2019","status":"publish","type":"post","link":"https:\/\/obispadodezaratecampana.org\/?p=16391","title":{"rendered":"Saludo del Obispo por la Virgen del Pilar 12.10.2019"},"content":{"rendered":"<h4 style=\"color: #1c1e21; text-align: justify;\"><span style=\"color: #000080;\">&#8220;\u00c1nimo, hermanos y hermanas; \u00e1nimo, Madre Iglesia: \u00a1Vuelve a encontrar tu fecundidad en la alegr\u00eda de la misi\u00f3n!&#8221;<\/span><\/h4>\n<h4 style=\"color: #1c1e21; text-align: justify;\"><span style=\"color: #000080;\"><em>Papa Francisco<\/em><\/span><br \/>\n<span style=\"color: #000080;\"><em>Homil\u00eda inicio Mes Misionero Extraordinario, octubre 2019<\/em><\/span><\/h4>\n<h4 style=\"color: #1c1e21; text-align: justify;\"><span style=\"color: #000080;\">Querida comunidad de Pilar: una Bendici\u00f3n muy especial en el d\u00eda de la Fiesta Patronal.<\/span><\/h4>\n<h4 style=\"color: #1c1e21; text-align: justify;\"><span class=\"text_exposed_show\" style=\"color: #000080;\">+ Pedro Laxague<br \/>\nObispo de Z\u00e1rate &#8211; Campana<\/span><\/h4>\n<p style=\"text-align: center;\"><span style=\"color: #000080;\"><em>Foto: Novena de la Virgen del Pilar &#8211; Pquia. Ntra. Sra. del Pilar, Pilar\u00a0<\/em><\/span><\/p>\n<p style=\"color: #1c1e21; text-align: center;\"><span style=\"color: #000080;\"><em><a href=\"http:\/\/obispadodezaratecampana.org\/wp-content\/uploads\/2019\/10\/71929796_960544547630855_6745614925734871040_n.jpg\"><span style=\"color: #000080;\"><img decoding=\"async\" class=\"alignnone size-medium wp-image-16392\" src=\"http:\/\/obispadodezaratecampana.org\/wp-content\/uploads\/2019\/10\/71929796_960544547630855_6745614925734871040_n-300x156.jpg\" alt=\"71929796_960544547630855_6745614925734871040_n\" width=\"300\" height=\"156\" srcset=\"https:\/\/obispadodezaratecampana.org\/wp-content\/uploads\/2019\/10\/71929796_960544547630855_6745614925734871040_n-300x156.jpg 300w, https:\/\/obispadodezaratecampana.org\/wp-content\/uploads\/2019\/10\/71929796_960544547630855_6745614925734871040_n-310x160.jpg 310w, https:\/\/obispadodezaratecampana.org\/wp-content\/uploads\/2019\/10\/71929796_960544547630855_6745614925734871040_n.jpg 960w\" sizes=\"(max-width: 300px) 100vw, 300px\" \/><\/span><\/a><\/em><\/span><\/p>\n<!-- AddThis Advanced Settings generic via filter on the_content --><!-- AddThis Share Buttons generic via filter on the_content -->","protected":false},"excerpt":{"rendered":"<p>&#8220;\u00c1nimo, hermanos y hermanas; \u00e1nimo, Madre Iglesia: \u00a1Vuelve a encontrar tu fecundidad en la alegr\u00eda de la misi\u00f3n!&#8221; Papa Francisco Homil\u00eda inicio Mes Misionero Extraordinario, [&hellip;]<!-- AddThis Advanced Settings generic via filter on get_the_excerpt --><!-- AddThis Share Buttons generic via filter on get_the_excerpt --><\/p>\n","protected":false},"author":2,"featured_media":16392,"comment_status":"open","ping_status":"open","sticky":false,"template":"","format":"standard","meta":{"footnotes":""},"categories":[1,3],"tags":[],"class_list":["post-16391","post","type-post","status-publish","format-standard","has-post-thumbnail","hentry","category-noticiasdiocesanas","category-noticiasparroquiales"],"_links":{"self":[{"href":"https:\/\/obispadodezaratecampana.org\/index.php?rest_route=\/wp\/v2\/posts\/16391","targetHints":{"allow":["GET"]}}],"collection":[{"href":"https:\/\/obispadodezaratecampana.org\/index.php?rest_route=\/wp\/v2\/posts"}],"about":[{"href":"https:\/\/obispadodezaratecampana.org\/index.php?rest_route=\/wp\/v2\/types\/post"}],"author":[{"embeddable":true,"href":"https:\/\/obispadodezaratecampana.org\/index.php?rest_route=\/wp\/v2\/users\/2"}],"replies":[{"embeddable":true,"href":"https:\/\/obispadodezaratecampana.org\/index.php?rest_route=%2Fwp%2Fv2%2Fcomments&post=16391"}],"version-history":[{"count":2,"href":"https:\/\/obispadodezaratecampana.org\/index.php?rest_route=\/wp\/v2\/posts\/16391\/revisions"}],"predecessor-version":[{"id":16394,"href":"https:\/\/obispadodezaratecampana.org\/index.php?rest_route=\/wp\/v2\/posts\/16391\/revisions\/16394"}],"wp:featuredmedia":[{"embeddable":true,"href":"https:\/\/obispadodezaratecampana.org\/index.php?rest_route=\/wp\/v2\/media\/16392"}],"wp:attachment":[{"href":"https:\/\/obispadodezaratecampana.org\/index.php?rest_route=%2Fwp%2Fv2%2Fmedia&parent=16391"}],"wp:term":[{"taxonomy":"category","embeddable":true,"href":"https:\/\/obispadodezaratecampana.org\/index.php?rest_route=%2Fwp%2Fv2%2Fcategories&post=16391"},{"taxonomy":"post_tag","embeddable":true,"href":"https:\/\/obispadodezaratecampana.org\/index.php?rest_route=%2Fwp%2Fv2%2Ftags&post=16391"}],"curies":[{"name":"wp","href":"https:\/\/api.w.org\/{rel}","templated":true}]}}