{"id":16374,"date":"2019-10-10T10:30:55","date_gmt":"2019-10-10T13:30:55","guid":{"rendered":"http:\/\/obispadodezaratecampana.org\/?p=16374"},"modified":"2019-10-10T10:45:23","modified_gmt":"2019-10-10T13:45:23","slug":"festival-para-elegir-la-cancion-de-la-peregrinacion-a-lujan-2019","status":"publish","type":"post","link":"https:\/\/obispadodezaratecampana.org\/?p=16374","title":{"rendered":"Festival  para elegir la Canci\u00f3n de la Peregrinaci\u00f3n a Luj\u00e1n 2019"},"content":{"rendered":"<p style=\"text-align: center;\"><span style=\"color: #000080;\"><strong>Festival \u00a0para elegir la Canci\u00f3n de la Peregrinaci\u00f3n a Luj\u00e1n 2019<\/strong><\/span><\/p>\n<p style=\"text-align: center;\"><span style=\"color: #000080;\"><strong>Di\u00f3cesis de Z\u00e1rate \u2013 Campana<\/strong><\/span><\/p>\n<p>&nbsp;<\/p>\n<div style=\"color: #222222;\">\n<div style=\"text-align: center;\">\u00a0<a href=\"http:\/\/obispadodezaratecampana.org\/wp-content\/uploads\/2019\/10\/Basilica.jpg\"><img fetchpriority=\"high\" decoding=\"async\" class=\"alignnone size-medium wp-image-16376\" src=\"http:\/\/obispadodezaratecampana.org\/wp-content\/uploads\/2019\/10\/Basilica-198x300.jpg\" alt=\"Basilica\" width=\"198\" height=\"300\" srcset=\"https:\/\/obispadodezaratecampana.org\/wp-content\/uploads\/2019\/10\/Basilica-198x300.jpg 198w, https:\/\/obispadodezaratecampana.org\/wp-content\/uploads\/2019\/10\/Basilica-678x1024.jpg 678w, https:\/\/obispadodezaratecampana.org\/wp-content\/uploads\/2019\/10\/Basilica.jpg 1356w\" sizes=\"(max-width: 198px) 100vw, 198px\" \/><\/a><\/div>\n<\/div>\n<div style=\"color: #222222; text-align: center;\">\n<div style=\"text-align: justify;\"><\/div>\n<div style=\"text-align: justify;\"><span style=\"color: #003366;\">Fecha:<strong> Domingo 13 octubre a las 15 hs<\/strong><\/span><br \/>\n<span style=\"color: #003366;\">Lugar: <strong>Parroquia Natividad del Se\u00f1or<\/strong>, calle Eugenia Tapia de la Cruz 524, Escobar<\/span><br \/>\n<span style=\"color: #003366;\">Informes:\u00a0<strong><a style=\"color: #1155cc;\" href=\"mailto:peregrinacionalujan@gmail.com\" target=\"_blank\"><span style=\"color: #003366;\">peregrinacionalujan@<wbr \/>gmail.com<\/span><\/a><\/strong><\/span><\/div>\n<div style=\"text-align: justify;\"><\/div>\n<\/div>\n<div><span style=\"color: #003366;\">El pr\u00f3ximo domingo se presentar\u00e1n en vivo las once canciones compuestas para nuestra Peregrinaci\u00f3n a pie a Luj\u00e1n del 2 y 3 noviembre 2019. \u00a0<\/span><\/div>\n<div><\/div>\n<div><span style=\"color: #003366;\">Un jurado deliberar\u00e1 para elegir la canci\u00f3n ganadora;\u00a0 lo componen: Mariano Di Battista \u2013 Padre Ramiro Garc\u00eda \u2013 Claudia Ibarra \u2013 Claudio Volpi.\u00a0<\/span><\/div>\n<div><span style=\"color: #003366;\">Est\u00e1n todos invitados a participar.<\/span><\/div>\n<div><\/div>\n<div style=\"text-align: justify;\"><span style=\"color: #003366;\"><i>Mas informaci\u00f3n en el archivo adjunto, puede descargarse desde google drive:\u00a0<a title=\"afiche\" href=\"https:\/\/drive.google.com\/file\/d\/1VyohvFUd45eR4hBqNrw4EtLPU_6IN4Pu\/view?usp=sharing\" target=\"_blank\">https:\/\/drive.google.com\/file\/d\/1VyohvFUd45eR4hBqNrw4EtLPU_6IN4Pu\/view?usp=sharing<\/a><\/i><\/span><\/div>\n<div style=\"text-align: center;\"><a href=\"http:\/\/obispadodezaratecampana.org\/wp-content\/uploads\/2019\/10\/Flyer-certamen-en-jpg.jpg\"><img decoding=\"async\" class=\"alignnone size-medium wp-image-16377\" src=\"http:\/\/obispadodezaratecampana.org\/wp-content\/uploads\/2019\/10\/Flyer-certamen-en-jpg-180x300.jpg\" alt=\"Flyer certamen en jpg\" width=\"180\" height=\"300\" srcset=\"https:\/\/obispadodezaratecampana.org\/wp-content\/uploads\/2019\/10\/Flyer-certamen-en-jpg-180x300.jpg 180w, https:\/\/obispadodezaratecampana.org\/wp-content\/uploads\/2019\/10\/Flyer-certamen-en-jpg-616x1024.jpg 616w, https:\/\/obispadodezaratecampana.org\/wp-content\/uploads\/2019\/10\/Flyer-certamen-en-jpg.jpg 771w\" sizes=\"(max-width: 180px) 100vw, 180px\" \/><\/a><\/div>\n<div style=\"text-align: justify;\"><\/div>\n<!-- AddThis Advanced Settings generic via filter on the_content --><!-- AddThis Share Buttons generic via filter on the_content -->","protected":false},"excerpt":{"rendered":"<p>Festival \u00a0para elegir la Canci\u00f3n de la Peregrinaci\u00f3n a Luj\u00e1n 2019 Di\u00f3cesis de Z\u00e1rate \u2013 Campana &nbsp; \u00a0 Fecha: Domingo 13 octubre a las 15 [&hellip;]<!-- AddThis Advanced Settings generic via filter on get_the_excerpt --><!-- AddThis Share Buttons generic via filter on get_the_excerpt --><\/p>\n","protected":false},"author":2,"featured_media":16376,"comment_status":"open","ping_status":"open","sticky":false,"template":"","format":"standard","meta":{"footnotes":""},"categories":[5,1],"tags":[],"class_list":["post-16374","post","type-post","status-publish","format-standard","has-post-thumbnail","hentry","category-generales","category-noticiasdiocesanas"],"_links":{"self":[{"href":"https:\/\/obispadodezaratecampana.org\/index.php?rest_route=\/wp\/v2\/posts\/16374","targetHints":{"allow":["GET"]}}],"collection":[{"href":"https:\/\/obispadodezaratecampana.org\/index.php?rest_route=\/wp\/v2\/posts"}],"about":[{"href":"https:\/\/obispadodezaratecampana.org\/index.php?rest_route=\/wp\/v2\/types\/post"}],"author":[{"embeddable":true,"href":"https:\/\/obispadodezaratecampana.org\/index.php?rest_route=\/wp\/v2\/users\/2"}],"replies":[{"embeddable":true,"href":"https:\/\/obispadodezaratecampana.org\/index.php?rest_route=%2Fwp%2Fv2%2Fcomments&post=16374"}],"version-history":[{"count":5,"href":"https:\/\/obispadodezaratecampana.org\/index.php?rest_route=\/wp\/v2\/posts\/16374\/revisions"}],"predecessor-version":[{"id":16382,"href":"https:\/\/obispadodezaratecampana.org\/index.php?rest_route=\/wp\/v2\/posts\/16374\/revisions\/16382"}],"wp:featuredmedia":[{"embeddable":true,"href":"https:\/\/obispadodezaratecampana.org\/index.php?rest_route=\/wp\/v2\/media\/16376"}],"wp:attachment":[{"href":"https:\/\/obispadodezaratecampana.org\/index.php?rest_route=%2Fwp%2Fv2%2Fmedia&parent=16374"}],"wp:term":[{"taxonomy":"category","embeddable":true,"href":"https:\/\/obispadodezaratecampana.org\/index.php?rest_route=%2Fwp%2Fv2%2Fcategories&post=16374"},{"taxonomy":"post_tag","embeddable":true,"href":"https:\/\/obispadodezaratecampana.org\/index.php?rest_route=%2Fwp%2Fv2%2Ftags&post=16374"}],"curies":[{"name":"wp","href":"https:\/\/api.w.org\/{rel}","templated":true}]}}