{"id":16365,"date":"2019-10-01T14:01:37","date_gmt":"2019-10-01T17:01:37","guid":{"rendered":"http:\/\/obispadodezaratecampana.org\/?p=16365"},"modified":"2019-10-01T14:01:37","modified_gmt":"2019-10-01T17:01:37","slug":"34-encuentro-nacional-de-mujeres-reflexion-del-arzobispo-de-la-plata","status":"publish","type":"post","link":"https:\/\/obispadodezaratecampana.org\/?p=16365","title":{"rendered":"34\u00b0 Encuentro Nacional de Mujeres: Reflexi\u00f3n del Arzobispo de La Plata"},"content":{"rendered":"<p style=\"text-align: center;\"><span style=\"color: #800080;\"><img decoding=\"async\" class=\"alignnone  wp-image-16366\" src=\"http:\/\/obispadodezaratecampana.org\/wp-content\/uploads\/2019\/10\/21766825_10214076395846610_3174985570534375187_n-300x300.jpg\" alt=\"21766825_10214076395846610_3174985570534375187_n\" width=\"223\" height=\"223\" srcset=\"https:\/\/obispadodezaratecampana.org\/wp-content\/uploads\/2019\/10\/21766825_10214076395846610_3174985570534375187_n-300x300.jpg 300w, https:\/\/obispadodezaratecampana.org\/wp-content\/uploads\/2019\/10\/21766825_10214076395846610_3174985570534375187_n-150x150.jpg 150w, https:\/\/obispadodezaratecampana.org\/wp-content\/uploads\/2019\/10\/21766825_10214076395846610_3174985570534375187_n.jpg 578w\" sizes=\"(max-width: 223px) 100vw, 223px\" \/><\/span><\/p>\n<p style=\"text-align: justify;\"><span style=\"color: #800080;\">Se acerca el Encuentro Nacional de Mujeres autoconvocadas en La Plata. Hay gente con miedo, incluidos miembros de las fuerzas de seguridad, pol\u00edticos y vecinos, como si viniera una horda sedienta de venganza y destrucci\u00f3n. Pero son mujeres, de muchos colores, con diversas formas de defender sus derechos, y tambi\u00e9n con diferencias entre ellas. Las une el sue\u00f1o de una verdadera igualdad, y la ira se entiende cuando se recuerda la historia, siglos de opresi\u00f3n, de humillaci\u00f3n, de dominio machista, de violencia.<\/span><\/p>\n<p style=\"text-align: justify;\"><span style=\"color: #800080;\">A veces la bronca se concentra contra la Iglesia, que necesita una autocr\u00edtica en este tema, como en tantos otros. Durante siglos toler\u00f3 la esclavitud aun cuando su fe le dec\u00eda que cada ser humano -mujer o var\u00f3n- tiene una dignidad inalienable. Pero hubo santos que se dedicaron a comprar esclavos para dejarlos libres. Del mismo modo, en la conquista de Am\u00e9rica hubo curas que toleraban los excesos y dec\u00edan que los abor\u00edgenes no ten\u00edan alma. Sin embargo, el cura Bartolom\u00e9 de las Casas se desangraba por defenderlos. De \u00e9l dijo Pablo Neruda: &#8220;Pocas vidas da el hombre como la tuya&#8230; Eras la eternidad de la ternura&#8221;.<\/span><\/p>\n<p style=\"text-align: justify;\"><span style=\"color: #800080;\">Adem\u00e1s, hubo mujeres cristianas que supieron tomar las riendas en \u00e9pocas oscuras. Santa Catalina de Siena era capaz de hacerle frente a cualquier autoridad eclesi\u00e1stica, y la mexicana Juana In\u00e9s de la Cruz escrib\u00eda: &#8220;Hombres necios que acus\u00e1is a la mujer sin raz\u00f3n&#8221;. Desde Santiago del Estero, la Mama Antula sal\u00eda a caminar miles de kil\u00f3metros porque se sent\u00eda capaz de reemplazar a los jesuitas expulsados. Por no mencionar a algunas abadesas que en la Edad Media hac\u00edan temblar a los obispos. Otras muchas sufr\u00edan de parte de los eclesi\u00e1sticos el desprecio y el aprovechamiento.<\/span><\/p>\n<p style=\"text-align: justify;\"><span style=\"color: #800080;\">Durante tres d\u00edas, miles de mujeres se reunir\u00e1n para reflexionar sobre sus derechos y expresar su punto de vista. \u00bfEst\u00e1n todas de acuerdo acerca de las prioridades? S\u00e9 que algunas que participar\u00e1n no est\u00e1n a favor del aborto y prefieren representar a las que son forzadas a abortar por sus patrones o por sus novios. O insisten en alcanzar una verdadera paridad laboral. O quieren ser la voz de las que sue\u00f1an con ser madres, pero mueren en el parto, desnutridas. O luchan con u\u00f1as y dientes contra la trata de mujeres. Pero hay una serie de reclamos urgentes que las unen a todas.<\/span><\/p>\n<p style=\"text-align: justify;\"><span style=\"color: #800080;\">Corre por las redes que prometen quemar y destruir. Estoy seguro de que la mayor parte desea hacerse o\u00edr pac\u00edficamente, reivindicando un leg\u00edtimo derecho a protestar. Las que quieren da\u00f1ar y destruir no las representan a ellas ni a la inmensa mayor\u00eda de la sociedad. De todos modos, quienes no hemos sabido asumir como propios los leg\u00edtimos reclamos de las mujeres simplemente tendremos que abrir el o\u00eddo. Bienvenidas las que vienen a enriquecer el debate p\u00fablico.<\/span><\/p>\n<p style=\"text-align: justify;\"><span style=\"color: #800080;\">Ruego a todos los cat\u00f3licos que eviten cualquier forma de agresi\u00f3n verbal y toda iniciativa que termine siendo provocativa. Las mujeres cat\u00f3licas podr\u00e1n dar su opini\u00f3n en los talleres, o bien orar en sus casas. Pero no caben en esos d\u00edas acciones que, con la excusa de proteger iglesias, puedan interpretarse como una &#8220;resistencia&#8221; cristiana. Quienes cuiden las iglesias y otros lugares ser\u00e1n las estructuras dependientes del Estado que se organizan para preservar el orden p\u00fablico. Como arzobispo de La Plata, me compromet\u00ed a procurar evitar todo acto, movilizaci\u00f3n o expresi\u00f3n que se manifieste como una contraofensiva, lo cual ser\u00eda in\u00fatil, ineficaz e imprudente.<\/span><\/p>\n<p style=\"text-align: justify;\"><span style=\"color: #800080;\">Al mismo tiempo, m\u00e1s all\u00e1 de que pueda comprender la bronca de muchas, apelo a las mismas participantes para que colaboren en la contenci\u00f3n de quienes buscan da\u00f1ar lugares que son del pueblo. Aun las iglesias son anclajes para muchas mujeres pobres, que las viven como espacios donde recuperan las fuerzas para seguir luchando. A tantas de ellas no les importan los curas ni los obispos, pero aman los lugares sagrados que les permiten casarse, bautizar a sus hijos, llorar o gritar sus penas y esperanzas. En una \u00e9poca tan dura, mejor gastemos para los pobres lo que tendr\u00edamos que invertir en reparar da\u00f1os.<\/span><\/p>\n<p style=\"text-align: justify;\"><span style=\"color: #800080;\">No pretendo con estas l\u00edneas conformar a nadie, pero ofrezco mi humilde oraci\u00f3n y mi pobre capacidad para que sigamos caminando hacia una sociedad m\u00e1s inclusiva. El sue\u00f1o es que brille cada vez mejor la igualdad entre todos los seres humanos y el inmenso valor de cada persona m\u00e1s all\u00e1 de su color, origen, ideas, desarrollo y orientaci\u00f3n sexual.<\/span><\/p>\n<p style=\"text-align: justify;\"><span style=\"color: #800080;\">Mons. V\u00edctor Manuel Fern\u00e1ndez<\/span><\/p>\n<p style=\"text-align: justify;\"><span style=\"color: #800080;\">Arzobispo de La Plata <\/span><\/p>\n<p style=\"text-align: justify;\"><em><span style=\"color: #800080;\">Diario La Naci\u00f3n\u00a01 de octubre 2019<\/span><\/em><\/p>\n<p style=\"text-align: justify;\">\n<!-- AddThis Advanced Settings generic via filter on the_content --><!-- AddThis Share Buttons generic via filter on the_content -->","protected":false},"excerpt":{"rendered":"<p>Se acerca el Encuentro Nacional de Mujeres autoconvocadas en La Plata. Hay gente con miedo, incluidos miembros de las fuerzas de seguridad, pol\u00edticos y vecinos, [&hellip;]<!-- AddThis Advanced Settings generic via filter on get_the_excerpt --><!-- AddThis Share Buttons generic via filter on get_the_excerpt --><\/p>\n","protected":false},"author":2,"featured_media":16366,"comment_status":"open","ping_status":"open","sticky":false,"template":"","format":"standard","meta":{"footnotes":""},"categories":[5,1],"tags":[],"class_list":["post-16365","post","type-post","status-publish","format-standard","has-post-thumbnail","hentry","category-generales","category-noticiasdiocesanas"],"_links":{"self":[{"href":"https:\/\/obispadodezaratecampana.org\/index.php?rest_route=\/wp\/v2\/posts\/16365","targetHints":{"allow":["GET"]}}],"collection":[{"href":"https:\/\/obispadodezaratecampana.org\/index.php?rest_route=\/wp\/v2\/posts"}],"about":[{"href":"https:\/\/obispadodezaratecampana.org\/index.php?rest_route=\/wp\/v2\/types\/post"}],"author":[{"embeddable":true,"href":"https:\/\/obispadodezaratecampana.org\/index.php?rest_route=\/wp\/v2\/users\/2"}],"replies":[{"embeddable":true,"href":"https:\/\/obispadodezaratecampana.org\/index.php?rest_route=%2Fwp%2Fv2%2Fcomments&post=16365"}],"version-history":[{"count":1,"href":"https:\/\/obispadodezaratecampana.org\/index.php?rest_route=\/wp\/v2\/posts\/16365\/revisions"}],"predecessor-version":[{"id":16367,"href":"https:\/\/obispadodezaratecampana.org\/index.php?rest_route=\/wp\/v2\/posts\/16365\/revisions\/16367"}],"wp:featuredmedia":[{"embeddable":true,"href":"https:\/\/obispadodezaratecampana.org\/index.php?rest_route=\/wp\/v2\/media\/16366"}],"wp:attachment":[{"href":"https:\/\/obispadodezaratecampana.org\/index.php?rest_route=%2Fwp%2Fv2%2Fmedia&parent=16365"}],"wp:term":[{"taxonomy":"category","embeddable":true,"href":"https:\/\/obispadodezaratecampana.org\/index.php?rest_route=%2Fwp%2Fv2%2Fcategories&post=16365"},{"taxonomy":"post_tag","embeddable":true,"href":"https:\/\/obispadodezaratecampana.org\/index.php?rest_route=%2Fwp%2Fv2%2Ftags&post=16365"}],"curies":[{"name":"wp","href":"https:\/\/api.w.org\/{rel}","templated":true}]}}