{"id":16337,"date":"2019-09-28T18:17:09","date_gmt":"2019-09-28T21:17:09","guid":{"rendered":"http:\/\/obispadodezaratecampana.org\/?p=16337"},"modified":"2019-09-28T18:17:09","modified_gmt":"2019-09-28T21:17:09","slug":"inscribite-vamos-desde-la-diocesis-de-zarate-campana-al-congreso-mariano-en-catamarca","status":"publish","type":"post","link":"https:\/\/obispadodezaratecampana.org\/?p=16337","title":{"rendered":"Inscribite: Vamos desde la di\u00f3cesis de Z\u00e1rate &#8211; Campana al Congreso Mariano en Catamarca"},"content":{"rendered":"<p style=\"text-align: center;\">\n<h3 style=\"text-align: center;\">\n<span style=\"color: rgb(0, 128, 128);\">Mar\u00eda, Madre del Pueblo Esperanza Nuestra<\/span><br \/>\n<span style=\"color: rgb(0, 128, 128);\">&#8220;Con Mar\u00eda, Servidores de la Esperanza&#8221;<\/span><\/h3>\n<h3 style=\"text-align: center;\">\n<span style=\"color: rgb(0, 128, 128);\">IV Congreso Mariano Nacional 2020 en el A\u00f1o Jubilar Mariano<\/span><br \/>\n<span style=\"color: rgb(0, 128, 128);\">Del 23 al 26 de abril 2020 en Catamarca, Argentina \u26ea<\/span><\/h3>\n<h2 style=\"text-align: center;\">\n<span style=\"color: rgb(0, 128, 128);\">Vamos desde la di\u00f3cesis de Z\u00e1rate &#8211; Campana<\/span><\/h2>\n<h3 style=\"text-align: center;\">\n<span style=\"color: rgb(0, 128, 128);\">Para informaci\u00f3n e inscripciones comunicarse via correo electr\u00f3nico: <\/span><\/h3>\n<h2 style=\"text-align: center;\"><span style=\"color: rgb(0, 128, 128);\">zccatamarca2020@gmail.com<\/span><\/h2>\n<p style=\"text-align: center;\"><img fetchpriority=\"high\" decoding=\"async\" class=\"alignnone size-medium wp-image-16338\" src=\"http:\/\/obispadodezaratecampana.org\/wp-content\/uploads\/2019\/09\/70796423_2471978379754662_1097716322856337408_o-289x300.jpg\" alt=\"70796423_2471978379754662_1097716322856337408_o\" width=\"289\" height=\"300\" srcset=\"https:\/\/obispadodezaratecampana.org\/wp-content\/uploads\/2019\/09\/70796423_2471978379754662_1097716322856337408_o-289x300.jpg 289w, https:\/\/obispadodezaratecampana.org\/wp-content\/uploads\/2019\/09\/70796423_2471978379754662_1097716322856337408_o.jpg 987w\" sizes=\"(max-width: 289px) 100vw, 289px\" \/><\/p>\n<!-- AddThis Advanced Settings generic via filter on the_content --><!-- AddThis Share Buttons generic via filter on the_content -->","protected":false},"excerpt":{"rendered":"<p>Mar\u00eda, Madre del Pueblo Esperanza Nuestra &#8220;Con Mar\u00eda, Servidores de la Esperanza&#8221; IV Congreso Mariano Nacional 2020 en el A\u00f1o Jubilar Mariano Del 23 al [&hellip;]<!-- AddThis Advanced Settings generic via filter on get_the_excerpt --><!-- AddThis Share Buttons generic via filter on get_the_excerpt --><\/p>\n","protected":false},"author":2,"featured_media":16338,"comment_status":"open","ping_status":"open","sticky":false,"template":"","format":"standard","meta":{"footnotes":""},"categories":[5,1],"tags":[],"class_list":["post-16337","post","type-post","status-publish","format-standard","has-post-thumbnail","hentry","category-generales","category-noticiasdiocesanas"],"_links":{"self":[{"href":"https:\/\/obispadodezaratecampana.org\/index.php?rest_route=\/wp\/v2\/posts\/16337","targetHints":{"allow":["GET"]}}],"collection":[{"href":"https:\/\/obispadodezaratecampana.org\/index.php?rest_route=\/wp\/v2\/posts"}],"about":[{"href":"https:\/\/obispadodezaratecampana.org\/index.php?rest_route=\/wp\/v2\/types\/post"}],"author":[{"embeddable":true,"href":"https:\/\/obispadodezaratecampana.org\/index.php?rest_route=\/wp\/v2\/users\/2"}],"replies":[{"embeddable":true,"href":"https:\/\/obispadodezaratecampana.org\/index.php?rest_route=%2Fwp%2Fv2%2Fcomments&post=16337"}],"version-history":[{"count":1,"href":"https:\/\/obispadodezaratecampana.org\/index.php?rest_route=\/wp\/v2\/posts\/16337\/revisions"}],"predecessor-version":[{"id":16339,"href":"https:\/\/obispadodezaratecampana.org\/index.php?rest_route=\/wp\/v2\/posts\/16337\/revisions\/16339"}],"wp:featuredmedia":[{"embeddable":true,"href":"https:\/\/obispadodezaratecampana.org\/index.php?rest_route=\/wp\/v2\/media\/16338"}],"wp:attachment":[{"href":"https:\/\/obispadodezaratecampana.org\/index.php?rest_route=%2Fwp%2Fv2%2Fmedia&parent=16337"}],"wp:term":[{"taxonomy":"category","embeddable":true,"href":"https:\/\/obispadodezaratecampana.org\/index.php?rest_route=%2Fwp%2Fv2%2Fcategories&post=16337"},{"taxonomy":"post_tag","embeddable":true,"href":"https:\/\/obispadodezaratecampana.org\/index.php?rest_route=%2Fwp%2Fv2%2Ftags&post=16337"}],"curies":[{"name":"wp","href":"https:\/\/api.w.org\/{rel}","templated":true}]}}