{"id":16319,"date":"2019-09-12T16:56:08","date_gmt":"2019-09-12T19:56:08","guid":{"rendered":"http:\/\/obispadodezaratecampana.org\/?p=16319"},"modified":"2019-09-14T17:27:43","modified_gmt":"2019-09-14T20:27:43","slug":"20-anos-nuestra-senora-del-cielo-celebracion-en-la-iglesia-sagrada-familia-de-pilar","status":"publish","type":"post","link":"https:\/\/obispadodezaratecampana.org\/?p=16319","title":{"rendered":"20 a\u00f1os Nuestra Se\u00f1ora del Cielo: Celebraci\u00f3n en la Iglesia Sagrada Familia de Pilar"},"content":{"rendered":"<h2 style=\"color: #1c1e21; text-align: center;\"><span style=\"color: #33cccc;\">Fiesta de los 20 a\u00f1os de\u00a0<a class=\"_58cn\" style=\"color: #385898;\" href=\"https:\/\/www.facebook.com\/hashtag\/nuestrase%C3%B1oradelcielo?source=feed_text&amp;epa=HASHTAG&amp;__xts__%5B0%5D=68.ARDdtaNhBg7cLTtu31J82sGaowX7yWyGvYHA5FcBmVlaXbAL7JWJHrJ32xuzL6C1dP_eqe8YdeOIRfIEFiu9Uz18OT90drpcfHzRomwfxj_Ejhwcj4txoI1N_knlY8sRQo3oxoZtDYNCySKLR5uQdqJ_BwFciXRnRrSBBFcwAJ4xZ8mcGUA_6fmv1bYoxZ7dc069Tz7PLkibXtDyNyRXum2LLE5sWMehMmdpSfOvr5DzD6xfxkvngsmMqYcR4HyzMwX2QGbMitgUA8QaqoHozdXEfeGv2tp7Y57MYNGUP1l7FzCIYPmQqwMofM-B0syEviwe5peT-lEB-7xEcVsYyoe0yw&amp;__tn__=%2ANK-R\" data-ft=\"{&quot;type&quot;:104,&quot;tn&quot;:&quot;*N&quot;}\"><span class=\"_5afx\" style=\"color: #33cccc;\"><span class=\"_58cl _5afz\" style=\"color: #365899;\">#<\/span><span class=\"_58cm\">NuestraSe\u00f1oraDelCielo<\/span><\/span><\/a>\u00a0<\/span><\/h2>\n<h4 style=\"text-align: center;\"><span style=\"color: #800080;\"><em>Contacto:\u00a0belendemaria@reinadelcielo.org<\/em><\/span><\/h4>\n<h4 style=\"color: #1c1e21; text-align: center;\"><span style=\"color: #33cccc;\">Ven\u00ed a celebrar los 20 a\u00f1os de Misi\u00f3n<\/span><br \/>\n<span style=\"color: #33cccc;\">Ven\u00ed a darle gracias a Mar\u00eda por tantas bendiciones<\/span><br \/>\n<span style=\"color: #33cccc;\">Ven\u00ed a dejar en sus manos tus necesidades<span class=\"text_exposed_show\"><br \/>\nVen\u00ed a encontrarte con Ella, nuestra Mam\u00e1<\/span><\/span><\/h4>\n<div class=\"text_exposed_show\" style=\"color: #1c1e21;\">\n<h3 style=\"text-align: center;\"><span class=\"_5afx\" style=\"color: #33cccc;\"><a class=\"_58cn\" style=\"color: #385898;\" href=\"https:\/\/www.facebook.com\/hashtag\/aniversario?source=feed_text&amp;epa=HASHTAG&amp;__xts__%5B0%5D=68.ARDdtaNhBg7cLTtu31J82sGaowX7yWyGvYHA5FcBmVlaXbAL7JWJHrJ32xuzL6C1dP_eqe8YdeOIRfIEFiu9Uz18OT90drpcfHzRomwfxj_Ejhwcj4txoI1N_knlY8sRQo3oxoZtDYNCySKLR5uQdqJ_BwFciXRnRrSBBFcwAJ4xZ8mcGUA_6fmv1bYoxZ7dc069Tz7PLkibXtDyNyRXum2LLE5sWMehMmdpSfOvr5DzD6xfxkvngsmMqYcR4HyzMwX2QGbMitgUA8QaqoHozdXEfeGv2tp7Y57MYNGUP1l7FzCIYPmQqwMofM-B0syEviwe5peT-lEB-7xEcVsYyoe0yw&amp;__tn__=%2ANK-R\" data-ft=\"{&quot;type&quot;:104,&quot;tn&quot;:&quot;*N&quot;}\"><span style=\"color: #33cccc;\"><span class=\"_58cl _5afz\" style=\"color: #365899;\">#<\/span><span class=\"_58cm\">Aniversario<\/span><\/span><\/a>\u00a0<\/span><\/h3>\n<h3 style=\"text-align: center;\"><span style=\"color: #33cccc;\"><a class=\"_58cn\" style=\"color: #385898;\" href=\"https:\/\/www.facebook.com\/hashtag\/20a%C3%B1os?source=feed_text&amp;epa=HASHTAG&amp;__xts__%5B0%5D=68.ARDdtaNhBg7cLTtu31J82sGaowX7yWyGvYHA5FcBmVlaXbAL7JWJHrJ32xuzL6C1dP_eqe8YdeOIRfIEFiu9Uz18OT90drpcfHzRomwfxj_Ejhwcj4txoI1N_knlY8sRQo3oxoZtDYNCySKLR5uQdqJ_BwFciXRnRrSBBFcwAJ4xZ8mcGUA_6fmv1bYoxZ7dc069Tz7PLkibXtDyNyRXum2LLE5sWMehMmdpSfOvr5DzD6xfxkvngsmMqYcR4HyzMwX2QGbMitgUA8QaqoHozdXEfeGv2tp7Y57MYNGUP1l7FzCIYPmQqwMofM-B0syEviwe5peT-lEB-7xEcVsYyoe0yw&amp;__tn__=%2ANK-R\" data-ft=\"{&quot;type&quot;:104,&quot;tn&quot;:&quot;*N&quot;}\"><span class=\"_5afx\" style=\"color: #33cccc;\"><span class=\"_58cl _5afz\" style=\"color: #365899;\">#<\/span><span class=\"_58cm\">20A\u00f1os<\/span><\/span><\/a><\/span><\/h3>\n<h3 style=\"text-align: center;\"><span class=\"_5afx\" style=\"color: #33cccc;\"><a class=\"_58cn\" style=\"color: #385898;\" href=\"https:\/\/www.facebook.com\/hashtag\/ellamecambiolavida?source=feed_text&amp;epa=HASHTAG&amp;__xts__%5B0%5D=68.ARDdtaNhBg7cLTtu31J82sGaowX7yWyGvYHA5FcBmVlaXbAL7JWJHrJ32xuzL6C1dP_eqe8YdeOIRfIEFiu9Uz18OT90drpcfHzRomwfxj_Ejhwcj4txoI1N_knlY8sRQo3oxoZtDYNCySKLR5uQdqJ_BwFciXRnRrSBBFcwAJ4xZ8mcGUA_6fmv1bYoxZ7dc069Tz7PLkibXtDyNyRXum2LLE5sWMehMmdpSfOvr5DzD6xfxkvngsmMqYcR4HyzMwX2QGbMitgUA8QaqoHozdXEfeGv2tp7Y57MYNGUP1l7FzCIYPmQqwMofM-B0syEviwe5peT-lEB-7xEcVsYyoe0yw&amp;__tn__=%2ANK-R\" data-ft=\"{&quot;type&quot;:104,&quot;tn&quot;:&quot;*N&quot;}\"><span style=\"color: #33cccc;\"><span class=\"_58cl _5afz\" style=\"color: #365899;\">#<\/span><span class=\"_58cm\">EllaMeCambioLaVida<\/span><\/span><\/a><\/span><\/h3>\n<\/div>\n<p style=\"text-align: center;\"><img fetchpriority=\"high\" decoding=\"async\" class=\"alignnone  wp-image-16316\" src=\"http:\/\/obispadodezaratecampana.org\/wp-content\/uploads\/2019\/04\/67608801_1975340329234362_3973158693729468416_o-231x300.jpg\" alt=\"67608801_1975340329234362_3973158693729468416_o\" width=\"377\" height=\"489\" srcset=\"https:\/\/obispadodezaratecampana.org\/wp-content\/uploads\/2019\/04\/67608801_1975340329234362_3973158693729468416_o-231x300.jpg 231w, https:\/\/obispadodezaratecampana.org\/wp-content\/uploads\/2019\/04\/67608801_1975340329234362_3973158693729468416_o.jpg 770w\" sizes=\"(max-width: 377px) 100vw, 377px\" \/><\/p>\n<!-- AddThis Advanced Settings generic via filter on the_content --><!-- AddThis Share Buttons generic via filter on the_content -->","protected":false},"excerpt":{"rendered":"<p>Fiesta de los 20 a\u00f1os de\u00a0#NuestraSe\u00f1oraDelCielo\u00a0 Contacto:\u00a0belendemaria@reinadelcielo.org Ven\u00ed a celebrar los 20 a\u00f1os de Misi\u00f3n Ven\u00ed a darle gracias a Mar\u00eda por tantas bendiciones Ven\u00ed [&hellip;]<!-- AddThis Advanced Settings generic via filter on get_the_excerpt --><!-- AddThis Share Buttons generic via filter on get_the_excerpt --><\/p>\n","protected":false},"author":2,"featured_media":16316,"comment_status":"open","ping_status":"open","sticky":false,"template":"","format":"standard","meta":{"footnotes":""},"categories":[4,1],"tags":[],"class_list":["post-16319","post","type-post","status-publish","format-standard","has-post-thumbnail","hentry","category-movimientosinstituciones","category-noticiasdiocesanas"],"_links":{"self":[{"href":"https:\/\/obispadodezaratecampana.org\/index.php?rest_route=\/wp\/v2\/posts\/16319","targetHints":{"allow":["GET"]}}],"collection":[{"href":"https:\/\/obispadodezaratecampana.org\/index.php?rest_route=\/wp\/v2\/posts"}],"about":[{"href":"https:\/\/obispadodezaratecampana.org\/index.php?rest_route=\/wp\/v2\/types\/post"}],"author":[{"embeddable":true,"href":"https:\/\/obispadodezaratecampana.org\/index.php?rest_route=\/wp\/v2\/users\/2"}],"replies":[{"embeddable":true,"href":"https:\/\/obispadodezaratecampana.org\/index.php?rest_route=%2Fwp%2Fv2%2Fcomments&post=16319"}],"version-history":[{"count":3,"href":"https:\/\/obispadodezaratecampana.org\/index.php?rest_route=\/wp\/v2\/posts\/16319\/revisions"}],"predecessor-version":[{"id":16322,"href":"https:\/\/obispadodezaratecampana.org\/index.php?rest_route=\/wp\/v2\/posts\/16319\/revisions\/16322"}],"wp:featuredmedia":[{"embeddable":true,"href":"https:\/\/obispadodezaratecampana.org\/index.php?rest_route=\/wp\/v2\/media\/16316"}],"wp:attachment":[{"href":"https:\/\/obispadodezaratecampana.org\/index.php?rest_route=%2Fwp%2Fv2%2Fmedia&parent=16319"}],"wp:term":[{"taxonomy":"category","embeddable":true,"href":"https:\/\/obispadodezaratecampana.org\/index.php?rest_route=%2Fwp%2Fv2%2Fcategories&post=16319"},{"taxonomy":"post_tag","embeddable":true,"href":"https:\/\/obispadodezaratecampana.org\/index.php?rest_route=%2Fwp%2Fv2%2Ftags&post=16319"}],"curies":[{"name":"wp","href":"https:\/\/api.w.org\/{rel}","templated":true}]}}