{"id":16292,"date":"2019-08-21T17:00:25","date_gmt":"2019-08-21T20:00:25","guid":{"rendered":"http:\/\/obispadodezaratecampana.org\/?p=16292"},"modified":"2019-08-21T17:00:25","modified_gmt":"2019-08-21T20:00:25","slug":"saludo-del-obispo-en-el-dia-del-catequista","status":"publish","type":"post","link":"https:\/\/obispadodezaratecampana.org\/?p=16292","title":{"rendered":"Saludo del Obispo en el d\u00eda del Catequista"},"content":{"rendered":"<div id=\"js_49k\" class=\"_5pbx userContent _3576\" style=\"color: #1c1e21;\" data-testid=\"post_message\" data-ft=\"{&quot;tn&quot;:&quot;K&quot;}\">\n<div id=\"id_5d5da2501e4480e97410336\" class=\"text_exposed_root text_exposed\">\n<p style=\"text-align: center;\"><img fetchpriority=\"high\" decoding=\"async\" class=\"alignnone size-medium wp-image-16293\" src=\"http:\/\/obispadodezaratecampana.org\/wp-content\/uploads\/2019\/08\/Obispo-Pedro-M.-Laxague-300x240.jpg\" alt=\"Obispo Pedro M. Laxague\" width=\"300\" height=\"240\" srcset=\"https:\/\/obispadodezaratecampana.org\/wp-content\/uploads\/2019\/08\/Obispo-Pedro-M.-Laxague-300x240.jpg 300w, https:\/\/obispadodezaratecampana.org\/wp-content\/uploads\/2019\/08\/Obispo-Pedro-M.-Laxague.jpg 621w\" sizes=\"(max-width: 300px) 100vw, 300px\" \/><\/p>\n<p style=\"text-align: justify;\"><span style=\"color: #000080;\">Queridos Catequistas:<\/span><\/p>\n<p style=\"text-align: justify;\"><span style=\"color: #000080;\">\u201cSer Catequista es una vocaci\u00f3n: ser Catequista. Esta es la vocaci\u00f3n, no trabajar de Catequista\u201d. (\u2026) \u201cEl Catequista no es un maestro o un profesor que cree que da una lecci\u00f3n. La Catequesis no es una lecci\u00f3n; la Catequesis es la comunicaci\u00f3n de una experiencia y el testimonio de una fe que enciende los corazones, porque introduce el deseo de encontrar a Cristo\u201d. (Fuente: Video mensaje Papa Francisco: Conferencia internacional \u201cEl Catequista, testigo del<span class=\"text_exposed_show\">\u00a0misterio\u201d. Roma, Septiembre 2018)<\/span><\/span><\/p>\n<div class=\"text_exposed_show\" style=\"text-align: justify;\">\n<p><span style=\"color: #000080;\">Tanto les agradezco su seguimiento a esta vocaci\u00f3n.<\/span><\/p>\n<p><span style=\"color: #000080;\">Con alegr\u00eda les anuncio que estamos llegando a la \u00faltima etapa de la elaboraci\u00f3n del material de Catequesis de iniciaci\u00f3n cristiana para toda la di\u00f3cesis, fruto del trabajo de un equipo de la Junta Diocesana de Catequesis.<\/span><\/p>\n<p><span style=\"color: #000080;\">Nos vemos en el ENDICA, el s\u00e1bado 31 de agosto en Baradero.<\/span><\/p>\n<p><span style=\"color: #000080;\">Que el Buen Dios los bendiga.<\/span><\/p>\n<p><span style=\"color: #000080;\">+ Pedro Laxague<\/span><br \/>\n<span style=\"color: #000080;\">Obispo de Z\u00e1rate &#8211; Campana<\/span><\/p>\n<\/div>\n<\/div>\n<\/div>\n<div class=\"_3x-2\" style=\"color: #1c1e21;\" data-ft=\"{&quot;tn&quot;:&quot;H&quot;}\">\n<div data-ft=\"{&quot;tn&quot;:&quot;H&quot;}\">\n<div class=\"mtm\">\n<div>\n<div class=\"_5cq3 _1ktf\" style=\"text-align: justify;\" data-ft=\"{&quot;tn&quot;:&quot;E&quot;}\"><span style=\"color: #000080;\"><a class=\"_4-eo _2t9n\" style=\"color: #385898;\" href=\"https:\/\/www.facebook.com\/obispadozc\/photos\/a.1580284592257383\/2445624792390021\/?type=3&amp;eid=ARBXxYrFGjqzeGwzTKCyW1KwbQWif1-IiIk8n0H5WHQVDNn1LkEXKVKCuMUFMZsx3gDkRqhyfmVQXUTX&amp;__xts__%5B0%5D=68.ARDim-msaIYo-veVND8ZSYM4RYhUmxbq0A738ZlgcG8RY1-lDG7ub7Y6Lan4b_vZL7LBWyK0EIM9H9gQeAxU521bGYQkhuiSQnv-NtIDmfXYyqY4hT7kuNgRGJcZOV15NBe7hhFDiydaCVkk2MSgnVDZ6_0mB4XGhc-bRlEadZv-pkNfLc58JpC6IKqY3l3dtbhhxlCK3M16t_lvhVKfu0DwBILPK7aLRrldcDf4NohsPise3xgYDhlcbdfjA5wNQPNamB5lTLQaaC5xyTsI975FKuigWwicIxYEHX9hRTnCPtchd5Y_QzpCO6hiayA_olCmOWSvR_V-DKtjkMqr38t8H8XN&amp;__tn__=EHH-R\" rel=\"theater\" data-ploi=\"https:\/\/scontent.faep8-2.fna.fbcdn.net\/v\/t1.0-9\/69349531_2445624795723354_796846416298246144_n.jpg?_nc_cat=107&amp;_nc_oc=AQnA3bs_urrSSTx5OxvE3e7PrCVR2Df2qtP8yL2TZTETAG2gWlAFCS41BwJB8CH7EAQ&amp;_nc_ht=scontent.faep8-2.fna&amp;oh=009612bd1bc75855bec957fb1a006497&amp;oe=5DDB61D9\" data-render-location=\"homepage_stream\"><span style=\"color: #000080;\">\u00a0<\/span><\/a><\/span><\/div>\n<\/div>\n<\/div>\n<\/div>\n<\/div>\n<!-- AddThis Advanced Settings generic via filter on the_content --><!-- AddThis Share Buttons generic via filter on the_content -->","protected":false},"excerpt":{"rendered":"<p>Queridos Catequistas: \u201cSer Catequista es una vocaci\u00f3n: ser Catequista. Esta es la vocaci\u00f3n, no trabajar de Catequista\u201d. (\u2026) \u201cEl Catequista no es un maestro o [&hellip;]<!-- AddThis Advanced Settings generic via filter on get_the_excerpt --><!-- AddThis Share Buttons generic via filter on get_the_excerpt --><\/p>\n","protected":false},"author":2,"featured_media":16293,"comment_status":"open","ping_status":"open","sticky":false,"template":"","format":"standard","meta":{"footnotes":""},"categories":[5,1],"tags":[],"class_list":["post-16292","post","type-post","status-publish","format-standard","has-post-thumbnail","hentry","category-generales","category-noticiasdiocesanas"],"_links":{"self":[{"href":"https:\/\/obispadodezaratecampana.org\/index.php?rest_route=\/wp\/v2\/posts\/16292","targetHints":{"allow":["GET"]}}],"collection":[{"href":"https:\/\/obispadodezaratecampana.org\/index.php?rest_route=\/wp\/v2\/posts"}],"about":[{"href":"https:\/\/obispadodezaratecampana.org\/index.php?rest_route=\/wp\/v2\/types\/post"}],"author":[{"embeddable":true,"href":"https:\/\/obispadodezaratecampana.org\/index.php?rest_route=\/wp\/v2\/users\/2"}],"replies":[{"embeddable":true,"href":"https:\/\/obispadodezaratecampana.org\/index.php?rest_route=%2Fwp%2Fv2%2Fcomments&post=16292"}],"version-history":[{"count":1,"href":"https:\/\/obispadodezaratecampana.org\/index.php?rest_route=\/wp\/v2\/posts\/16292\/revisions"}],"predecessor-version":[{"id":16294,"href":"https:\/\/obispadodezaratecampana.org\/index.php?rest_route=\/wp\/v2\/posts\/16292\/revisions\/16294"}],"wp:featuredmedia":[{"embeddable":true,"href":"https:\/\/obispadodezaratecampana.org\/index.php?rest_route=\/wp\/v2\/media\/16293"}],"wp:attachment":[{"href":"https:\/\/obispadodezaratecampana.org\/index.php?rest_route=%2Fwp%2Fv2%2Fmedia&parent=16292"}],"wp:term":[{"taxonomy":"category","embeddable":true,"href":"https:\/\/obispadodezaratecampana.org\/index.php?rest_route=%2Fwp%2Fv2%2Fcategories&post=16292"},{"taxonomy":"post_tag","embeddable":true,"href":"https:\/\/obispadodezaratecampana.org\/index.php?rest_route=%2Fwp%2Fv2%2Ftags&post=16292"}],"curies":[{"name":"wp","href":"https:\/\/api.w.org\/{rel}","templated":true}]}}