{"id":16282,"date":"2019-08-17T12:44:30","date_gmt":"2019-08-17T15:44:30","guid":{"rendered":"http:\/\/obispadodezaratecampana.org\/?p=16282"},"modified":"2019-08-17T12:59:19","modified_gmt":"2019-08-17T15:59:19","slug":"parrocos-inician-su-ministerio-pastoral-en-las-nuevas-comunidades","status":"publish","type":"post","link":"https:\/\/obispadodezaratecampana.org\/?p=16282","title":{"rendered":"Sacerdotes inician su ministerio pastoral en las nuevas comunidades"},"content":{"rendered":"<p><img fetchpriority=\"high\" decoding=\"async\" class=\"alignnone size-medium wp-image-16283 aligncenter\" src=\"http:\/\/obispadodezaratecampana.org\/wp-content\/uploads\/2019\/08\/68483705_627349111006427_3899913240586485760_n-300x225.jpg\" alt=\"68483705_627349111006427_3899913240586485760_n\" width=\"300\" height=\"225\" srcset=\"https:\/\/obispadodezaratecampana.org\/wp-content\/uploads\/2019\/08\/68483705_627349111006427_3899913240586485760_n-300x225.jpg 300w, https:\/\/obispadodezaratecampana.org\/wp-content\/uploads\/2019\/08\/68483705_627349111006427_3899913240586485760_n.jpg 1024w\" sizes=\"(max-width: 300px) 100vw, 300px\" \/><\/p>\n<p style=\"text-align: justify;\"><span style=\"color: #993300;\">Queridos hermanos:<\/span><\/p>\n<p style=\"text-align: justify;\"><span style=\"color: #993300;\">En estos d\u00edas estoy acompa\u00f1ando a los sacerdotes que asumen en sus nuevas comunidades. Les agradezco nuevamente la buena predisposici\u00f3n y ayuda que brinden a los nuevos pastores.<\/span><\/p>\n<p style=\"text-align: justify;\"><span style=\"color: #993300;\">Sepan disculparme y entender que esto ha modificado mi agenda, y no podr\u00e9 presidir otras celebraciones acordadas con anterioridad.<\/span><\/p>\n<p style=\"text-align: justify;\"><span style=\"color: #993300;\">Ayer estuve en el inicio del ministerio pastoral de Adri\u00e1n L\u00e1zaro en la Parroquia Sagrada Familia de Los Cardales, el cual fue recibido con gran alegr\u00eda.<\/span><\/p>\n<p style=\"text-align: justify;\"><span style=\"color: #993300;\">Las pr\u00f3ximas celebraciones ser\u00e1n:<\/span><\/p>\n<p style=\"text-align: justify;\"><span style=\"color: #993300;\">-Domingo 1 septiembre 19 hs, Pquia. Natividad del Se\u00f1or, Escobar. Inicio ministerio pastoral como p\u00e1rroco Ariel Perez.<\/span><\/p>\n<p style=\"text-align: justify;\"><span style=\"color: #993300;\">-S\u00e1bado 7 septiembre 19 hs, Pquia. San Antonio de Padua, San Antonio de Areco. Inicio ministerio pastoral como p\u00e1rroco Albino Cabral.<\/span><\/p>\n<p style=\"text-align: justify;\"><span style=\"color: #993300;\">-Domingo 8 septiembre 11 hs, Catedral Santa Florentina, Campana. Inicio ministerio pastoral como p\u00e1rroco Fernando Crevatin.<\/span><\/p>\n<p style=\"text-align: justify;\"><span style=\"color: #993300;\">&#8211; Se est\u00e1 coordinando para determinar el d\u00eda\/hora: Parroquia Exaltaci\u00f3n de la Cruz, Capilla del Se\u00f1or. Inicio ministerio pastoral como p\u00e1rroco de Alfredo Meoniz.<\/span><\/p>\n<p style=\"text-align: justify;\"><span style=\"color: #993300;\">Los Bendigo y mando un gran abrazo en Cristo y Mam\u00e1 Mar\u00eda.<\/span><\/p>\n<p style=\"text-align: justify;\"><span style=\"color: #993300;\">+ Pedro Laxague<\/span><br \/>\n<span style=\"color: #993300;\">Obispo de Z\u00e1rate &#8211; Campana\u00a0<\/span><\/p>\n<p style=\"text-align: center;\"><span style=\"color: #ff6600;\"><em>Fotos: viernes 16 de agosto, inicio de ministerio pastoral como P\u00e1rroco de Adri\u00e1n L\u00e1zaro, Parroquia Sagrada Familia, Los Cardales.- <\/em><\/span><\/p>\n<p style=\"text-align: center;\"><a href=\"http:\/\/obispadodezaratecampana.org\/wp-content\/uploads\/2019\/08\/68651631_718224691949504_5470430966524674048_n.jpg\"><img decoding=\"async\" class=\"alignnone size-medium wp-image-16286\" src=\"http:\/\/obispadodezaratecampana.org\/wp-content\/uploads\/2019\/08\/68651631_718224691949504_5470430966524674048_n-300x300.jpg\" alt=\"68651631_718224691949504_5470430966524674048_n\" width=\"300\" height=\"300\" srcset=\"https:\/\/obispadodezaratecampana.org\/wp-content\/uploads\/2019\/08\/68651631_718224691949504_5470430966524674048_n-300x300.jpg 300w, https:\/\/obispadodezaratecampana.org\/wp-content\/uploads\/2019\/08\/68651631_718224691949504_5470430966524674048_n-150x150.jpg 150w, https:\/\/obispadodezaratecampana.org\/wp-content\/uploads\/2019\/08\/68651631_718224691949504_5470430966524674048_n.jpg 1024w\" sizes=\"(max-width: 300px) 100vw, 300px\" \/><\/a><\/p>\n<p style=\"text-align: center;\"><a href=\"http:\/\/obispadodezaratecampana.org\/wp-content\/uploads\/2019\/08\/68562004_363913494285229_6155672533082308608_n.jpg\"><img decoding=\"async\" class=\"alignnone size-medium wp-image-16284\" src=\"http:\/\/obispadodezaratecampana.org\/wp-content\/uploads\/2019\/08\/68562004_363913494285229_6155672533082308608_n-224x300.jpg\" alt=\"68562004_363913494285229_6155672533082308608_n\" width=\"224\" height=\"300\" srcset=\"https:\/\/obispadodezaratecampana.org\/wp-content\/uploads\/2019\/08\/68562004_363913494285229_6155672533082308608_n-224x300.jpg 224w, https:\/\/obispadodezaratecampana.org\/wp-content\/uploads\/2019\/08\/68562004_363913494285229_6155672533082308608_n-768x1024.jpg 768w, https:\/\/obispadodezaratecampana.org\/wp-content\/uploads\/2019\/08\/68562004_363913494285229_6155672533082308608_n.jpg 780w\" sizes=\"(max-width: 224px) 100vw, 224px\" \/><\/a><\/p>\n<p style=\"text-align: justify;\">\n<!-- AddThis Advanced Settings generic via filter on the_content --><!-- AddThis Share Buttons generic via filter on the_content -->","protected":false},"excerpt":{"rendered":"<p>Queridos hermanos: En estos d\u00edas estoy acompa\u00f1ando a los sacerdotes que asumen en sus nuevas comunidades. Les agradezco nuevamente la buena predisposici\u00f3n y ayuda que [&hellip;]<!-- AddThis Advanced Settings generic via filter on get_the_excerpt --><!-- AddThis Share Buttons generic via filter on get_the_excerpt --><\/p>\n","protected":false},"author":2,"featured_media":16283,"comment_status":"open","ping_status":"open","sticky":false,"template":"","format":"standard","meta":{"footnotes":""},"categories":[1,3],"tags":[],"class_list":["post-16282","post","type-post","status-publish","format-standard","has-post-thumbnail","hentry","category-noticiasdiocesanas","category-noticiasparroquiales"],"_links":{"self":[{"href":"https:\/\/obispadodezaratecampana.org\/index.php?rest_route=\/wp\/v2\/posts\/16282","targetHints":{"allow":["GET"]}}],"collection":[{"href":"https:\/\/obispadodezaratecampana.org\/index.php?rest_route=\/wp\/v2\/posts"}],"about":[{"href":"https:\/\/obispadodezaratecampana.org\/index.php?rest_route=\/wp\/v2\/types\/post"}],"author":[{"embeddable":true,"href":"https:\/\/obispadodezaratecampana.org\/index.php?rest_route=\/wp\/v2\/users\/2"}],"replies":[{"embeddable":true,"href":"https:\/\/obispadodezaratecampana.org\/index.php?rest_route=%2Fwp%2Fv2%2Fcomments&post=16282"}],"version-history":[{"count":4,"href":"https:\/\/obispadodezaratecampana.org\/index.php?rest_route=\/wp\/v2\/posts\/16282\/revisions"}],"predecessor-version":[{"id":16290,"href":"https:\/\/obispadodezaratecampana.org\/index.php?rest_route=\/wp\/v2\/posts\/16282\/revisions\/16290"}],"wp:featuredmedia":[{"embeddable":true,"href":"https:\/\/obispadodezaratecampana.org\/index.php?rest_route=\/wp\/v2\/media\/16283"}],"wp:attachment":[{"href":"https:\/\/obispadodezaratecampana.org\/index.php?rest_route=%2Fwp%2Fv2%2Fmedia&parent=16282"}],"wp:term":[{"taxonomy":"category","embeddable":true,"href":"https:\/\/obispadodezaratecampana.org\/index.php?rest_route=%2Fwp%2Fv2%2Fcategories&post=16282"},{"taxonomy":"post_tag","embeddable":true,"href":"https:\/\/obispadodezaratecampana.org\/index.php?rest_route=%2Fwp%2Fv2%2Ftags&post=16282"}],"curies":[{"name":"wp","href":"https:\/\/api.w.org\/{rel}","templated":true}]}}