{"id":16274,"date":"2019-08-15T17:40:53","date_gmt":"2019-08-15T20:40:53","guid":{"rendered":"http:\/\/obispadodezaratecampana.org\/?p=16274"},"modified":"2019-08-15T17:40:53","modified_gmt":"2019-08-15T20:40:53","slug":"con-maria-al-encuentro-de-jesus-y-del-hermano","status":"publish","type":"post","link":"https:\/\/obispadodezaratecampana.org\/?p=16274","title":{"rendered":"Con Mar\u00eda, al encuentro de Jes\u00fas y del hermano"},"content":{"rendered":"<p style=\"text-align: center;\">\n<p><span style=\"color: #000080;\">Queridos hermanos: <\/span><\/p>\n<p><span style=\"color: #000080;\">En el d\u00eda de la Asunci\u00f3n de la Virgen Mar\u00eda comparto con gran alegr\u00eda la invitaci\u00f3n y lema de la Peregrinaci\u00f3n Diocesana a pie a Luj\u00e1n: <\/span><\/p>\n<p><strong><span style=\"color: #000080;\">&#8220;Con Mar\u00eda, al encuentro de Jes\u00fas y del hermano&#8221;<\/span><\/strong><\/p>\n<p><span style=\"color: #000080;\">Que nuestra Mam\u00e1 del Cielo los colme de bendiciones.<\/span><\/p>\n<p><span style=\"color: #000080;\">+ Pedro Laxague<\/span><br \/>\n<span style=\"color: #000080;\">Obispo de Z\u00e1rate &#8211; Campana<\/span><\/p>\n<p>&nbsp;<\/p>\n<p style=\"text-align: center;\"><span style=\"color: #000080;\"><img fetchpriority=\"high\" decoding=\"async\" class=\"alignnone size-medium wp-image-16275\" src=\"http:\/\/obispadodezaratecampana.org\/wp-content\/uploads\/2019\/08\/Peregrinacion-Lujan-Afiche-209x300.jpg\" alt=\"Peregrinacion Lujan Afiche\" width=\"209\" height=\"300\" srcset=\"https:\/\/obispadodezaratecampana.org\/wp-content\/uploads\/2019\/08\/Peregrinacion-Lujan-Afiche-209x300.jpg 209w, https:\/\/obispadodezaratecampana.org\/wp-content\/uploads\/2019\/08\/Peregrinacion-Lujan-Afiche-714x1024.jpg 714w\" sizes=\"(max-width: 209px) 100vw, 209px\" \/><\/span><\/p>\n<!-- AddThis Advanced Settings generic via filter on the_content --><!-- AddThis Share Buttons generic via filter on the_content -->","protected":false},"excerpt":{"rendered":"<p>Queridos hermanos: En el d\u00eda de la Asunci\u00f3n de la Virgen Mar\u00eda comparto con gran alegr\u00eda la invitaci\u00f3n y lema de la Peregrinaci\u00f3n Diocesana a [&hellip;]<!-- AddThis Advanced Settings generic via filter on get_the_excerpt --><!-- AddThis Share Buttons generic via filter on get_the_excerpt --><\/p>\n","protected":false},"author":2,"featured_media":16275,"comment_status":"open","ping_status":"open","sticky":false,"template":"","format":"standard","meta":{"footnotes":""},"categories":[5,1],"tags":[],"class_list":["post-16274","post","type-post","status-publish","format-standard","has-post-thumbnail","hentry","category-generales","category-noticiasdiocesanas"],"_links":{"self":[{"href":"https:\/\/obispadodezaratecampana.org\/index.php?rest_route=\/wp\/v2\/posts\/16274","targetHints":{"allow":["GET"]}}],"collection":[{"href":"https:\/\/obispadodezaratecampana.org\/index.php?rest_route=\/wp\/v2\/posts"}],"about":[{"href":"https:\/\/obispadodezaratecampana.org\/index.php?rest_route=\/wp\/v2\/types\/post"}],"author":[{"embeddable":true,"href":"https:\/\/obispadodezaratecampana.org\/index.php?rest_route=\/wp\/v2\/users\/2"}],"replies":[{"embeddable":true,"href":"https:\/\/obispadodezaratecampana.org\/index.php?rest_route=%2Fwp%2Fv2%2Fcomments&post=16274"}],"version-history":[{"count":1,"href":"https:\/\/obispadodezaratecampana.org\/index.php?rest_route=\/wp\/v2\/posts\/16274\/revisions"}],"predecessor-version":[{"id":16276,"href":"https:\/\/obispadodezaratecampana.org\/index.php?rest_route=\/wp\/v2\/posts\/16274\/revisions\/16276"}],"wp:featuredmedia":[{"embeddable":true,"href":"https:\/\/obispadodezaratecampana.org\/index.php?rest_route=\/wp\/v2\/media\/16275"}],"wp:attachment":[{"href":"https:\/\/obispadodezaratecampana.org\/index.php?rest_route=%2Fwp%2Fv2%2Fmedia&parent=16274"}],"wp:term":[{"taxonomy":"category","embeddable":true,"href":"https:\/\/obispadodezaratecampana.org\/index.php?rest_route=%2Fwp%2Fv2%2Fcategories&post=16274"},{"taxonomy":"post_tag","embeddable":true,"href":"https:\/\/obispadodezaratecampana.org\/index.php?rest_route=%2Fwp%2Fv2%2Ftags&post=16274"}],"curies":[{"name":"wp","href":"https:\/\/api.w.org\/{rel}","templated":true}]}}