{"id":16271,"date":"2019-08-13T13:55:49","date_gmt":"2019-08-13T16:55:49","guid":{"rendered":"http:\/\/obispadodezaratecampana.org\/?p=16271"},"modified":"2019-08-13T13:55:49","modified_gmt":"2019-08-13T16:55:49","slug":"dos-propuestas-del-departamentos-de-laicos-y-familia","status":"publish","type":"post","link":"https:\/\/obispadodezaratecampana.org\/?p=16271","title":{"rendered":"Dos propuestas del Departamentos de Laicos y Familia"},"content":{"rendered":"<p style=\"text-align: center;\"><span style=\"color: #800080;\"><strong>Invitaciones del Departamento de Laicos y Familia, DEPLAI<\/strong><\/span><\/p>\n<p style=\"text-align: justify;\"><span style=\"color: #800080;\">1. Queridos Hermanos y Hermanas:\u00a0les acercamos esta propuesta formativa gratuita, de gran calidad acad\u00e9mica y pedag\u00f3gica. Las docentes son personas de reconocida trayectoria y estos encuentros nos servir\u00e1n a todos para pensar un tema de gran actualidad. Ojal\u00e1 podamos aprovechar esta oportunidad. <\/span><\/p>\n<p style=\"text-align: justify;\"><span style=\"color: #800080;\">En el video encontrar\u00e1n los detalles de inscripci\u00f3n. Les pedimos que lo difundan entre sus contactos, para que muchas personas puedan beneficiarse con este curso,\u00a0saludos cordiales, unidos en la oraci\u00f3n,\u00a0\u00c1rea de las mujeres, Secretar\u00eda de Laicos de la Conferencia Episcopal Argentina:\u00a0<\/span><\/p>\n<h4 class=\"mainTitle\" style=\"font-weight: lighter; color: #555555; text-align: center;\"><span style=\"color: #800080;\"><strong>Las Mujeres en la Iglesia<\/strong><\/span><\/h4>\n<p style=\"text-align: justify;\">\n<p style=\"text-align: justify;\"><span style=\"color: #800080;\">Ingresar para ver detalle:<\/span><\/p>\n<p style=\"text-align: justify;\"><span style=\"color: #800080;\"><a href=\"https:\/\/www.bc.edu\/content\/bc-web\/schools\/stm\/sites\/formacion-continua\/cursos\/cursos-virtuales\/las-mujeres-en-la-iglesia.html?fbclid=IwAR2Ng4_g2he36rOYXZdLKCqGk8e1y-nb0-8G6PDxd-jtITiMjpPSZPR1XUY\"><span style=\"color: #800080;\">https:\/\/www.bc.edu\/content\/bc-web\/schools\/stm\/sites\/formacion-continua\/cursos\/cursos-virtuales\/las-mujeres-en-la-iglesia.html?fbclid=IwAR2Ng4_g2he36rOYXZdLKCqGk8e1y-nb0-8G6PDxd-jtITiMjpPSZPR1XUY<\/span><\/a><\/span><\/p>\n<p style=\"text-align: justify;\">\n<p style=\"text-align: left;\"><span style=\"color: #800080;\">2.\u00a0 \u00a0 \u00a0 \u00a0 \u00a0 \u00a0 \u00a0 \u00a0 \u00a0 \u00a0 \u00a0 \u00a0 \u00a0 \u00a0 \u00a0 \u00a0 \u00a0 \u00a0 \u00a0 \u00a0 \u00a0 \u00a0 <b>Itinerario 2019 Laudato Si\u00a0<\/b><\/span><\/p>\n<p style=\"text-align: justify;\"><span style=\"color: #800080;\">\u00a1NUEVAS CHARLAS DEL \u201cITINERARIO 2019\u201d!<\/span><\/p>\n<p style=\"text-align: justify;\"><span style=\"color: #800080;\"><a id=\"js_4z3\" class=\"profileLink\" style=\"color: #385898;\" href=\"https:\/\/www.facebook.com\/hogardecristofg\/?__tn__=K-R&amp;eid=ARBlm7rYBgQjmBvVN7RJWn1wNkCKX_40huIUeVdijbc34BXDwUM29WRQ5TT6sclLGeWw9gTRBN60t_N_&amp;fref=mentions&amp;__xts__%5B0%5D=68.ARA4xQa6jQdyEL_Wia-FHO1-bLJaYEhc5XOBgPti6k-fyeWVSHehP0lS_OZEIlKaoYZIDV8IYoAjQGxWKkBUZb7xS9iG6NeIjravpyaVh95UCLTBtWlteGvKaLvwMtfUGPGM_5BE5Y7uPMPnolyOfFeCCU_iM27Xn1eVSGuGzNz77jv2bXmxerrRocVNJM37BiDd59QWlTsuXtQpicmi6PHha2BobO9U1ro20AHWWTDuMn2F-JpDH8OlNYMVaDeJZwcWlom_sIB2pCwUvKRPAqOQV2nygm3bYG7KVy4Y9BQLtmtlMxJu2Z2KmZR5Pu3UCi8vcjxTiZ1SnjvIqXW8K-3DUQ\" data-hovercard=\"\/ajax\/hovercard\/page.php?id=1322359784460873&amp;extragetparams=%7B%22__tn__%22%3A%22%2CdK-R-R%22%2C%22eid%22%3A%22ARBlm7rYBgQjmBvVN7RJWn1wNkCKX_40huIUeVdijbc34BXDwUM29WRQ5TT6sclLGeWw9gTRBN60t_N_%22%2C%22fref%22%3A%22mentions%22%7D\" data-hovercard-prefer-more-content-show=\"1\"><span style=\"color: #800080;\">Familia Grande Hogar de Cristo<\/span><\/a>\u00a0y el \u00c1rea de Abordaje Pastoral y Comunitario de las Adicciones de C\u00e1ritas Argentina (APYCA) invitan a participar de las pr\u00f3ximas charlas para reflexionar en el marco de la Enc\u00edclica Laudato Si. M\u00e1s info e inscripci\u00f3n: comunicacion@hogardecristo.org.ar<\/span><br style=\"color: #1c1e21;\" \/><span style=\"color: #800080;\"><a class=\"_58cn\" style=\"color: #385898;\" href=\"https:\/\/www.facebook.com\/hashtag\/lavidacomoviene?source=feed_text&amp;epa=HASHTAG&amp;__xts__%5B0%5D=68.ARA4xQa6jQdyEL_Wia-FHO1-bLJaYEhc5XOBgPti6k-fyeWVSHehP0lS_OZEIlKaoYZIDV8IYoAjQGxWKkBUZb7xS9iG6NeIjravpyaVh95UCLTBtWlteGvKaLvwMtfUGPGM_5BE5Y7uPMPnolyOfFeCCU_iM27Xn1eVSGuGzNz77jv2bXmxerrRocVNJM37BiDd59QWlTsuXtQpicmi6PHha2BobO9U1ro20AHWWTDuMn2F-JpDH8OlNYMVaDeJZwcWlom_sIB2pCwUvKRPAqOQV2nygm3bYG7KVy4Y9BQLtmtlMxJu2Z2KmZR5Pu3UCi8vcjxTiZ1SnjvIqXW8K-3DUQ&amp;__tn__=%2ANK-R\" data-ft=\"{&quot;type&quot;:104,&quot;tn&quot;:&quot;*N&quot;}\"><span class=\"_5afx\" style=\"color: #800080;\"><span class=\"_58cl _5afz\" style=\"color: #365899;\">#<\/span><span class=\"_58cm\">LaVidaComoViene<\/span><\/span><\/a>\u00a0<a class=\"_58cn\" style=\"color: #385898;\" href=\"https:\/\/www.facebook.com\/hashtag\/fghc?source=feed_text&amp;epa=HASHTAG&amp;__xts__%5B0%5D=68.ARA4xQa6jQdyEL_Wia-FHO1-bLJaYEhc5XOBgPti6k-fyeWVSHehP0lS_OZEIlKaoYZIDV8IYoAjQGxWKkBUZb7xS9iG6NeIjravpyaVh95UCLTBtWlteGvKaLvwMtfUGPGM_5BE5Y7uPMPnolyOfFeCCU_iM27Xn1eVSGuGzNz77jv2bXmxerrRocVNJM37BiDd59QWlTsuXtQpicmi6PHha2BobO9U1ro20AHWWTDuMn2F-JpDH8OlNYMVaDeJZwcWlom_sIB2pCwUvKRPAqOQV2nygm3bYG7KVy4Y9BQLtmtlMxJu2Z2KmZR5Pu3UCi8vcjxTiZ1SnjvIqXW8K-3DUQ&amp;__tn__=%2ANK-R\" data-ft=\"{&quot;type&quot;:104,&quot;tn&quot;:&quot;*N&quot;}\"><span class=\"_5afx\" style=\"color: #800080;\"><span class=\"_58cl _5afz\" style=\"color: #365899;\">#<\/span><span class=\"_58cm\">FGHC<\/span><\/span><\/a>\u00a0<a class=\"_58cn\" style=\"color: #385898;\" href=\"https:\/\/www.facebook.com\/hashtag\/somoscaritasarg?source=feed_text&amp;epa=HASHTAG&amp;__xts__%5B0%5D=68.ARA4xQa6jQdyEL_Wia-FHO1-bLJaYEhc5XOBgPti6k-fyeWVSHehP0lS_OZEIlKaoYZIDV8IYoAjQGxWKkBUZb7xS9iG6NeIjravpyaVh95UCLTBtWlteGvKaLvwMtfUGPGM_5BE5Y7uPMPnolyOfFeCCU_iM27Xn1eVSGuGzNz77jv2bXmxerrRocVNJM37BiDd59QWlTsuXtQpicmi6PHha2BobO9U1ro20AHWWTDuMn2F-JpDH8OlNYMVaDeJZwcWlom_sIB2pCwUvKRPAqOQV2nygm3bYG7KVy4Y9BQLtmtlMxJu2Z2KmZR5Pu3UCi8vcjxTiZ1SnjvIqXW8K-3DUQ&amp;__tn__=%2ANK-R\" data-ft=\"{&quot;type&quot;:104,&quot;tn&quot;:&quot;*N&quot;}\"><span class=\"_5afx\" style=\"color: #800080;\"><span class=\"_58cl _5afz\" style=\"color: #365899;\">#<\/span><span class=\"_58cm\">somoscaritasarg<\/span><\/span><\/a>\u00a0<a class=\"_58cn\" style=\"color: #385898;\" href=\"https:\/\/www.facebook.com\/hashtag\/j%C3%B3venesenc%C3%A1ritas?source=feed_text&amp;epa=HASHTAG&amp;__xts__%5B0%5D=68.ARA4xQa6jQdyEL_Wia-FHO1-bLJaYEhc5XOBgPti6k-fyeWVSHehP0lS_OZEIlKaoYZIDV8IYoAjQGxWKkBUZb7xS9iG6NeIjravpyaVh95UCLTBtWlteGvKaLvwMtfUGPGM_5BE5Y7uPMPnolyOfFeCCU_iM27Xn1eVSGuGzNz77jv2bXmxerrRocVNJM37BiDd59QWlTsuXtQpicmi6PHha2BobO9U1ro20AHWWTDuMn2F-JpDH8OlNYMVaDeJZwcWlom_sIB2pCwUvKRPAqOQV2nygm3bYG7KVy4Y9BQLtmtlMxJu2Z2KmZR5Pu3UCi8vcjxTiZ1SnjvIqXW8K-3DUQ&amp;__tn__=%2ANK-R\" data-ft=\"{&quot;type&quot;:104,&quot;tn&quot;:&quot;*N&quot;}\"><span class=\"_5afx\" style=\"color: #800080;\"><span class=\"_58cl _5afz\" style=\"color: #365899;\">#<\/span><span class=\"_58cm\">J\u00f3venesEnC\u00e1ritas<\/span><\/span><\/a><\/span><\/p>\n<p style=\"text-align: center;\">\u00a0<a href=\"http:\/\/obispadodezaratecampana.org\/wp-content\/uploads\/2019\/08\/67670001_2576713845705392_8631918593103101952_o.jpg\"><img fetchpriority=\"high\" decoding=\"async\" class=\"alignnone size-medium wp-image-16272\" src=\"http:\/\/obispadodezaratecampana.org\/wp-content\/uploads\/2019\/08\/67670001_2576713845705392_8631918593103101952_o-300x300.jpg\" alt=\"67670001_2576713845705392_8631918593103101952_o\" width=\"300\" height=\"300\" srcset=\"https:\/\/obispadodezaratecampana.org\/wp-content\/uploads\/2019\/08\/67670001_2576713845705392_8631918593103101952_o-300x300.jpg 300w, https:\/\/obispadodezaratecampana.org\/wp-content\/uploads\/2019\/08\/67670001_2576713845705392_8631918593103101952_o-150x150.jpg 150w, https:\/\/obispadodezaratecampana.org\/wp-content\/uploads\/2019\/08\/67670001_2576713845705392_8631918593103101952_o-1024x1024.jpg 1024w, https:\/\/obispadodezaratecampana.org\/wp-content\/uploads\/2019\/08\/67670001_2576713845705392_8631918593103101952_o.jpg 1080w\" sizes=\"(max-width: 300px) 100vw, 300px\" \/><\/a><\/p>\n<!-- AddThis Advanced Settings generic via filter on the_content --><!-- AddThis Share Buttons generic via filter on the_content -->","protected":false},"excerpt":{"rendered":"<p>Invitaciones del Departamento de Laicos y Familia, DEPLAI 1. Queridos Hermanos y Hermanas:\u00a0les acercamos esta propuesta formativa gratuita, de gran calidad acad\u00e9mica y pedag\u00f3gica. Las [&hellip;]<!-- AddThis Advanced Settings generic via filter on get_the_excerpt --><!-- AddThis Share Buttons generic via filter on get_the_excerpt --><\/p>\n","protected":false},"author":2,"featured_media":16272,"comment_status":"open","ping_status":"open","sticky":false,"template":"","format":"standard","meta":{"footnotes":""},"categories":[4,1],"tags":[],"class_list":["post-16271","post","type-post","status-publish","format-standard","has-post-thumbnail","hentry","category-movimientosinstituciones","category-noticiasdiocesanas"],"_links":{"self":[{"href":"https:\/\/obispadodezaratecampana.org\/index.php?rest_route=\/wp\/v2\/posts\/16271","targetHints":{"allow":["GET"]}}],"collection":[{"href":"https:\/\/obispadodezaratecampana.org\/index.php?rest_route=\/wp\/v2\/posts"}],"about":[{"href":"https:\/\/obispadodezaratecampana.org\/index.php?rest_route=\/wp\/v2\/types\/post"}],"author":[{"embeddable":true,"href":"https:\/\/obispadodezaratecampana.org\/index.php?rest_route=\/wp\/v2\/users\/2"}],"replies":[{"embeddable":true,"href":"https:\/\/obispadodezaratecampana.org\/index.php?rest_route=%2Fwp%2Fv2%2Fcomments&post=16271"}],"version-history":[{"count":1,"href":"https:\/\/obispadodezaratecampana.org\/index.php?rest_route=\/wp\/v2\/posts\/16271\/revisions"}],"predecessor-version":[{"id":16273,"href":"https:\/\/obispadodezaratecampana.org\/index.php?rest_route=\/wp\/v2\/posts\/16271\/revisions\/16273"}],"wp:featuredmedia":[{"embeddable":true,"href":"https:\/\/obispadodezaratecampana.org\/index.php?rest_route=\/wp\/v2\/media\/16272"}],"wp:attachment":[{"href":"https:\/\/obispadodezaratecampana.org\/index.php?rest_route=%2Fwp%2Fv2%2Fmedia&parent=16271"}],"wp:term":[{"taxonomy":"category","embeddable":true,"href":"https:\/\/obispadodezaratecampana.org\/index.php?rest_route=%2Fwp%2Fv2%2Fcategories&post=16271"},{"taxonomy":"post_tag","embeddable":true,"href":"https:\/\/obispadodezaratecampana.org\/index.php?rest_route=%2Fwp%2Fv2%2Ftags&post=16271"}],"curies":[{"name":"wp","href":"https:\/\/api.w.org\/{rel}","templated":true}]}}