{"id":16262,"date":"2019-08-13T10:20:41","date_gmt":"2019-08-13T13:20:41","guid":{"rendered":"http:\/\/obispadodezaratecampana.org\/?p=16262"},"modified":"2019-08-13T10:20:41","modified_gmt":"2019-08-13T13:20:41","slug":"182o-reunion-de-comision-permanente-de-la-conferencia-episcopal-argentina","status":"publish","type":"post","link":"https:\/\/obispadodezaratecampana.org\/?p=16262","title":{"rendered":"182\u00ba Reuni\u00f3n de Comisi\u00f3n Permanente de la Conferencia Episcopal Argentina"},"content":{"rendered":"<p style=\"text-align: justify;\"><strong><span style=\"color: #1c1e21;\">182\u00ba Reuni\u00f3n de\u00a0<\/span>Comisi\u00f3n Permanente<span style=\"color: #1c1e21;\">\u00a0de la\u00a0<\/span>Conferencia Episcopal Argen<wbr \/>tina<\/strong><br style=\"color: #1c1e21;\" \/><br style=\"color: #1c1e21;\" \/><span style=\"color: #1c1e21;\">Desde\u00a0<\/span><a class=\"_58cn\" style=\"color: #385898;\" href=\"https:\/\/www.facebook.com\/hashtag\/hoy?epa=HASHTAG\" data-ft=\"{&quot;type&quot;:104,&quot;tn&quot;:&quot;*N&quot;}\">#hoy<\/a><span style=\"color: #1c1e21;\">, 13 al 15 de\u00a0<\/span><a class=\"_58cn\" style=\"color: #385898;\" href=\"https:\/\/www.facebook.com\/hashtag\/agosto?epa=HASHTAG\" data-ft=\"{&quot;type&quot;:104,&quot;tn&quot;:&quot;*N&quot;}\">#agosto<\/a><span style=\"color: #1c1e21;\">, los obispos comenzar\u00e1n un intercambio pastoral, donde compartir\u00e1n los desaf\u00edos de la evangelizaci\u00f3n que se dan en las distintas regiones pastorales del pa\u00eds.<\/span><br style=\"color: #1c1e21;\" \/><br style=\"color: #1c1e21;\" \/><a class=\"_58cn\" style=\"color: #385898;\" href=\"https:\/\/www.facebook.com\/hashtag\/182cp?epa=HASHTAG\" data-ft=\"{&quot;type&quot;:104,&quot;tn&quot;:&quot;*N&quot;}\">#182CP<\/a><span style=\"color: #1c1e21;\">:<\/span><span class=\"text_exposed_show\" style=\"color: #1c1e21;\"><\/p>\n<p>182\u00b0 COMISI\u00d3N PERMANENTE DE LA<br \/>\nCONFERENCIA EPISCOPAL ARGENTINA<\/p>\n<p>Informaci\u00f3n:<\/p>\n<p>Se re\u00fane la 182\u00ba Comisi\u00f3n Permanente de la Conferencia Episcopal Argentina desde el martes 13 al jueves 15 de agosto de 2019.<\/p>\n<p>El martes 13 de agosto comenzar\u00e1 la 182\u00ba reuni\u00f3n de los Obispos de la Comisi\u00f3n Permanente del Episcopado. Como es habitual, la misma estar\u00e1 presidida por su titular, Monse\u00f1or Oscar V. Ojea, Obispo de San Isidro.<\/p>\n<p>Los Obispos comenzar\u00e1n con un intercambio pastoral, donde compartir\u00e1n los desaf\u00edos de la evangelizaci\u00f3n que se dan en las distintas regiones pastorales del pa\u00eds, como as\u00ed tambi\u00e9n en el trabajo propio de las Comisiones Episcopales. En este intercambio compartir\u00e1n resonancias de la fecunda visita Ad Limina que se desarroll\u00f3 en el mes de mayo pasado.<\/p>\n<p>A lo largo de las jornadas har\u00e1n presentaciones las Comisiones Episcopales de Catequesis y la Comisi\u00f3n Episcopal de Migrantes, Liturgia y Ministerios.<\/p>\n<p>En el desarrollo de la reuni\u00f3n, los Obispos recibir\u00e1n un informe de las tareas realizadas por la Comisi\u00f3n Episcopal para el sostenimiento de la Obra Evangelizadora, que lleva adelante la reforma econ\u00f3mica de la Iglesia Argentina. Asimismo, y en el marco de los 50 a\u00f1os de la Colecta Nacional M\u00e1s por Menos, se trabajar\u00e1 sobre acciones propias de la misma, animada por la Comisi\u00f3n Episcopal de Ayuda a las regiones m\u00e1s necesitadas.<\/p>\n<p>Tambi\u00e9n se definir\u00e1 el temario de la 118\u00ba Asamblea Plenaria que tendr\u00e1 lugar del 4 al 9 de noviembre de 2019.<\/p>\n<p>&#8212;&#8212;&#8212;&#8212;&#8212;&#8212;&#8212;&#8212;&#8211;<wbr \/>&#8212;&#8212;&#8212;&#8212;&#8212;-<br \/>\nLa Comisi\u00f3n Permanente est\u00e1 integrada 22 obispos: los miembros de la Comisi\u00f3n Ejecutiva de la Conferencia Episcopal, los presidentes de las Comisiones Episcopales estables y los obispos delegados de cada regi\u00f3n pastoral del pa\u00eds. Tambi\u00e9n participan como invitados el obispo presidente de Comisi\u00f3n Episcopal para C\u00e1ritas y en esta ocasi\u00f3n el Encargado de Negocios a.d.i. de la Nunciatura Apost\u00f3lica. La Comisi\u00f3n Permanente se re\u00fane de manera ordinaria tres veces al a\u00f1o y, de acuerdo a los estatutos de la CEA, tiene como objetivo mantener \u201cuna atenci\u00f3n pastoral constante sobre la realidad argentina, tanto general como regional, procurando reconocer en ella los desaf\u00edos que presenta a la acci\u00f3n evangelizadora\u201d. En respuesta a ello \u201cpropone a la Asamblea Plenaria las grandes l\u00edneas u opciones pastorales para su oportuna consideraci\u00f3n\u201d.<\/p>\n<p>M\u00e1s en:\u00a0<a style=\"color: #385898;\" href=\"http:\/\/www.episcopado.org\/?fbclid=IwAR3o0HYRtkFD-QFiyZbx7fj-8eBxVjNhnDU93n7-9JRG5itJm_kKpZiIyMk\" target=\"_blank\" rel=\"nofollow noopener\" data-lynx-mode=\"asynclazy\" data-lynx-uri=\"https:\/\/l.facebook.com\/l.php?u=http%3A%2F%2Fwww.episcopado.org%2F%3Ffbclid%3DIwAR3o0HYRtkFD-QFiyZbx7fj-8eBxVjNhnDU93n7-9JRG5itJm_kKpZiIyMk&amp;h=AT25KEDN59Ijt1QCdAQR1CMDzHpBQkyUDkj2roQrgK4jRSfTK2jMYAzg8Tad1PFIgNcIEOfqNU-5Rna7ms9yXiXPs0mscS13tQOLbjMuk1OtCTIShZC6Krzr_V9iHRPhvCetaU1i\">www.episcopado.org<\/a><\/p>\n<p>#182CP\u00a0<a class=\"_58cn\" style=\"color: #385898;\" href=\"https:\/\/www.facebook.com\/hashtag\/episcopadoargentino?epa=HASHTAG\" data-ft=\"{&quot;type&quot;:104,&quot;tn&quot;:&quot;*N&quot;}\">#EpiscopadoArgentino<\/a><\/p>\n<p><a class=\"_58cn\" style=\"color: #385898;\" href=\"https:\/\/www.facebook.com\/hashtag\/oficinadeprensa?epa=HASHTAG\" data-ft=\"{&quot;type&quot;:104,&quot;tn&quot;:&quot;*N&quot;}\">#OficinaDePrensa<\/a>\u00a0y\u00a0<a class=\"_58cn\" style=\"color: #385898;\" href=\"https:\/\/www.facebook.com\/hashtag\/comunicaci%C3%B3n?epa=HASHTAG\" data-ft=\"{&quot;type&quot;:104,&quot;tn&quot;:&quot;*N&quot;}\">#Comunicaci\u00f3n<\/a><br \/>\n#ConferenciaEpiscopalArgen<wbr \/>tina<\/span><\/p>\n<!-- AddThis Advanced Settings generic via filter on the_content --><!-- AddThis Share Buttons generic via filter on the_content -->","protected":false},"excerpt":{"rendered":"<p>182\u00ba Reuni\u00f3n de\u00a0Comisi\u00f3n Permanente\u00a0de la\u00a0Conferencia Episcopal ArgentinaDesde\u00a0#hoy, 13 al 15 de\u00a0#agosto, los obispos comenzar\u00e1n un intercambio pastoral, donde compartir\u00e1n los desaf\u00edos de la evangelizaci\u00f3n que [&hellip;]<!-- AddThis Advanced Settings generic via filter on get_the_excerpt --><!-- AddThis Share Buttons generic via filter on get_the_excerpt --><\/p>\n","protected":false},"author":2,"featured_media":16263,"comment_status":"open","ping_status":"open","sticky":false,"template":"","format":"standard","meta":{"footnotes":""},"categories":[5,1],"tags":[],"class_list":["post-16262","post","type-post","status-publish","format-standard","has-post-thumbnail","hentry","category-generales","category-noticiasdiocesanas"],"_links":{"self":[{"href":"https:\/\/obispadodezaratecampana.org\/index.php?rest_route=\/wp\/v2\/posts\/16262","targetHints":{"allow":["GET"]}}],"collection":[{"href":"https:\/\/obispadodezaratecampana.org\/index.php?rest_route=\/wp\/v2\/posts"}],"about":[{"href":"https:\/\/obispadodezaratecampana.org\/index.php?rest_route=\/wp\/v2\/types\/post"}],"author":[{"embeddable":true,"href":"https:\/\/obispadodezaratecampana.org\/index.php?rest_route=\/wp\/v2\/users\/2"}],"replies":[{"embeddable":true,"href":"https:\/\/obispadodezaratecampana.org\/index.php?rest_route=%2Fwp%2Fv2%2Fcomments&post=16262"}],"version-history":[{"count":1,"href":"https:\/\/obispadodezaratecampana.org\/index.php?rest_route=\/wp\/v2\/posts\/16262\/revisions"}],"predecessor-version":[{"id":16264,"href":"https:\/\/obispadodezaratecampana.org\/index.php?rest_route=\/wp\/v2\/posts\/16262\/revisions\/16264"}],"wp:featuredmedia":[{"embeddable":true,"href":"https:\/\/obispadodezaratecampana.org\/index.php?rest_route=\/wp\/v2\/media\/16263"}],"wp:attachment":[{"href":"https:\/\/obispadodezaratecampana.org\/index.php?rest_route=%2Fwp%2Fv2%2Fmedia&parent=16262"}],"wp:term":[{"taxonomy":"category","embeddable":true,"href":"https:\/\/obispadodezaratecampana.org\/index.php?rest_route=%2Fwp%2Fv2%2Fcategories&post=16262"},{"taxonomy":"post_tag","embeddable":true,"href":"https:\/\/obispadodezaratecampana.org\/index.php?rest_route=%2Fwp%2Fv2%2Ftags&post=16262"}],"curies":[{"name":"wp","href":"https:\/\/api.w.org\/{rel}","templated":true}]}}