{"id":16259,"date":"2019-08-10T12:09:07","date_gmt":"2019-08-10T15:09:07","guid":{"rendered":"http:\/\/obispadodezaratecampana.org\/?p=16259"},"modified":"2019-08-10T12:09:07","modified_gmt":"2019-08-10T15:09:07","slug":"saludo-del-obispo-a-los-diaconos-en-su-dia","status":"publish","type":"post","link":"https:\/\/obispadodezaratecampana.org\/?p=16259","title":{"rendered":"Saludo del Obispo a los Di\u00e1conos en su d\u00eda"},"content":{"rendered":"<p style=\"text-align: center;\">\n<p style=\"text-align: center;\">\n<h4 style=\"text-align: justify;\"><span style=\"color: #3366ff;\">10 de agosto: San Lorenzo<\/span><\/h4>\n<h4 style=\"text-align: justify;\"><span style=\"color: #3366ff;\">D\u00eda del Di\u00e1cono Permanente<\/span><\/h4>\n<h4 style=\"text-align: justify;\"><span style=\"color: #3366ff;\">&#8220;La Iglesia encuentra en el diaconado permanente la expresi\u00f3n y, al mismo tiempo, el impulso vital para que se convierta ella misma en se\u00f1al visible de la diacon\u00eda de Cristo Siervo en la historia de los hombres&#8221; Papa Francisco<\/span><\/h4>\n<h4 style=\"text-align: justify;\"><span style=\"color: #3366ff;\">Los saludo y bendigo Queridos Di\u00e1conos<\/span><br \/>\n<span style=\"color: #3366ff;\">+ Pedro Laxague<\/span><br \/>\n<span style=\"color: #3366ff;\">Obispo de Z\u00e1rate &#8211; Campana<\/span><\/h4>\n<p style=\"text-align: center;\"><img fetchpriority=\"high\" decoding=\"async\" class=\"alignnone size-medium wp-image-16260\" src=\"http:\/\/obispadodezaratecampana.org\/wp-content\/uploads\/2019\/08\/Diaconos-300x300.png\" alt=\"Diaconos\" width=\"300\" height=\"300\" srcset=\"https:\/\/obispadodezaratecampana.org\/wp-content\/uploads\/2019\/08\/Diaconos-300x300.png 300w, https:\/\/obispadodezaratecampana.org\/wp-content\/uploads\/2019\/08\/Diaconos-150x150.png 150w, https:\/\/obispadodezaratecampana.org\/wp-content\/uploads\/2019\/08\/Diaconos-1024x1024.png 1024w, https:\/\/obispadodezaratecampana.org\/wp-content\/uploads\/2019\/08\/Diaconos.png 1080w\" sizes=\"(max-width: 300px) 100vw, 300px\" \/><\/p>\n<!-- AddThis Advanced Settings generic via filter on the_content --><!-- AddThis Share Buttons generic via filter on the_content -->","protected":false},"excerpt":{"rendered":"<p>10 de agosto: San Lorenzo D\u00eda del Di\u00e1cono Permanente &#8220;La Iglesia encuentra en el diaconado permanente la expresi\u00f3n y, al mismo tiempo, el impulso vital [&hellip;]<!-- AddThis Advanced Settings generic via filter on get_the_excerpt --><!-- AddThis Share Buttons generic via filter on get_the_excerpt --><\/p>\n","protected":false},"author":2,"featured_media":16260,"comment_status":"open","ping_status":"open","sticky":false,"template":"","format":"standard","meta":{"footnotes":""},"categories":[5,1],"tags":[],"class_list":["post-16259","post","type-post","status-publish","format-standard","has-post-thumbnail","hentry","category-generales","category-noticiasdiocesanas"],"_links":{"self":[{"href":"https:\/\/obispadodezaratecampana.org\/index.php?rest_route=\/wp\/v2\/posts\/16259","targetHints":{"allow":["GET"]}}],"collection":[{"href":"https:\/\/obispadodezaratecampana.org\/index.php?rest_route=\/wp\/v2\/posts"}],"about":[{"href":"https:\/\/obispadodezaratecampana.org\/index.php?rest_route=\/wp\/v2\/types\/post"}],"author":[{"embeddable":true,"href":"https:\/\/obispadodezaratecampana.org\/index.php?rest_route=\/wp\/v2\/users\/2"}],"replies":[{"embeddable":true,"href":"https:\/\/obispadodezaratecampana.org\/index.php?rest_route=%2Fwp%2Fv2%2Fcomments&post=16259"}],"version-history":[{"count":1,"href":"https:\/\/obispadodezaratecampana.org\/index.php?rest_route=\/wp\/v2\/posts\/16259\/revisions"}],"predecessor-version":[{"id":16261,"href":"https:\/\/obispadodezaratecampana.org\/index.php?rest_route=\/wp\/v2\/posts\/16259\/revisions\/16261"}],"wp:featuredmedia":[{"embeddable":true,"href":"https:\/\/obispadodezaratecampana.org\/index.php?rest_route=\/wp\/v2\/media\/16260"}],"wp:attachment":[{"href":"https:\/\/obispadodezaratecampana.org\/index.php?rest_route=%2Fwp%2Fv2%2Fmedia&parent=16259"}],"wp:term":[{"taxonomy":"category","embeddable":true,"href":"https:\/\/obispadodezaratecampana.org\/index.php?rest_route=%2Fwp%2Fv2%2Fcategories&post=16259"},{"taxonomy":"post_tag","embeddable":true,"href":"https:\/\/obispadodezaratecampana.org\/index.php?rest_route=%2Fwp%2Fv2%2Ftags&post=16259"}],"curies":[{"name":"wp","href":"https:\/\/api.w.org\/{rel}","templated":true}]}}