{"id":16247,"date":"2019-08-08T12:17:09","date_gmt":"2019-08-08T15:17:09","guid":{"rendered":"http:\/\/obispadodezaratecampana.org\/?p=16247"},"modified":"2019-08-08T12:17:09","modified_gmt":"2019-08-08T15:17:09","slug":"comunicado-de-la-comision-episcopal-para-la-vida-los-laicos-y-la-familia-cevilaf","status":"publish","type":"post","link":"https:\/\/obispadodezaratecampana.org\/?p=16247","title":{"rendered":"Comunicado de la Comisi\u00f3n Episcopal para la Vida, los Laicos y la Familia (CEVILAF)"},"content":{"rendered":"<div id=\"js_7bu\" class=\"_5pbx userContent _3576\" style=\"color: #1c1e21;\" data-testid=\"post_message\" data-ft=\"{&quot;tn&quot;:&quot;K&quot;}\">\n<div id=\"id_5d4c3c530a0de9617475338\" class=\"text_exposed_root text_exposed\">\n<p style=\"text-align: center;\"><span style=\"color: #800000;\"><strong>Comunicado de la Comisi\u00f3n Episcopal para la Vida, los Laicos y la Familia (CEVILAF)<\/strong><\/span><\/p>\n<p style=\"text-align: center;\"><img fetchpriority=\"high\" decoding=\"async\" class=\"alignnone size-medium wp-image-16248\" src=\"http:\/\/obispadodezaratecampana.org\/wp-content\/uploads\/2019\/08\/8-agosto-imagen-202x300.jpg\" alt=\"8 agosto imagen\" width=\"202\" height=\"300\" srcset=\"https:\/\/obispadodezaratecampana.org\/wp-content\/uploads\/2019\/08\/8-agosto-imagen-202x300.jpg 202w, https:\/\/obispadodezaratecampana.org\/wp-content\/uploads\/2019\/08\/8-agosto-imagen-690x1024.jpg 690w, https:\/\/obispadodezaratecampana.org\/wp-content\/uploads\/2019\/08\/8-agosto-imagen.jpg 863w\" sizes=\"(max-width: 202px) 100vw, 202px\" \/><\/p>\n<p style=\"text-align: justify;\">Con motivo de la celebraci\u00f3n del D\u00eda Internacional de Acci\u00f3n por las Dos Vidas, sumamos decididamente nuestro apoyo a todas las expresiones que defienden, cuidan y promueven las Dos Vidas, y alentamos a tener en cuenta, discutir y sancionar los proyectos referidos a las pol\u00edticas p\u00fablicas que se orientan en favor de la maternidad vulnerable.<\/p>\n<p style=\"text-align: justify;\">Defendemos y cuidamos la vida humana en todas sus\u00a0<span class=\"text_exposed_show\">etapas porque la conciencia humana reconoce que no es l\u00edcito quitar la vida de un inocente. Adem\u00e1s, como afirma el papa Francisco en Laudato Si, \u201cno parece factible un camino educativo para acoger a los seres d\u00e9biles que nos rodean, que a veces son molestos o inoportunos, si no se protege a un embri\u00f3n humano, aunque su llegada sea causa de molestias y dificultades\u201d.<\/span><\/p>\n<div class=\"text_exposed_show\" style=\"text-align: justify;\">\n<p>Nos unimos a muchos hombres y mujeres que dan testimonio de la belleza de la vida y el amor humano porque creen que Vale Toda Vida.<\/p>\n<p>Valoramos y acompa\u00f1amos a los profesionales de la salud que se entregan para salvar vidas y se mantienen fieles a su conciencia aun en las presiones que buscan soluciones contrarias a los fines de la medicina.<\/p>\n<p>Reconocemos y agradecemos a los funcionarios judiciales y abogados que trabajan por garantizar los derechos de las madres y sus hijos por nacer o ya nacidos, en medio de situaciones de privaci\u00f3n, violencias o pobreza.<\/p>\n<p>Son muchos tambi\u00e9n los docentes que en la laboriosidad humilde del aula se esfuerzan por transmitir el valor de la vida como don y educan en una sexualidad nacida del amor entendido como donaci\u00f3n de s\u00ed.<\/p>\n<p>Alentamos a quienes educan en el amor a la vida, el respeto por el otro y en los valores del pudor, la pureza, la gratuidad.<\/p>\n<p>Damos gracias por los comunicadores que transmiten la belleza de la vida y el amor, aun en medio de las presiones de quienes quieren una colonizaci\u00f3n ideol\u00f3gica de nuestros pueblos.<\/p>\n<p>Dios de la Vida y del Amor, ens\u00e9\u00f1anos a caminar como un pueblo fraterno con todos sin excluir a nadie, y siempre cercano y dispuesto a valorar, cuidar y promover la vida de todos, especialmente all\u00ed donde manifiesta fr\u00e1gil e indefensa.<\/p>\n<p style=\"text-align: center;\">Buenos Aires, 8 de agosto de 2019<\/p>\n<p style=\"text-align: center;\">Comisi\u00f3n Episcopal para la Vida, los Laicos y la Familia (CEVILAF)<br \/>\nConferencia Episcopal Argentina<\/p>\n<\/div>\n<\/div>\n<\/div>\n<div class=\"_3x-2\" style=\"color: #1c1e21;\" data-ft=\"{&quot;tn&quot;:&quot;H&quot;}\">\n<div data-ft=\"{&quot;tn&quot;:&quot;H&quot;}\">\n<div class=\"mtm\">\n<div>\n<div class=\"_1ktf\" style=\"text-align: justify;\" data-ft=\"{&quot;tn&quot;:&quot;E&quot;}\"><a class=\"_4-eo _2t9n _50z9\" style=\"color: #385898;\" href=\"https:\/\/www.facebook.com\/obispadozc\/photos\/a.1580284592257383\/2436241999994967\/?type=3&amp;eid=ARD8WpmJN6i0b3xRbTY3vFQYV_AGgHczcq-kvBNVEQRJOhq7XLXi32SHw97DhzQpGS8eItt7CDtxRLeZ&amp;__xts__%5B0%5D=68.ARDZ40N1eGthTHniLwepGcl5_EzP8T8QDYYzCqp0SRwa80ldOOkgNTehKmG0TWkotsj7PICySdXbgnov4qvYz3CenajHJqPVr791xzpxc0la7vdIPEed5_ua0rQBnXpcYatR_BA6HoqC0GH2OcafxXHCOBipV-fLWHxNpcnAo2mneEe4lh7gTrhHf__FGqTPRrlQytIJp64nyt2Fj2p_U0ge2vq5-lrFFHXxq3Ejkq_SbjpR438Ug8qX-pfQFP4WSCmWLjr5r85Ya2O9mikVCZIImkFxfEIV3UWiKDFKdufp57ZIr2jGlW9lS1gzeOls1KIIFrFjbtRboMvhNmwVuJP1EWR1&amp;__tn__=EEHH-R\" rel=\"theater\" data-ploi=\"https:\/\/scontent.faep8-1.fna.fbcdn.net\/v\/t1.0-9\/68273644_2436242003328300_1808013865330409472_o.jpg?_nc_cat=101&amp;_nc_oc=AQnq5FzRWqZMf_5YQZoU323ff-oul8pZkAv_RwBBqTi_nlSNPxOf24_ClNebTdfFGn4&amp;_nc_ht=scontent.faep8-1.fna&amp;oh=3cf6cdd8b4ea6bfe97de86c52c6cdc8f&amp;oe=5DDBD54D\" data-plsi=\"https:\/\/scontent.faep8-2.fna.fbcdn.net\/v\/t1.0-9\/67291002_2436242006661633_6962593563972468736_n.jpg?_nc_cat=102&amp;_nc_oc=AQm-JRZ5UZXyOqowRkt70A9s7825SZkNOrOi2FRgIWU2WFmJ0lk1EnNWaHgwGDNxyrw&amp;_nc_ht=scontent.faep8-2.fna&amp;oh=601b86bb295fee5f42f8db0d16db44fa&amp;oe=5DD89788\" data-render-location=\"homepage_stream\" data-ft=\"{&quot;tn&quot;:&quot;E&quot;}\">\u00a0<\/a><\/div>\n<\/div>\n<\/div>\n<\/div>\n<\/div>\n<!-- AddThis Advanced Settings generic via filter on the_content --><!-- AddThis Share Buttons generic via filter on the_content -->","protected":false},"excerpt":{"rendered":"<p>Comunicado de la Comisi\u00f3n Episcopal para la Vida, los Laicos y la Familia (CEVILAF) Con motivo de la celebraci\u00f3n del D\u00eda Internacional de Acci\u00f3n por [&hellip;]<!-- AddThis Advanced Settings generic via filter on get_the_excerpt --><!-- AddThis Share Buttons generic via filter on get_the_excerpt --><\/p>\n","protected":false},"author":2,"featured_media":16248,"comment_status":"open","ping_status":"open","sticky":false,"template":"","format":"standard","meta":{"footnotes":""},"categories":[5,1],"tags":[],"class_list":["post-16247","post","type-post","status-publish","format-standard","has-post-thumbnail","hentry","category-generales","category-noticiasdiocesanas"],"_links":{"self":[{"href":"https:\/\/obispadodezaratecampana.org\/index.php?rest_route=\/wp\/v2\/posts\/16247","targetHints":{"allow":["GET"]}}],"collection":[{"href":"https:\/\/obispadodezaratecampana.org\/index.php?rest_route=\/wp\/v2\/posts"}],"about":[{"href":"https:\/\/obispadodezaratecampana.org\/index.php?rest_route=\/wp\/v2\/types\/post"}],"author":[{"embeddable":true,"href":"https:\/\/obispadodezaratecampana.org\/index.php?rest_route=\/wp\/v2\/users\/2"}],"replies":[{"embeddable":true,"href":"https:\/\/obispadodezaratecampana.org\/index.php?rest_route=%2Fwp%2Fv2%2Fcomments&post=16247"}],"version-history":[{"count":1,"href":"https:\/\/obispadodezaratecampana.org\/index.php?rest_route=\/wp\/v2\/posts\/16247\/revisions"}],"predecessor-version":[{"id":16250,"href":"https:\/\/obispadodezaratecampana.org\/index.php?rest_route=\/wp\/v2\/posts\/16247\/revisions\/16250"}],"wp:featuredmedia":[{"embeddable":true,"href":"https:\/\/obispadodezaratecampana.org\/index.php?rest_route=\/wp\/v2\/media\/16248"}],"wp:attachment":[{"href":"https:\/\/obispadodezaratecampana.org\/index.php?rest_route=%2Fwp%2Fv2%2Fmedia&parent=16247"}],"wp:term":[{"taxonomy":"category","embeddable":true,"href":"https:\/\/obispadodezaratecampana.org\/index.php?rest_route=%2Fwp%2Fv2%2Fcategories&post=16247"},{"taxonomy":"post_tag","embeddable":true,"href":"https:\/\/obispadodezaratecampana.org\/index.php?rest_route=%2Fwp%2Fv2%2Ftags&post=16247"}],"curies":[{"name":"wp","href":"https:\/\/api.w.org\/{rel}","templated":true}]}}