{"id":16244,"date":"2019-08-06T14:01:25","date_gmt":"2019-08-06T17:01:25","guid":{"rendered":"http:\/\/obispadodezaratecampana.org\/?p=16244"},"modified":"2019-08-06T14:01:25","modified_gmt":"2019-08-06T17:01:25","slug":"designaciones-realizadas-por-nuestro-obispo-pedro-laxague","status":"publish","type":"post","link":"https:\/\/obispadodezaratecampana.org\/?p=16244","title":{"rendered":"Designaciones realizadas por nuestro Obispo Pedro Laxague"},"content":{"rendered":"<h5 style=\"color: #1c1e21; text-align: justify;\"><span style=\"color: #333399;\">Nuestro Obispo Pedro Laxague ha realizado las siguientes designaciones:<\/span><\/h5>\n<h5 style=\"color: #1c1e21; text-align: justify;\"><span style=\"color: #333399;\">Padre Albino Cabral: P\u00e1rroco de San Antonio de Padua de San Antonio, San Antonio de Areco.<\/span><\/h5>\n<h5 style=\"color: #1c1e21; text-align: justify;\"><span style=\"color: #333399;\">Padre Fernando Crevat\u00edn: P\u00e1rroco de la Catedral Santa Florentina, Campana.<\/span><\/h5>\n<div class=\"text_exposed_show\" style=\"color: #1c1e21; text-align: justify;\">\n<h5><span style=\"color: #333399;\">Padre Pablo Iriarte: Capell\u00e1n Externo de San Antonio de Padua de Presidente Derqui, Pilar.<\/span><\/h5>\n<h5><span style=\"color: #333399;\">Padre Adri\u00e1n L\u00e1zaro: P\u00e1rroco de la Sagrada Familia de Los Cardales, Exaltaci\u00f3n de la Cruz.<\/span><\/h5>\n<h5><span style=\"color: #333399;\">Padre Alfredo Meoniz: P\u00e1rroco de Exaltaci\u00f3n de la Cruz de Capilla del Se\u00f1or, Exaltaci\u00f3n de la Cruz.<\/span><\/h5>\n<h5><span style=\"color: #333399;\">Padre Ariel P\u00e9rez: P\u00e1rroco de Natividad del Se\u00f1or, Bel\u00e9n de Escobar.<\/span><\/h5>\n<h5><span style=\"color: #333399;\">Recemos y acompa\u00f1emos a nuestros Pastores.<\/span><\/h5>\n<\/div>\n<p><span style=\"color: #333399;\"><img fetchpriority=\"high\" decoding=\"async\" class=\"alignnone size-medium wp-image-16245 aligncenter\" src=\"http:\/\/obispadodezaratecampana.org\/wp-content\/uploads\/2019\/08\/Escudo-Mons.Pedro_-300x170.jpg\" alt=\"Escudo Mons.Pedro\" width=\"300\" height=\"170\" srcset=\"https:\/\/obispadodezaratecampana.org\/wp-content\/uploads\/2019\/08\/Escudo-Mons.Pedro_-300x170.jpg 300w, https:\/\/obispadodezaratecampana.org\/wp-content\/uploads\/2019\/08\/Escudo-Mons.Pedro_.jpg 785w\" sizes=\"(max-width: 300px) 100vw, 300px\" \/><\/span><\/p>\n<!-- AddThis Advanced Settings generic via filter on the_content --><!-- AddThis Share Buttons generic via filter on the_content -->","protected":false},"excerpt":{"rendered":"<p>Nuestro Obispo Pedro Laxague ha realizado las siguientes designaciones: Padre Albino Cabral: P\u00e1rroco de San Antonio de Padua de San Antonio, San Antonio de Areco. [&hellip;]<!-- AddThis Advanced Settings generic via filter on get_the_excerpt --><!-- AddThis Share Buttons generic via filter on get_the_excerpt --><\/p>\n","protected":false},"author":2,"featured_media":16245,"comment_status":"open","ping_status":"open","sticky":false,"template":"","format":"standard","meta":{"footnotes":""},"categories":[5,1],"tags":[],"class_list":["post-16244","post","type-post","status-publish","format-standard","has-post-thumbnail","hentry","category-generales","category-noticiasdiocesanas"],"_links":{"self":[{"href":"https:\/\/obispadodezaratecampana.org\/index.php?rest_route=\/wp\/v2\/posts\/16244","targetHints":{"allow":["GET"]}}],"collection":[{"href":"https:\/\/obispadodezaratecampana.org\/index.php?rest_route=\/wp\/v2\/posts"}],"about":[{"href":"https:\/\/obispadodezaratecampana.org\/index.php?rest_route=\/wp\/v2\/types\/post"}],"author":[{"embeddable":true,"href":"https:\/\/obispadodezaratecampana.org\/index.php?rest_route=\/wp\/v2\/users\/2"}],"replies":[{"embeddable":true,"href":"https:\/\/obispadodezaratecampana.org\/index.php?rest_route=%2Fwp%2Fv2%2Fcomments&post=16244"}],"version-history":[{"count":1,"href":"https:\/\/obispadodezaratecampana.org\/index.php?rest_route=\/wp\/v2\/posts\/16244\/revisions"}],"predecessor-version":[{"id":16246,"href":"https:\/\/obispadodezaratecampana.org\/index.php?rest_route=\/wp\/v2\/posts\/16244\/revisions\/16246"}],"wp:featuredmedia":[{"embeddable":true,"href":"https:\/\/obispadodezaratecampana.org\/index.php?rest_route=\/wp\/v2\/media\/16245"}],"wp:attachment":[{"href":"https:\/\/obispadodezaratecampana.org\/index.php?rest_route=%2Fwp%2Fv2%2Fmedia&parent=16244"}],"wp:term":[{"taxonomy":"category","embeddable":true,"href":"https:\/\/obispadodezaratecampana.org\/index.php?rest_route=%2Fwp%2Fv2%2Fcategories&post=16244"},{"taxonomy":"post_tag","embeddable":true,"href":"https:\/\/obispadodezaratecampana.org\/index.php?rest_route=%2Fwp%2Fv2%2Ftags&post=16244"}],"curies":[{"name":"wp","href":"https:\/\/api.w.org\/{rel}","templated":true}]}}