{"id":16238,"date":"2019-08-05T16:00:05","date_gmt":"2019-08-05T19:00:05","guid":{"rendered":"http:\/\/obispadodezaratecampana.org\/?p=16238"},"modified":"2019-08-05T16:00:05","modified_gmt":"2019-08-05T19:00:05","slug":"ecos-del-retiro-anual-de-caritas","status":"publish","type":"post","link":"https:\/\/obispadodezaratecampana.org\/?p=16238","title":{"rendered":"Ecos del Retiro Anual de C\u00e1ritas"},"content":{"rendered":"<p style=\"text-align: justify;\"><span style=\"color: #000080;\">Testimonio del Vicepresidente de C\u00e1ritas, el Padre Gabriel Micheli, al respecto del Retiro Anual que se llevo a cabo para sus voluntarios entre el viernes 26 y el viernes 28 de julio de este a\u00f1o, en Villa Marista, partido de Pilar:<\/span><\/p>\n<p style=\"text-align: center;\"><a href=\"http:\/\/obispadodezaratecampana.org\/wp-content\/uploads\/2019\/08\/67655533_680193212483366_6646958929945296896_n.jpg\"><img fetchpriority=\"high\" decoding=\"async\" class=\"alignnone size-medium wp-image-16241\" src=\"http:\/\/obispadodezaratecampana.org\/wp-content\/uploads\/2019\/08\/67655533_680193212483366_6646958929945296896_n-300x225.jpg\" alt=\"67655533_680193212483366_6646958929945296896_n\" width=\"300\" height=\"225\" srcset=\"https:\/\/obispadodezaratecampana.org\/wp-content\/uploads\/2019\/08\/67655533_680193212483366_6646958929945296896_n-300x225.jpg 300w, https:\/\/obispadodezaratecampana.org\/wp-content\/uploads\/2019\/08\/67655533_680193212483366_6646958929945296896_n-1024x768.jpg 1024w, https:\/\/obispadodezaratecampana.org\/wp-content\/uploads\/2019\/08\/67655533_680193212483366_6646958929945296896_n.jpg 1280w\" sizes=\"(max-width: 300px) 100vw, 300px\" \/><\/a><\/p>\n<p style=\"text-align: justify;\"><span style=\"color: #000080;\">\u201cEn estos d\u00edas, hemos compartido nuestro retiro anual del voluntariado de C\u00e4ritas. Animado por la comisi\u00f3n y Equipo de C\u00e1ritas diocesana. Hemos rezado y reflexionado sobre nuestro lema &#8220;por una Caridad alegre, misionera y transformadora&#8221;, a la luz del evangelio de San Marcos y la vida de nuestros santos y m\u00e1rtires. Tambi\u00e9n sobre la carta Laudato Si, del Papa Francisco sobre el cuidado de nuestra casa com\u00fan: la tierra. Que el Esp\u00edritu Santo siga soplando sobre nosotros para ser ese instrumento de la caridad de Dios&#8230;que anime a todos, a renovar nuestro compromiso por nuestros hermanos que reclaman una vida m\u00e1s digna&#8230;!!!<\/span><\/p>\n<p style=\"text-align: justify;\">\n<p style=\"text-align: center;\"><a href=\"http:\/\/obispadodezaratecampana.org\/wp-content\/uploads\/2019\/08\/IMG-20190729-WA0003.jpg\"><img decoding=\"async\" class=\"alignnone size-medium wp-image-16239\" src=\"http:\/\/obispadodezaratecampana.org\/wp-content\/uploads\/2019\/08\/IMG-20190729-WA0003-300x225.jpg\" alt=\"IMG-20190729-WA0003\" width=\"300\" height=\"225\" srcset=\"https:\/\/obispadodezaratecampana.org\/wp-content\/uploads\/2019\/08\/IMG-20190729-WA0003-300x225.jpg 300w, https:\/\/obispadodezaratecampana.org\/wp-content\/uploads\/2019\/08\/IMG-20190729-WA0003-1024x768.jpg 1024w, https:\/\/obispadodezaratecampana.org\/wp-content\/uploads\/2019\/08\/IMG-20190729-WA0003.jpg 1280w\" sizes=\"(max-width: 300px) 100vw, 300px\" \/><\/a><\/p>\n<!-- AddThis Advanced Settings generic via filter on the_content --><!-- AddThis Share Buttons generic via filter on the_content -->","protected":false},"excerpt":{"rendered":"<p>Testimonio del Vicepresidente de C\u00e1ritas, el Padre Gabriel Micheli, al respecto del Retiro Anual que se llevo a cabo para sus voluntarios entre el viernes [&hellip;]<!-- AddThis Advanced Settings generic via filter on get_the_excerpt --><!-- AddThis Share Buttons generic via filter on get_the_excerpt --><\/p>\n","protected":false},"author":2,"featured_media":16239,"comment_status":"open","ping_status":"open","sticky":false,"template":"","format":"standard","meta":{"footnotes":""},"categories":[4,1],"tags":[],"class_list":["post-16238","post","type-post","status-publish","format-standard","has-post-thumbnail","hentry","category-movimientosinstituciones","category-noticiasdiocesanas"],"_links":{"self":[{"href":"https:\/\/obispadodezaratecampana.org\/index.php?rest_route=\/wp\/v2\/posts\/16238","targetHints":{"allow":["GET"]}}],"collection":[{"href":"https:\/\/obispadodezaratecampana.org\/index.php?rest_route=\/wp\/v2\/posts"}],"about":[{"href":"https:\/\/obispadodezaratecampana.org\/index.php?rest_route=\/wp\/v2\/types\/post"}],"author":[{"embeddable":true,"href":"https:\/\/obispadodezaratecampana.org\/index.php?rest_route=\/wp\/v2\/users\/2"}],"replies":[{"embeddable":true,"href":"https:\/\/obispadodezaratecampana.org\/index.php?rest_route=%2Fwp%2Fv2%2Fcomments&post=16238"}],"version-history":[{"count":1,"href":"https:\/\/obispadodezaratecampana.org\/index.php?rest_route=\/wp\/v2\/posts\/16238\/revisions"}],"predecessor-version":[{"id":16243,"href":"https:\/\/obispadodezaratecampana.org\/index.php?rest_route=\/wp\/v2\/posts\/16238\/revisions\/16243"}],"wp:featuredmedia":[{"embeddable":true,"href":"https:\/\/obispadodezaratecampana.org\/index.php?rest_route=\/wp\/v2\/media\/16239"}],"wp:attachment":[{"href":"https:\/\/obispadodezaratecampana.org\/index.php?rest_route=%2Fwp%2Fv2%2Fmedia&parent=16238"}],"wp:term":[{"taxonomy":"category","embeddable":true,"href":"https:\/\/obispadodezaratecampana.org\/index.php?rest_route=%2Fwp%2Fv2%2Fcategories&post=16238"},{"taxonomy":"post_tag","embeddable":true,"href":"https:\/\/obispadodezaratecampana.org\/index.php?rest_route=%2Fwp%2Fv2%2Ftags&post=16238"}],"curies":[{"name":"wp","href":"https:\/\/api.w.org\/{rel}","templated":true}]}}