{"id":16227,"date":"2019-08-04T14:49:33","date_gmt":"2019-08-04T17:49:33","guid":{"rendered":"http:\/\/obispadodezaratecampana.org\/?p=16227"},"modified":"2019-08-04T15:00:20","modified_gmt":"2019-08-04T18:00:20","slug":"el-papa-escribe-a-los-sacerdotes-gracias-por-vuestro-servicio","status":"publish","type":"post","link":"https:\/\/obispadodezaratecampana.org\/?p=16227","title":{"rendered":"El Papa escribe a los sacerdotes: \u201cGracias por vuestro servicio\u201d"},"content":{"rendered":"<p style=\"text-align: center;\"><img fetchpriority=\"high\" decoding=\"async\" class=\"alignnone size-medium wp-image-16228\" src=\"http:\/\/obispadodezaratecampana.org\/wp-content\/uploads\/2019\/08\/sacerdotes-300x168.jpeg\" alt=\"sacerdotes\" width=\"300\" height=\"168\" srcset=\"https:\/\/obispadodezaratecampana.org\/wp-content\/uploads\/2019\/08\/sacerdotes-300x168.jpeg 300w, https:\/\/obispadodezaratecampana.org\/wp-content\/uploads\/2019\/08\/sacerdotes.jpeg 750w\" sizes=\"(max-width: 300px) 100vw, 300px\" \/><\/p>\n<p class=\"article__title\" style=\"font-weight: bold; color: #373737; text-align: justify;\">El Papa escribe a los sacerdotes: \u201cGracias por vuestro servicio\u201d<\/p>\n<p class=\"article__subTitle\" style=\"font-weight: 300; color: #646464; text-align: left;\">La carta de Francisco en el 160\u00b0 aniversario de la muerte del Cura de Ars: apoyo, cercan\u00eda y aliento a todos los sacerdotes que no obstante las fatigas y desilusiones celebran cada d\u00eda los sacramentos y acompa\u00f1an al pueblo de Dios.<\/p>\n<p class=\"article__subTitle\" style=\"font-weight: 300; color: #646464; text-align: left;\"><strong>Descargar Carta completa:\u00a0\u00a0<a title=\"Carta del Papa\" href=\"https:\/\/drive.google.com\/file\/d\/1u-sy0wG-RTivh7u3wMFov_ttE9MU9n4K\/view?usp=sharing\" target=\"_blank\">https:\/\/drive.google.com\/file\/d\/1u-sy0wG-RTivh7u3wMFov_ttE9MU9n4K\/view?usp=sharing<\/a><\/strong><\/p>\n<div class=\"article__text\" style=\"font-weight: 300; color: #373737;\">\n<p style=\"text-align: justify;\"><strong>Ciudad del Vaticano<\/strong><\/p>\n<p style=\"text-align: justify;\">El Papa Francisco escribe una\u00a0<a style=\"color: #660099;\" href=\"https:\/\/w2.vatican.va\/content\/francesco\/es\/letters\/2019\/documents\/papa-francesco_20190804_lettera-presbiteri.html\" rel=\"external nofollow\">carta<\/a>\u00a0a los sacerdotes recordando el 160\u00b0 aniversario de la muerte del Santo Cura de Ars, patrono de todos los p\u00e1rrocos del mundo. Una carta que expresa aliento y cercan\u00eda\u00a0 a los \u201chermanos presb\u00edteros, que sin hacer ruido, \u2018lo dejan todo\u2019 para estar empe\u00f1ados en el d\u00eda a d\u00eda de sus comunidades, a los que trabajan en la \u2018trinchera\u2019, a quienes \u2018dan la cara\u2019 cotidianamente y sin darse tanta importancia, a fin de que el Pueblo de Dios est\u00e9 cuidado y acompa\u00f1ado\u201d. \u201cMe dirijo a cada uno de Ustedes \u2013 escribe el Papa &#8211; que tantas veces, de manera desapercibida y sacrificada, en el cansancio o la fatiga, la enfermedad o la desolaci\u00f3n, asumen la misi\u00f3n como servicio a Dios y a su gente e, incluso con todas las dificultades del camino, escriben las p\u00e1ginas m\u00e1s hermosas de la vida sacerdotal\u201d.<\/p>\n<p style=\"font-weight: 500; text-align: justify;\"><b style=\"font-weight: bolder;\">Dolor<\/b><\/p>\n<p style=\"text-align: justify;\">La carta papal se abre con una mirada al esc\u00e1ndalo de los abusos: \u201cEn estos \u00faltimos tiempos hemos podido o\u00edr con mayor claridad el grito, tantas veces silencioso y silenciado, de hermanos nuestros, v\u00edctimas de abuso de poder, conciencia y sexual por parte de ministros ordenados\u201d. Francisco explica que \u201csin negar y repudiar el da\u00f1o causado por algunos hermanos nuestros ser\u00eda injusto no reconocer a tantos sacerdotes que, de manera constante y honesta, entregan todo lo que son y tienen por el bien de los dem\u00e1s\u201d. \u201cSon innumerables \u2013 precisa el Papa &#8211; los sacerdotes que hacen de su vida una obra de misericordia en regiones o situaciones tantas veces inh\u00f3spitas, alejadas o abandonadas incluso a riesgo de la propia vida\u201d. El Pont\u00edfice les agradece \u201cel valiente y constante ejemplo\u201d recordando que \u00a0\u201clos tiempos de purificaci\u00f3n eclesial que vivimos nos har\u00e1n m\u00e1s alegres y sencillos y ser\u00e1n, en un futuro no lejano, muy fecundos. \u00a1No nos desanimemos!\u201d, \u00a0les dice el Pont\u00edfice, porque El Se\u00f1or est\u00e1 purificando a su Esposa y nos est\u00e1 convirtiendo a todos a S\u00ed. Nos permite experimentar la prueba para que entendamos que sin \u00c9l somos polvo\u201d.<\/p>\n<p style=\"font-weight: 500; text-align: justify;\"><b style=\"font-weight: bolder;\">Gratitud<\/b><\/p>\n<p style=\"text-align: justify;\">La segunda palabra clave es \u201cgratitud\u201d. El Santo Padre recuerda que \u201cla vocaci\u00f3n, m\u00e1s que una elecci\u00f3n nuestra, es respuesta a un llamado gratuito del Se\u00f1or\u201d. Retomando la ense\u00f1anza de un maestro de vida sacerdotal de su pa\u00eds natal, el Papa exhorta \u201ca volver a esos momentos luminosos en que experimentamos el llamado del Se\u00f1or a consagrar toda nuestra vida a su servicio\u201d, a aquel \u201cs\u00ed\u201d crecido \u201cen el seno de una comunidad cristiana\u201d. \u201cEn momentos de tribulaci\u00f3n, fragilidad, as\u00ed como en los de debilidad y manifestaci\u00f3n de nuestros l\u00edmites, cuando la peor de todas las tentaciones es quedarse rumiando la desolaci\u00f3n\u00a0 fragmentando la mirada, el juicio y el coraz\u00f3n\u201d, es \u201ccrucial\u201d, explica Francisco, no s\u00f3lo no perder la memoria agradecida del paso del Se\u00f1or por nuestra vida que nos invit\u00f3 a jug\u00e1rnosla por \u00c9l y por su Pueblo\u201d. \u201cEl agradecimiento siempre es un \u201carma poderosa\u201d. S\u00f3lo si somos capaces de contemplar y agradecer concretamente todos los gestos de amor, generosidad, solidaridad y confianza, as\u00ed como de perd\u00f3n, paciencia, aguante y compasi\u00f3n con los que fuimos tratados, dejaremos al Esp\u00edritu regalarnos ese aire fresco capaz de renovar (y no emparchar) nuestra vida y misi\u00f3n\u201d.<\/p>\n<p style=\"text-align: justify;\">El Papa agradece a los hermanos sacerdotes \u00a0por la \u201cfidelidad a los compromisos contra\u00eddos. Es todo un signo que, en una sociedad y una cultura que convirti\u00f3\u00a0 \u2018lo gaseoso\u2019 en valor, existan personas que apuesten y busquen asumir compromisos que exigen toda la vida\u201d. \u201cGracias por la alegr\u00eda con la que han sabido entregar sus vidas\u201d \u2013 contin\u00faa diciendo el Papa \u2013 \u201cpor buscar fortalecer los v\u00ednculos de fraternidad y amistad en el presbiterio y con vuestro obispo\u201d. \u201cGracias por el testimonio de perseverancia y &#8216;aguante&#8217; (<i>hypomon\u00e9<\/i>) en la entrega pastoral que tantas veces, movidos por la\u00a0<i>parres\u00eda\u00a0<\/i>del pastor nos lleva a luchar con el Se\u00f1or en la oraci\u00f3n, como Mois\u00e9s en aquella valiente y hasta riesgosa intercesi\u00f3n por el pueblo\u201d. \u201cGracias, por celebrar diariamente la Eucarist\u00eda y apacentar con misericordia en el sacramento de la reconciliaci\u00f3n, sin rigorismos ni laxismos, haci\u00e9ndose cargo de las personas y acompa\u00f1\u00e1ndolas en el camino de conversi\u00f3n\u201d<\/p>\n<p style=\"text-align: justify;\">El Papa agradece tambi\u00e9n por ungir y anunciar a todos, &#8220;con ardor\u201d. \u201cGracias por las veces en que, dej\u00e1ndose conmover en las entra\u00f1as, han acogido a los ca\u00eddos, curado sus heridas&#8230;\u201d \u201cNada urge tanto como esto: proximidad, cercan\u00eda, hacernos cercanos a la carne del hermano sufriente.<\/p>\n<div class=\"article__embed article__embed--border embed_style\">\n<blockquote style=\"font-style: italic;\"><p>\u201c \u00a1Cu\u00e1nto bien hace el ejemplo de un sacerdote que se acerca y no le huye a las heridas de sus hermanos! \u201d<\/p><\/blockquote>\n<\/div>\n<p style=\"text-align: justify;\">El coraz\u00f3n del pastor \u2013 afirma el Santo Padre \u2013 es aquel \u201cque aprendi\u00f3 el gusto espiritual de sentirse uno con su pueblo; que no se olvida que sali\u00f3 de \u00e9l\u2026 con \u201cun estilo de vida austera y sencilla, sin aceptar privilegios que no tienen sabor a Evangelio\u201d.\u00a0El Papa invita a dar gracias tambi\u00e9n \u201cpor la santidad del Pueblo fiel de Dios\u201d expresada en los \u201cpadres que cuidan con tanto amor a sus hijos, en esos hombres y mujeres que trabajan para llevar el pan a su casa, en los enfermos, en las religiosas ancianas que siguen sonriendo\u201d.<\/p>\n<p style=\"font-weight: 500; text-align: justify;\"><b style=\"font-weight: bolder;\">\u00c1nimo<\/b><\/p>\n<p style=\"text-align: justify;\">La tercera palabra es \u201c\u00e1nimo\u201d. El segundo deseo expresado por el Papa es \u201cacompa\u00f1arlos a renovar nuestro \u00e1nimo sacerdotal, fruto ante todo de la acci\u00f3n del Esp\u00edritu Santo en nuestras vidas\u201d. \u201cLa misi\u00f3n a la que fuimos llamados no entra\u00f1a ser inmunes al sufrimiento, al dolor e inclusive a la incomprensi\u00f3n; al contrario, nos pide mirarlos de frente y asumirlos para dejar que el Se\u00f1or los transforme y nos configure m\u00e1s a \u00c9l\u201d. Un buen &#8216;test&#8217; para conocer c\u00f3mo est\u00e1 el coraz\u00f3n de pastor \u00a0&#8211; dice Francisco \u2013 \u201ces preguntarnos c\u00f3mo enfrentamos el dolor.\u201d Muchas veces se puede actuar como el levita o el sacerdote de la par\u00e1bola que dan un rodeo e ignoran al hombre ca\u00eddo, otras veces \u201cse acercan mal, lo intelectualizan refugi\u00e1ndose en lugares comunes: \u2018la vida es as\u00ed\u2019, \u2018no se puede hacer nada\u2019, dando lugar al fatalismo y la desaz\u00f3n; o se acercan con una mirada de preferencias selectivas que lo \u00fanico que genera es aislamiento y exclusi\u00f3n\u201d.<\/p>\n<p style=\"text-align: justify;\">El Papa se\u00f1ala otra \u201cactitud sutil y peligrosa\u201d, que Bernanos defini\u00f3 \u201cel m\u00e1s preciado de los elixires del demonio\u201d, es decir, \u201cuna\u00a0<i>tristeza dulzona,<\/i>\u00a0que los padres de Oriente llamaban acedia\u201d. \u201cLa tristeza que paraliza el \u00e1nimo de continuar con el trabajo, con la oraci\u00f3n\u201d, \u00a0que \u201cvuelve est\u00e9ril todo intento de transformaci\u00f3n y conversi\u00f3n propagando resentimiento y animosidad\u201d. \u00a0\u201cPidamos y hagamos pedir al Esp\u00edritu que &#8220;venga a despertarnos, &#8211; afirma el Papa &#8211; a pegarnos un sacud\u00f3n en nuestra modorra, a liberarnos de la inercia. Desafiemos las costumbres, abramos bien los ojos, los o\u00eddos y sobre todo el coraz\u00f3n, para dejarnos descolocar por lo que sucede a nuestro alrededor y por el grito de la Palabra viva y eficaz del Resucitado\u201d.<\/p>\n<p style=\"font-weight: 500; text-align: justify;\"><b style=\"font-weight: bolder;\">Alabanza<\/b><\/p>\n<p style=\"text-align: justify;\">La \u00faltima palabra \u00a0propuesta en la carta es \u201calabanza\u201d. Es imposible hablar de gratitud y aliento sin contemplar a Mar\u00eda que \u201cnos ense\u00f1a la alabanza capaz de abrir la mirada al futuro y devolver la esperanza al presente\u201d. Porque Mirar a Mar\u00eda \u201ces volver a creer en lo revolucionario de la ternura y del cari\u00f1o\u201d. Por ello, concluye el Papa, \u201csi alguna vez nos sentimos tentados de aislarnos y encerrarnos en nosotros mismos y en nuestros proyectos protegi\u00e9ndonos de los caminos siempre polvorientos de la historia, o si el lamento, la queja, la cr\u00edtica o la iron\u00eda se adue\u00f1an de nuestro accionar sin ganas de luchar, de esperar y de amar\u2026\u00a0 miremos a Mar\u00eda para que limpie nuestra mirada de toda \u201cpelusa\u201d que puede estar impidi\u00e9ndonos ser atentos y despiertos para contemplar y celebrar a Cristo que Vive en medio de su Pueblo\u201d<\/p>\n<p style=\"text-align: justify;\">Hermanos \u2013 concluye el Papa \u2013 \u201cdejemos que sea la gratitud lo que despierte la alabanza y nos anime una vez m\u00e1s en la misi\u00f3n de ungir a nuestros hermanos en la esperanza. A ser hombres que testimonien con su vida la compasi\u00f3n y misericordia que s\u00f3lo Jes\u00fas nos puede regalar\u201d.<\/p>\n<p style=\"text-align: justify;\">Fuente: Vatican News<\/p>\n<\/div>\n<!-- AddThis Advanced Settings generic via filter on the_content --><!-- AddThis Share Buttons generic via filter on the_content -->","protected":false},"excerpt":{"rendered":"<p>El Papa escribe a los sacerdotes: \u201cGracias por vuestro servicio\u201d La carta de Francisco en el 160\u00b0 aniversario de la muerte del Cura de Ars: [&hellip;]<!-- AddThis Advanced Settings generic via filter on get_the_excerpt --><!-- AddThis Share Buttons generic via filter on get_the_excerpt --><\/p>\n","protected":false},"author":2,"featured_media":16228,"comment_status":"open","ping_status":"open","sticky":false,"template":"","format":"standard","meta":{"footnotes":""},"categories":[161,5],"tags":[],"class_list":["post-16227","post","type-post","status-publish","format-standard","has-post-thumbnail","hentry","category-el-papa-leonxiv","category-generales"],"_links":{"self":[{"href":"https:\/\/obispadodezaratecampana.org\/index.php?rest_route=\/wp\/v2\/posts\/16227","targetHints":{"allow":["GET"]}}],"collection":[{"href":"https:\/\/obispadodezaratecampana.org\/index.php?rest_route=\/wp\/v2\/posts"}],"about":[{"href":"https:\/\/obispadodezaratecampana.org\/index.php?rest_route=\/wp\/v2\/types\/post"}],"author":[{"embeddable":true,"href":"https:\/\/obispadodezaratecampana.org\/index.php?rest_route=\/wp\/v2\/users\/2"}],"replies":[{"embeddable":true,"href":"https:\/\/obispadodezaratecampana.org\/index.php?rest_route=%2Fwp%2Fv2%2Fcomments&post=16227"}],"version-history":[{"count":3,"href":"https:\/\/obispadodezaratecampana.org\/index.php?rest_route=\/wp\/v2\/posts\/16227\/revisions"}],"predecessor-version":[{"id":16232,"href":"https:\/\/obispadodezaratecampana.org\/index.php?rest_route=\/wp\/v2\/posts\/16227\/revisions\/16232"}],"wp:featuredmedia":[{"embeddable":true,"href":"https:\/\/obispadodezaratecampana.org\/index.php?rest_route=\/wp\/v2\/media\/16228"}],"wp:attachment":[{"href":"https:\/\/obispadodezaratecampana.org\/index.php?rest_route=%2Fwp%2Fv2%2Fmedia&parent=16227"}],"wp:term":[{"taxonomy":"category","embeddable":true,"href":"https:\/\/obispadodezaratecampana.org\/index.php?rest_route=%2Fwp%2Fv2%2Fcategories&post=16227"},{"taxonomy":"post_tag","embeddable":true,"href":"https:\/\/obispadodezaratecampana.org\/index.php?rest_route=%2Fwp%2Fv2%2Ftags&post=16227"}],"curies":[{"name":"wp","href":"https:\/\/api.w.org\/{rel}","templated":true}]}}