{"id":16223,"date":"2019-08-04T14:15:10","date_gmt":"2019-08-04T17:15:10","guid":{"rendered":"http:\/\/obispadodezaratecampana.org\/?p=16223"},"modified":"2019-08-04T14:15:10","modified_gmt":"2019-08-04T17:15:10","slug":"queridos-hermanos-un-gran-abrazo-y-mi-bendicion-monsenor-pedro-laxague","status":"publish","type":"post","link":"https:\/\/obispadodezaratecampana.org\/?p=16223","title":{"rendered":"Queridos Hermanos: Un gran abrazo y mi bendici\u00f3n &#8211; Monse\u00f1or Pedro Laxague"},"content":{"rendered":"<div id=\"js_8z\" class=\"_5pbx userContent _3576\" style=\"color: #1c1e21;\" data-testid=\"post_message\" data-ft=\"{&quot;tn&quot;:&quot;K&quot;}\">\n<div id=\"id_5d470d4c2f0763103814663\" class=\"text_exposed_root text_exposed\">\n<h5 style=\"text-align: justify;\"><span style=\"color: rgb(128, 0, 128);\">Queridos Hermanos:<\/span><\/h5>\n<h5 style=\"text-align: justify;\"><span style=\"color: rgb(128, 0, 128);\">En el d\u00eda del Santo Cura de Ars saludo a todos los sacerdotes.\u00a0<\/span><br \/>\n<span style=\"color: rgb(128, 0, 128);\">Doy gracias al Buen Dios por su presencia en cada parroquia y comunidades de la di\u00f3cesis.\u00a0<\/span><br \/>\n<span style=\"color: rgb(128, 0, 128);\">Ahora se est\u00e1n produciendo cambios de destinos pastorales, que implican despedidas y nostalgias, pero a su vez, bienvenidas, expectativas e incertidumbres. En ambos casos debemos invocar con mucha fe al Buen Pastor que nos gu\u00eda y nos sigue diciendo &#8220;Ven y s\u00edgueme&#8221;.<span class=\"text_exposed_show\"><br \/>\nValoro y agradezco much\u00edsimo la gran disponibilidad que manifestaron estos sacerdotes ante la propuesta de cambio, siempre necesario para poder atender toda la di\u00f3cesis en la cual somos humildes servidores del numeroso Pueblo que el Se\u00f1or nos encomend\u00f3 apacentar en su Nombre.<br \/>\nPido a la Virgen de Luj\u00e1n que los acompa\u00f1e, reconforte y haga sentir su cari\u00f1o. Que el Cura de Ars y el Cura Brochero nos den fuerzas para seguir adelante con \u00e1nimo y alegr\u00eda.<\/span><\/span><\/h5>\n<div class=\"text_exposed_show\">\n<h5 style=\"text-align: center;\"><span style=\"color: rgb(128, 0, 128);\">Un gran abrazo y mi bendici\u00f3n.<\/span><\/h5>\n<h5 style=\"text-align: center;\"><span style=\"color: rgb(128, 0, 128);\">+ Pedro Laxague<\/span><br \/>\n<span style=\"color: rgb(128, 0, 128);\">Obispo de Z\u00e1rate &#8211; Campana<\/span><\/h5>\n<\/div>\n<\/div>\n<\/div>\n<p style=\"text-align: center;\"><img fetchpriority=\"high\" decoding=\"async\" class=\"alignnone size-medium wp-image-16224\" src=\"http:\/\/obispadodezaratecampana.org\/wp-content\/uploads\/2019\/08\/4-de-agosto-300x199.jpg\" alt=\"4 de agosto\" width=\"300\" height=\"199\" srcset=\"https:\/\/obispadodezaratecampana.org\/wp-content\/uploads\/2019\/08\/4-de-agosto-300x199.jpg 300w, https:\/\/obispadodezaratecampana.org\/wp-content\/uploads\/2019\/08\/4-de-agosto-1024x682.jpg 1024w, https:\/\/obispadodezaratecampana.org\/wp-content\/uploads\/2019\/08\/4-de-agosto.jpg 2048w\" sizes=\"(max-width: 300px) 100vw, 300px\" \/><\/p>\n<!-- AddThis Advanced Settings generic via filter on the_content --><!-- AddThis Share Buttons generic via filter on the_content -->","protected":false},"excerpt":{"rendered":"<p>Queridos Hermanos: En el d\u00eda del Santo Cura de Ars saludo a todos los sacerdotes.\u00a0 Doy gracias al Buen Dios por su presencia en cada [&hellip;]<!-- AddThis Advanced Settings generic via filter on get_the_excerpt --><!-- AddThis Share Buttons generic via filter on get_the_excerpt --><\/p>\n","protected":false},"author":2,"featured_media":16224,"comment_status":"open","ping_status":"open","sticky":false,"template":"","format":"standard","meta":{"footnotes":""},"categories":[5,1],"tags":[],"class_list":["post-16223","post","type-post","status-publish","format-standard","has-post-thumbnail","hentry","category-generales","category-noticiasdiocesanas"],"_links":{"self":[{"href":"https:\/\/obispadodezaratecampana.org\/index.php?rest_route=\/wp\/v2\/posts\/16223","targetHints":{"allow":["GET"]}}],"collection":[{"href":"https:\/\/obispadodezaratecampana.org\/index.php?rest_route=\/wp\/v2\/posts"}],"about":[{"href":"https:\/\/obispadodezaratecampana.org\/index.php?rest_route=\/wp\/v2\/types\/post"}],"author":[{"embeddable":true,"href":"https:\/\/obispadodezaratecampana.org\/index.php?rest_route=\/wp\/v2\/users\/2"}],"replies":[{"embeddable":true,"href":"https:\/\/obispadodezaratecampana.org\/index.php?rest_route=%2Fwp%2Fv2%2Fcomments&post=16223"}],"version-history":[{"count":1,"href":"https:\/\/obispadodezaratecampana.org\/index.php?rest_route=\/wp\/v2\/posts\/16223\/revisions"}],"predecessor-version":[{"id":16225,"href":"https:\/\/obispadodezaratecampana.org\/index.php?rest_route=\/wp\/v2\/posts\/16223\/revisions\/16225"}],"wp:featuredmedia":[{"embeddable":true,"href":"https:\/\/obispadodezaratecampana.org\/index.php?rest_route=\/wp\/v2\/media\/16224"}],"wp:attachment":[{"href":"https:\/\/obispadodezaratecampana.org\/index.php?rest_route=%2Fwp%2Fv2%2Fmedia&parent=16223"}],"wp:term":[{"taxonomy":"category","embeddable":true,"href":"https:\/\/obispadodezaratecampana.org\/index.php?rest_route=%2Fwp%2Fv2%2Fcategories&post=16223"},{"taxonomy":"post_tag","embeddable":true,"href":"https:\/\/obispadodezaratecampana.org\/index.php?rest_route=%2Fwp%2Fv2%2Ftags&post=16223"}],"curies":[{"name":"wp","href":"https:\/\/api.w.org\/{rel}","templated":true}]}}