{"id":16219,"date":"2019-08-02T15:34:06","date_gmt":"2019-08-02T18:34:06","guid":{"rendered":"http:\/\/obispadodezaratecampana.org\/?p=16219"},"modified":"2019-08-02T15:36:04","modified_gmt":"2019-08-02T18:36:04","slug":"comunicado-del-arzobispado-de-mendoza","status":"publish","type":"post","link":"https:\/\/obispadodezaratecampana.org\/?p=16219","title":{"rendered":"Comunicado del Arzobispado de Mendoza"},"content":{"rendered":"<h5 style=\"text-align: center;\"><span style=\"color: #003366;\">COMUNICADO DEL ARZOBISPADO DE MENDOZA<\/span><\/h5>\n<h5 style=\"text-align: justify;\"><span style=\"color: #008080;\">La Justicia del Estado comienza a juzgar en estos d\u00edas, a los acusados por los hechos denunciados en relaci\u00f3n con el Instituto Antonio Pr\u00f3volo, perteneciente a la Asociaci\u00f3n Civil San Jos\u00e9. <\/span><br \/>\n<span style=\"color: #008080;\">La Iglesia de Mendoza toda quiere transmitir, una vez m\u00e1s, su solidaridad y cercan\u00eda a quienes han denunciado haber sufrido las m\u00e1s aberrantes vejaciones. Lo que han relatado estas personas ha horrorizado, y con raz\u00f3n, a toda la sociedad mendocina. As\u00ed lo hemos experimentado en nuestras comunidades cristianas. <\/span><br \/>\n<span style=\"color: #008080;\">Los pastores, los consagrados y los laicos de esta Iglesia diocesana nos hemos sentido desconcertados y dolidos ante estos hechos. Creemos que la acci\u00f3n de la justicia es imprescindible para esclarecerlos, establecer las responsabilidades y las sanciones que correspondan. <\/span><br \/>\n<span style=\"color: #008080;\">Por esta raz\u00f3n hemos procurado que nuestros pronunciamientos respecto de la causa y los hechos que se investigan sean respetuosos de los procedimientos y tiempos de la justicia de <\/span><br \/>\n<span style=\"color: #008080;\">Mendoza. <\/span><br \/>\n<span style=\"color: #008080;\">Como parte de este pueblo mendocino, queremos verdad y justicia, y ponemos en las manos del Dios, &#8220;fuente de toda raz\u00f3n y justicia&#8221;, el trabajo de quienes tienen la tarea de impartirla.<\/span><\/h5>\n<h5 style=\"text-align: justify;\"><span style=\"color: #008080;\">Mendoza, 2 de agosto de 2019.-<\/span><br \/>\n<span style=\"color: #008080;\">Oficina de Prensa del Arzobispado de Mendoza<\/span><\/h5>\n<h5 style=\"text-align: center;\"><img fetchpriority=\"high\" decoding=\"async\" class=\"alignnone size-medium wp-image-16220\" src=\"http:\/\/obispadodezaratecampana.org\/wp-content\/uploads\/2019\/08\/provolo-225x300.png\" alt=\"provolo\" width=\"225\" height=\"300\" srcset=\"https:\/\/obispadodezaratecampana.org\/wp-content\/uploads\/2019\/08\/provolo-225x300.png 225w, https:\/\/obispadodezaratecampana.org\/wp-content\/uploads\/2019\/08\/provolo.png 720w\" sizes=\"(max-width: 225px) 100vw, 225px\" \/><\/h5>\n<!-- AddThis Advanced Settings generic via filter on the_content --><!-- AddThis Share Buttons generic via filter on the_content -->","protected":false},"excerpt":{"rendered":"<p>COMUNICADO DEL ARZOBISPADO DE MENDOZA La Justicia del Estado comienza a juzgar en estos d\u00edas, a los acusados por los hechos denunciados en relaci\u00f3n con [&hellip;]<!-- AddThis Advanced Settings generic via filter on get_the_excerpt --><!-- AddThis Share Buttons generic via filter on get_the_excerpt --><\/p>\n","protected":false},"author":2,"featured_media":16220,"comment_status":"open","ping_status":"open","sticky":false,"template":"","format":"standard","meta":{"footnotes":""},"categories":[5,1],"tags":[],"class_list":["post-16219","post","type-post","status-publish","format-standard","has-post-thumbnail","hentry","category-generales","category-noticiasdiocesanas"],"_links":{"self":[{"href":"https:\/\/obispadodezaratecampana.org\/index.php?rest_route=\/wp\/v2\/posts\/16219","targetHints":{"allow":["GET"]}}],"collection":[{"href":"https:\/\/obispadodezaratecampana.org\/index.php?rest_route=\/wp\/v2\/posts"}],"about":[{"href":"https:\/\/obispadodezaratecampana.org\/index.php?rest_route=\/wp\/v2\/types\/post"}],"author":[{"embeddable":true,"href":"https:\/\/obispadodezaratecampana.org\/index.php?rest_route=\/wp\/v2\/users\/2"}],"replies":[{"embeddable":true,"href":"https:\/\/obispadodezaratecampana.org\/index.php?rest_route=%2Fwp%2Fv2%2Fcomments&post=16219"}],"version-history":[{"count":1,"href":"https:\/\/obispadodezaratecampana.org\/index.php?rest_route=\/wp\/v2\/posts\/16219\/revisions"}],"predecessor-version":[{"id":16222,"href":"https:\/\/obispadodezaratecampana.org\/index.php?rest_route=\/wp\/v2\/posts\/16219\/revisions\/16222"}],"wp:featuredmedia":[{"embeddable":true,"href":"https:\/\/obispadodezaratecampana.org\/index.php?rest_route=\/wp\/v2\/media\/16220"}],"wp:attachment":[{"href":"https:\/\/obispadodezaratecampana.org\/index.php?rest_route=%2Fwp%2Fv2%2Fmedia&parent=16219"}],"wp:term":[{"taxonomy":"category","embeddable":true,"href":"https:\/\/obispadodezaratecampana.org\/index.php?rest_route=%2Fwp%2Fv2%2Fcategories&post=16219"},{"taxonomy":"post_tag","embeddable":true,"href":"https:\/\/obispadodezaratecampana.org\/index.php?rest_route=%2Fwp%2Fv2%2Ftags&post=16219"}],"curies":[{"name":"wp","href":"https:\/\/api.w.org\/{rel}","templated":true}]}}