{"id":16185,"date":"2019-07-23T10:54:15","date_gmt":"2019-07-23T13:54:15","guid":{"rendered":"http:\/\/obispadodezaratecampana.org\/?p=16185"},"modified":"2019-07-23T10:54:15","modified_gmt":"2019-07-23T13:54:15","slug":"concurso-de-proyectos-jovenes-en-caritas","status":"publish","type":"post","link":"https:\/\/obispadodezaratecampana.org\/?p=16185","title":{"rendered":"Concurso de Proyectos: J\u00f3venes en C\u00e1ritas"},"content":{"rendered":"<p style=\"text-align: center;\"><a href=\"http:\/\/obispadodezaratecampana.org\/wp-content\/uploads\/2019\/07\/60962636_1038773799653677_3587296409495273472_o.jpg\"><img fetchpriority=\"high\" decoding=\"async\" class=\"alignnone size-medium wp-image-16186\" src=\"http:\/\/obispadodezaratecampana.org\/wp-content\/uploads\/2019\/07\/60962636_1038773799653677_3587296409495273472_o-300x300.jpg\" alt=\"60962636_1038773799653677_3587296409495273472_o\" width=\"300\" height=\"300\" srcset=\"https:\/\/obispadodezaratecampana.org\/wp-content\/uploads\/2019\/07\/60962636_1038773799653677_3587296409495273472_o-300x300.jpg 300w, https:\/\/obispadodezaratecampana.org\/wp-content\/uploads\/2019\/07\/60962636_1038773799653677_3587296409495273472_o-150x150.jpg 150w, https:\/\/obispadodezaratecampana.org\/wp-content\/uploads\/2019\/07\/60962636_1038773799653677_3587296409495273472_o-1024x1024.jpg 1024w, https:\/\/obispadodezaratecampana.org\/wp-content\/uploads\/2019\/07\/60962636_1038773799653677_3587296409495273472_o.jpg 1280w\" sizes=\"(max-width: 300px) 100vw, 300px\" \/><\/a><\/p>\n<p style=\"text-align: center;\">\n<p style=\"text-align: left;\"><span style=\"color: #000080;\">Queremos compartirles esta noticia<span class=\"_5mfr\"><span class=\"_6qdm\">\u203c<\/span><\/span>C\u00e1ritas diocesana est\u00e1 organizando un concurso para los grupos de j\u00f3venes ZC.\u00a0<\/span><br style=\"color: #1c1e21;\" \/><span style=\"color: #000080;\">Los objetivos del mismo son:\u00a0alentar a los j\u00f3venes a expresar la fe mediante acciones que reflejen el amor\u00a0por los m\u00e1s necesitados, que los grupos de j\u00f3venes estrechen v\u00ednculos con sus C\u00e1ritas\u00a0y as\u00ed poder trabajar juntos y, que muchos j\u00f3venes en situaci\u00f3n de vulnerabilidad encue<span class=\"text_exposed_show\">ntren espacios\u00a0para acercarse a la comunidad de fe y all\u00ed encuentren el cuidado y la contenci\u00f3n necesarios.<br \/>\nLos proyectos deber\u00e1n estar destinados a j\u00f3venes, es decir, es de j\u00f3venes para j\u00f3venes alentando la participaci\u00f3n activa de todos.<br \/>\nEl proyecto ganador recibir\u00e1 un aporte seg\u00fan el importe solicitado para los recursos necesarios del mismo hasta $30.000-<br \/>\nTenes tiempo hasta el 31 de julio de 2019<span class=\"_5mfr\"><span class=\"_6qdm\">\u203c<\/span><\/span><br \/>\nPara m\u00e1s info y\/o solicitar formulario para presentar proyecto\u00a0<span class=\"_5mfr\"><span class=\"_6qdm\"><\/span><\/span>\u00a0caritasjovenzc@gmail.com<\/span><\/span><\/p>\n<!-- AddThis Advanced Settings generic via filter on the_content --><!-- AddThis Share Buttons generic via filter on the_content -->","protected":false},"excerpt":{"rendered":"<p>Queremos compartirles esta noticia\u203cC\u00e1ritas diocesana est\u00e1 organizando un concurso para los grupos de j\u00f3venes ZC.\u00a0Los objetivos del mismo son:\u00a0alentar a los j\u00f3venes a expresar la [&hellip;]<!-- AddThis Advanced Settings generic via filter on get_the_excerpt --><!-- AddThis Share Buttons generic via filter on get_the_excerpt --><\/p>\n","protected":false},"author":2,"featured_media":16186,"comment_status":"open","ping_status":"open","sticky":false,"template":"","format":"standard","meta":{"footnotes":""},"categories":[4,1],"tags":[],"class_list":["post-16185","post","type-post","status-publish","format-standard","has-post-thumbnail","hentry","category-movimientosinstituciones","category-noticiasdiocesanas"],"_links":{"self":[{"href":"https:\/\/obispadodezaratecampana.org\/index.php?rest_route=\/wp\/v2\/posts\/16185","targetHints":{"allow":["GET"]}}],"collection":[{"href":"https:\/\/obispadodezaratecampana.org\/index.php?rest_route=\/wp\/v2\/posts"}],"about":[{"href":"https:\/\/obispadodezaratecampana.org\/index.php?rest_route=\/wp\/v2\/types\/post"}],"author":[{"embeddable":true,"href":"https:\/\/obispadodezaratecampana.org\/index.php?rest_route=\/wp\/v2\/users\/2"}],"replies":[{"embeddable":true,"href":"https:\/\/obispadodezaratecampana.org\/index.php?rest_route=%2Fwp%2Fv2%2Fcomments&post=16185"}],"version-history":[{"count":1,"href":"https:\/\/obispadodezaratecampana.org\/index.php?rest_route=\/wp\/v2\/posts\/16185\/revisions"}],"predecessor-version":[{"id":16187,"href":"https:\/\/obispadodezaratecampana.org\/index.php?rest_route=\/wp\/v2\/posts\/16185\/revisions\/16187"}],"wp:featuredmedia":[{"embeddable":true,"href":"https:\/\/obispadodezaratecampana.org\/index.php?rest_route=\/wp\/v2\/media\/16186"}],"wp:attachment":[{"href":"https:\/\/obispadodezaratecampana.org\/index.php?rest_route=%2Fwp%2Fv2%2Fmedia&parent=16185"}],"wp:term":[{"taxonomy":"category","embeddable":true,"href":"https:\/\/obispadodezaratecampana.org\/index.php?rest_route=%2Fwp%2Fv2%2Fcategories&post=16185"},{"taxonomy":"post_tag","embeddable":true,"href":"https:\/\/obispadodezaratecampana.org\/index.php?rest_route=%2Fwp%2Fv2%2Ftags&post=16185"}],"curies":[{"name":"wp","href":"https:\/\/api.w.org\/{rel}","templated":true}]}}