{"id":16173,"date":"2019-08-02T15:00:04","date_gmt":"2019-08-02T18:00:04","guid":{"rendered":"http:\/\/obispadodezaratecampana.org\/?p=16173"},"modified":"2019-08-02T15:24:59","modified_gmt":"2019-08-02T18:24:59","slug":"domingo-8-de-septiembre-50-colecta-mas-por-menos","status":"publish","type":"post","link":"https:\/\/obispadodezaratecampana.org\/?p=16173","title":{"rendered":"VIDEO Domingo 8 de septiembre: 50\u00b0 Colecta Mas por Menos"},"content":{"rendered":"<p style=\"text-align: center;\"><strong><span style=\"color: #666699;\">Domingo 8 de septiembre 2019<\/span><\/strong><\/p>\n<p style=\"text-align: center;\"><strong><span style=\"color: #666699;\">Colecta M\u00e1s por Menos <\/span><\/strong><\/p>\n<p style=\"text-align: center;\"><strong><span style=\"color: #666699;\">Video:\u00a0<a title=\"video mas por menos\" href=\"https:\/\/youtu.be\/56h3dAtsprs\" target=\"_blank\">https:\/\/youtu.be\/56h3dAtsprs<\/a><\/span><\/strong><\/p>\n<p style=\"text-align: center;\"><span style=\"color: #666699;\"><a href=\"http:\/\/colectamaspormenos.com\/\"><span style=\"color: #666699;\">http:\/\/colectamaspormenos.com\/<\/span><\/a><\/span><\/p>\n<p style=\"color: #777777; text-align: justify;\"><span style=\"color: #666699;\">Es una colecta imperada por la Conferencia Episcopal Argentina y organizada por la Comisi\u00f3n Episcopal de Ayuda a las Regiones M\u00e1s Necesitadas. Se realiza en todas las misas de los segundos domingos de septiembre de cada a\u00f1o en todo el Pa\u00eds, y muchas veces extendida en las Misas de todo el fin de semana.<\/span><\/p>\n<p style=\"color: #777777; text-align: justify;\"><span style=\"color: #666699;\">Las obras que apoya M\u00e1s por Menos ayudan a paliar las dificultades de gran parte de la poblaci\u00f3n del interior, especialmente aquella que se encuentra marginada en las zonas m\u00e1s pobres de Argentina. Por ello, M\u00e1s por Menos, es un puente de comunicaci\u00f3n entre los que m\u00e1s tienen y los que tienen poco o nada. Los obispos la definen como \u201cun espacio creado para compensar la falta de equidad social\u201d La colecta M\u00e1s por Menos es una de las de mayor envergadura dentro de la Iglesia Cat\u00f3lica Argentina.<\/span><\/p>\n<p style=\"color: #777777; text-align: justify;\"><span style=\"color: #666699;\">En la Argentina hay una profunda inequidad con muchos recursos por un lado y muchas necesidades por el otro. Esta colecta es un gesto que busca que estas dos realidades puedan encontrarse.<\/span><\/p>\n<p style=\"color: #777777; text-align: justify;\"><span style=\"color: #666699;\">M\u00e1s por Menos significa brindar auxilio para que la Iglesia pueda llegar a todos con su mensaje de vida y su amor solidario. Sin excluir a nadie, esta colecta pretende ser un instrumento m\u00e1s para fortalecer con recursos la convocatoria a todos a asumir la Buena Noticia del Evangelio en una vida pastoral y comunitaria que ayude a formar ciudadanos responsables, honestos y justos.<\/span><\/p>\n<p><span style=\"color: #666699;\"><img fetchpriority=\"high\" decoding=\"async\" class=\"alignnone size-medium wp-image-16174 aligncenter\" src=\"http:\/\/obispadodezaratecampana.org\/wp-content\/uploads\/2019\/07\/Mas-por-menos-300x259.jpg\" alt=\"Mas por menos\" width=\"300\" height=\"259\" srcset=\"https:\/\/obispadodezaratecampana.org\/wp-content\/uploads\/2019\/07\/Mas-por-menos-300x259.jpg 300w, https:\/\/obispadodezaratecampana.org\/wp-content\/uploads\/2019\/07\/Mas-por-menos.jpg 515w\" sizes=\"(max-width: 300px) 100vw, 300px\" \/><\/span><\/p>\n<!-- AddThis Advanced Settings generic via filter on the_content --><!-- AddThis Share Buttons generic via filter on the_content -->","protected":false},"excerpt":{"rendered":"<p>Domingo 8 de septiembre 2019 Colecta M\u00e1s por Menos Video:\u00a0https:\/\/youtu.be\/56h3dAtsprs http:\/\/colectamaspormenos.com\/ Es una colecta imperada por la Conferencia Episcopal Argentina y organizada por la Comisi\u00f3n [&hellip;]<!-- AddThis Advanced Settings generic via filter on get_the_excerpt --><!-- AddThis Share Buttons generic via filter on get_the_excerpt --><\/p>\n","protected":false},"author":2,"featured_media":16174,"comment_status":"open","ping_status":"open","sticky":false,"template":"","format":"standard","meta":{"footnotes":""},"categories":[4,1,8],"tags":[],"class_list":["post-16173","post","type-post","status-publish","format-standard","has-post-thumbnail","hentry","category-movimientosinstituciones","category-noticiasdiocesanas","category-videos"],"_links":{"self":[{"href":"https:\/\/obispadodezaratecampana.org\/index.php?rest_route=\/wp\/v2\/posts\/16173","targetHints":{"allow":["GET"]}}],"collection":[{"href":"https:\/\/obispadodezaratecampana.org\/index.php?rest_route=\/wp\/v2\/posts"}],"about":[{"href":"https:\/\/obispadodezaratecampana.org\/index.php?rest_route=\/wp\/v2\/types\/post"}],"author":[{"embeddable":true,"href":"https:\/\/obispadodezaratecampana.org\/index.php?rest_route=\/wp\/v2\/users\/2"}],"replies":[{"embeddable":true,"href":"https:\/\/obispadodezaratecampana.org\/index.php?rest_route=%2Fwp%2Fv2%2Fcomments&post=16173"}],"version-history":[{"count":3,"href":"https:\/\/obispadodezaratecampana.org\/index.php?rest_route=\/wp\/v2\/posts\/16173\/revisions"}],"predecessor-version":[{"id":16210,"href":"https:\/\/obispadodezaratecampana.org\/index.php?rest_route=\/wp\/v2\/posts\/16173\/revisions\/16210"}],"wp:featuredmedia":[{"embeddable":true,"href":"https:\/\/obispadodezaratecampana.org\/index.php?rest_route=\/wp\/v2\/media\/16174"}],"wp:attachment":[{"href":"https:\/\/obispadodezaratecampana.org\/index.php?rest_route=%2Fwp%2Fv2%2Fmedia&parent=16173"}],"wp:term":[{"taxonomy":"category","embeddable":true,"href":"https:\/\/obispadodezaratecampana.org\/index.php?rest_route=%2Fwp%2Fv2%2Fcategories&post=16173"},{"taxonomy":"post_tag","embeddable":true,"href":"https:\/\/obispadodezaratecampana.org\/index.php?rest_route=%2Fwp%2Fv2%2Ftags&post=16173"}],"curies":[{"name":"wp","href":"https:\/\/api.w.org\/{rel}","templated":true}]}}