{"id":16169,"date":"2019-07-22T15:41:18","date_gmt":"2019-07-22T18:41:18","guid":{"rendered":"http:\/\/obispadodezaratecampana.org\/?p=16169"},"modified":"2019-07-22T15:41:18","modified_gmt":"2019-07-22T18:41:18","slug":"queres-colaborar-con-quienes-mas-lo-necesitan","status":"publish","type":"post","link":"https:\/\/obispadodezaratecampana.org\/?p=16169","title":{"rendered":"\u00bfQuer\u00e9s colaborar con quienes mas lo necesitan?"},"content":{"rendered":"<p style=\"text-align: justify;\"><strong><span style=\"color: #003300;\">\u00bfQuer\u00e9s colaborar con necesidades de nuestra di\u00f3cesis?<\/span><\/strong><\/p>\n<p style=\"text-align: justify;\"><strong><span style=\"color: #003300;\">No te pod\u00e9s perder este Retiro Solidario!!!<\/span><\/strong><\/p>\n<p style=\"text-align: justify;\"><span style=\"color: rgb(0, 51, 0);\">Jueves 15 de Agosto \u2013 20:15 hs iniciamos el Rosario<\/span><br style=\"color: #ffffff;\" \/><span style=\"color: rgb(0, 51, 0);\">Costo $1.200 por persona (incluye cena)<\/span><\/p>\n<p style=\"text-align: justify;\"><span style=\"color: rgb(0, 51, 0);\">La Herencia \u2013 Sarav\u00ed 1867, km 47 Ramal Pilar<\/span><br style=\"color: #ffffff;\" \/><span style=\"color: rgb(0, 51, 0);\">Consultas: Agustina Ricci \u2013 011-6588-1733<\/span><\/p>\n<p style=\"text-align: justify;\"><span style=\"color: #003300;\">Mir\u00e1 en youtube el video con info sobre este encuentro:\u00a0<\/span><br style=\"color: #1c1e21;\" \/><span style=\"color: #003300;\"><em><a style=\"color: #385898;\" href=\"https:\/\/youtu.be\/7uVqlkbCKCE?fbclid=IwAR3K6oH2WCrXsz5uZ7x0_Ow6LnVi5DD4-Av9Rp8RxCeIR394z_uqs7CHzeA\" target=\"_blank\" rel=\"noopener nofollow\" data-ft=\"{&quot;tn&quot;:&quot;-U&quot;}\" data-lynx-mode=\"async\" data-lynx-uri=\"https:\/\/l.facebook.com\/l.php?u=https%3A%2F%2Fyoutu.be%2F7uVqlkbCKCE%3Ffbclid%3DIwAR3K6oH2WCrXsz5uZ7x0_Ow6LnVi5DD4-Av9Rp8RxCeIR394z_uqs7CHzeA&amp;h=AT3VsLn5fjLlxrY7TVTxfOmsVnjqeWCcMQOv8M7fVvVtyOfsmPi-rPMRfKwKc80-LQceaGGYZLTlAy4Ci1bj_XevB8m5GSO8kpJ_QLtO3V-iQjwKD--GjFay8K2xPemth3yJVTTBEuiAGH1W_LeY4GK9lc9XceeR-iP3sSnj8FK1ajwQqaaZWHDqvtrsvKCZg8-eI2c2MJ7vhb3VJVZSvp6koR7zI4phpPrIM9drc3eTaGJcgjJwlWjyE1Km_j4EFjt9KN7LkST0DAhLCVrobwHa4yXxKdKKYVXwT5GWvY-JX01SAKEMEVhaF-o2cwtP_bstGICkcXRb7TsRR7efUy93cGrqJDCofZ3WCy6vOA9oOjNg9PqRMg5ZbGuyByypJWWbyAZ5n6D-ba16ehD9UN6aIhCi-Bbm1Cz9XT8FVshcsQuTdb4Y6BJZQQuBXF1Nv03W2hElRfKqw5-eE8eYlR3fC31N2ijJ60xSiYMA2MZ3EsnRJqBEKzycwABKTUAN4vUV-QDkCE3WTXiq1Emr_xHQKcofdnq55dVovOWnfjpZjJCYKDtSiqwmn4LAJsbj4AVTH_n4NKa2GA1K6kJ-EKPZLGuQeIA8zhv66EmvkRdh5D5keUsmFWaODcsm34dwzNAazKI\"><span style=\"color: #003300;\">https:\/\/youtu.be\/7uVqlkbCKCE<\/span><\/a><\/em><\/span><\/p>\n<p style=\"text-align: justify;\"><span style=\"color: rgb(0, 51, 0);\">Enlace para la inscripci\u00f3n:<\/span><\/p>\n<p style=\"text-align: justify;\"><em><span style=\"color: #003300;\"><a style=\"color: #ffffff;\" href=\"https:\/\/docs.google.com\/forms\/d\/e\/1FAIpQLScFENtj02gl8b_mFrNNl8d7-VPPa9UqoH_2to7M6zBx_6Q_VA\/viewform?fbclid=IwAR1QN0Y2NpxgmI8FjTZytx_78LWOGMXuFMMC9WtZ-tUxe3_OssRZ1L1whlw\" target=\"_blank\" rel=\"nofollow noopener\" data-lynx-mode=\"hover\"><span style=\"color: #003300;\">https:\/\/docs.google.com\/forms\/d\/e\/1FAIpQLScFENtj02gl8b_mFrNNl8d7-VPPa9UqoH_2to7M6zBx_6Q_VA\/viewform?fbclid=IwAR1QN0Y2NpxgmI8FjTZytx_78LWOGMXuFMMC9WtZ-tUxe3_OssRZ1L1whlw<\/span><\/a><\/span><\/em><\/p>\n<p><img fetchpriority=\"high\" decoding=\"async\" class=\"size-medium wp-image-16171 aligncenter\" src=\"http:\/\/obispadodezaratecampana.org\/wp-content\/uploads\/2019\/07\/67063960_470465140442418_1535278283778686976_n2-191x300.jpg\" alt=\"67063960_470465140442418_1535278283778686976_n\" width=\"191\" height=\"300\" srcset=\"https:\/\/obispadodezaratecampana.org\/wp-content\/uploads\/2019\/07\/67063960_470465140442418_1535278283778686976_n2-191x300.jpg 191w, https:\/\/obispadodezaratecampana.org\/wp-content\/uploads\/2019\/07\/67063960_470465140442418_1535278283778686976_n2.jpg 596w\" sizes=\"(max-width: 191px) 100vw, 191px\" \/><\/p>\n<!-- AddThis Advanced Settings generic via filter on the_content --><!-- AddThis Share Buttons generic via filter on the_content -->","protected":false},"excerpt":{"rendered":"<p>\u00bfQuer\u00e9s colaborar con necesidades de nuestra di\u00f3cesis? No te pod\u00e9s perder este Retiro Solidario!!! Jueves 15 de Agosto \u2013 20:15 hs iniciamos el RosarioCosto $1.200 [&hellip;]<!-- AddThis Advanced Settings generic via filter on get_the_excerpt --><!-- AddThis Share Buttons generic via filter on get_the_excerpt --><\/p>\n","protected":false},"author":2,"featured_media":16170,"comment_status":"open","ping_status":"open","sticky":false,"template":"","format":"standard","meta":{"footnotes":""},"categories":[5,1],"tags":[],"class_list":["post-16169","post","type-post","status-publish","format-standard","has-post-thumbnail","hentry","category-generales","category-noticiasdiocesanas"],"_links":{"self":[{"href":"https:\/\/obispadodezaratecampana.org\/index.php?rest_route=\/wp\/v2\/posts\/16169","targetHints":{"allow":["GET"]}}],"collection":[{"href":"https:\/\/obispadodezaratecampana.org\/index.php?rest_route=\/wp\/v2\/posts"}],"about":[{"href":"https:\/\/obispadodezaratecampana.org\/index.php?rest_route=\/wp\/v2\/types\/post"}],"author":[{"embeddable":true,"href":"https:\/\/obispadodezaratecampana.org\/index.php?rest_route=\/wp\/v2\/users\/2"}],"replies":[{"embeddable":true,"href":"https:\/\/obispadodezaratecampana.org\/index.php?rest_route=%2Fwp%2Fv2%2Fcomments&post=16169"}],"version-history":[{"count":1,"href":"https:\/\/obispadodezaratecampana.org\/index.php?rest_route=\/wp\/v2\/posts\/16169\/revisions"}],"predecessor-version":[{"id":16172,"href":"https:\/\/obispadodezaratecampana.org\/index.php?rest_route=\/wp\/v2\/posts\/16169\/revisions\/16172"}],"wp:featuredmedia":[{"embeddable":true,"href":"https:\/\/obispadodezaratecampana.org\/index.php?rest_route=\/wp\/v2\/media\/16170"}],"wp:attachment":[{"href":"https:\/\/obispadodezaratecampana.org\/index.php?rest_route=%2Fwp%2Fv2%2Fmedia&parent=16169"}],"wp:term":[{"taxonomy":"category","embeddable":true,"href":"https:\/\/obispadodezaratecampana.org\/index.php?rest_route=%2Fwp%2Fv2%2Fcategories&post=16169"},{"taxonomy":"post_tag","embeddable":true,"href":"https:\/\/obispadodezaratecampana.org\/index.php?rest_route=%2Fwp%2Fv2%2Ftags&post=16169"}],"curies":[{"name":"wp","href":"https:\/\/api.w.org\/{rel}","templated":true}]}}