{"id":16146,"date":"2019-07-20T13:55:30","date_gmt":"2019-07-20T16:55:30","guid":{"rendered":"http:\/\/obispadodezaratecampana.org\/?p=16146"},"modified":"2019-07-20T14:37:51","modified_gmt":"2019-07-20T17:37:51","slug":"invitacion-retiro-anual-para-voluntarios-de-caritas","status":"publish","type":"post","link":"https:\/\/obispadodezaratecampana.org\/?p=16146","title":{"rendered":"Invitaci\u00f3n: Retiro anual para voluntarios de C\u00e1ritas"},"content":{"rendered":"<p style=\"text-align: center;\"><a href=\"http:\/\/obispadodezaratecampana.org\/wp-content\/uploads\/2019\/07\/66066795_874149046254635_4673197324564955136_n.jpg\"><img fetchpriority=\"high\" decoding=\"async\" class=\"alignnone size-medium wp-image-16147\" src=\"http:\/\/obispadodezaratecampana.org\/wp-content\/uploads\/2019\/07\/66066795_874149046254635_4673197324564955136_n-300x176.jpg\" alt=\"66066795_874149046254635_4673197324564955136_n\" width=\"300\" height=\"176\" srcset=\"https:\/\/obispadodezaratecampana.org\/wp-content\/uploads\/2019\/07\/66066795_874149046254635_4673197324564955136_n-300x176.jpg 300w, https:\/\/obispadodezaratecampana.org\/wp-content\/uploads\/2019\/07\/66066795_874149046254635_4673197324564955136_n.jpg 760w\" sizes=\"(max-width: 300px) 100vw, 300px\" \/><\/a><\/p>\n<h3 style=\"text-align: center;\"><span style=\"color: #333399;\">&#8220;C\u00e1ritas te invita a nuestro Retiro Anual &#8220;<\/span><\/h3>\n<h4 style=\"text-align: justify;\"><span style=\"color: #333399;\">El mismo tendr\u00e1 como fin el recuperar la esperanza, dar espiritualidad a los voluntarios y formarnos que es muy indispensable para volcarlo en la tarea que realizamos diariamente. Acompa\u00f1ados por la frase &#8220;Por una caridad , alegre, transformadora y misionera &#8220;, junto a la pr\u00e9dica del Padre Gabriel Michelli , transitaremos con la fuerza del Esp\u00edritu este nuevo retiro. <\/span><br \/>\n<span style=\"color: #333399;\">Fecha: Viernes 26\/7 18 hs al Domingo 28\/7 14 hs <\/span><br \/>\n<span style=\"color: #333399;\">Lugar: Villa Maristas Pilar <\/span><br \/>\n<span style=\"color: #333399;\">Inscripci\u00f3n previa y arancel consultar con animadora de tu decanato <\/span><br \/>\n<span style=\"color: #333399;\">Servicios : alojamiento , desayunos, almuerzos ,meriendas y cenas<\/span><br \/>\n<span style=\"color: #333399;\">Traer biblia y rosario <\/span><br \/>\n<span style=\"color: #333399;\">El retiro es abierto para todas las pastorales y laicos , invita en tu comunidad para que se sume.<\/span><br \/>\n<span style=\"color: #333399;\">Cualquier consulta hacelo con tu C\u00e1ritas parroquial!!! Te esperamos!!<\/span><\/h4>\n<h5 style=\"text-align: justify;\"><span style=\"color: #333399;\">Enlace para inscripci\u00f3n:\u00a0<\/span><\/h5>\n<h5 style=\"text-align: justify;\"><span style=\"color: #333399;\"><a href=\"https:\/\/docs.google.com\/forms\/d\/e\/1FAIpQLSfrayPH_hdOntjGMM5Srf5K1DOdj0eXKpBxkdWRfdEYUivHwg\/viewform?fbclid=IwAR3_xdLEotFmmwjk10y0r0dW5sAjwkPeNDbzpszy5RzHUhkujusS3qitXN0\"><span style=\"color: #333399;\">https:\/\/docs.google.com\/forms\/d\/e\/1FAIpQLSfrayPH_hdOntjGMM5Srf5K1DOdj0eXKpBxkdWRfdEYUivHwg\/viewform?fbclid=IwAR3_xdLEotFmmwjk10y0r0dW5sAjwkPeNDbzpszy5RzHUhkujusS3qitXN0<\/span><\/a><\/span><\/h5>\n<!-- AddThis Advanced Settings generic via filter on the_content --><!-- AddThis Share Buttons generic via filter on the_content -->","protected":false},"excerpt":{"rendered":"<p>&#8220;C\u00e1ritas te invita a nuestro Retiro Anual &#8220; El mismo tendr\u00e1 como fin el recuperar la esperanza, dar espiritualidad a los voluntarios y formarnos que [&hellip;]<!-- AddThis Advanced Settings generic via filter on get_the_excerpt --><!-- AddThis Share Buttons generic via filter on get_the_excerpt --><\/p>\n","protected":false},"author":2,"featured_media":16147,"comment_status":"open","ping_status":"open","sticky":false,"template":"","format":"standard","meta":{"footnotes":""},"categories":[4,1],"tags":[],"class_list":["post-16146","post","type-post","status-publish","format-standard","has-post-thumbnail","hentry","category-movimientosinstituciones","category-noticiasdiocesanas"],"_links":{"self":[{"href":"https:\/\/obispadodezaratecampana.org\/index.php?rest_route=\/wp\/v2\/posts\/16146","targetHints":{"allow":["GET"]}}],"collection":[{"href":"https:\/\/obispadodezaratecampana.org\/index.php?rest_route=\/wp\/v2\/posts"}],"about":[{"href":"https:\/\/obispadodezaratecampana.org\/index.php?rest_route=\/wp\/v2\/types\/post"}],"author":[{"embeddable":true,"href":"https:\/\/obispadodezaratecampana.org\/index.php?rest_route=\/wp\/v2\/users\/2"}],"replies":[{"embeddable":true,"href":"https:\/\/obispadodezaratecampana.org\/index.php?rest_route=%2Fwp%2Fv2%2Fcomments&post=16146"}],"version-history":[{"count":3,"href":"https:\/\/obispadodezaratecampana.org\/index.php?rest_route=\/wp\/v2\/posts\/16146\/revisions"}],"predecessor-version":[{"id":16156,"href":"https:\/\/obispadodezaratecampana.org\/index.php?rest_route=\/wp\/v2\/posts\/16146\/revisions\/16156"}],"wp:featuredmedia":[{"embeddable":true,"href":"https:\/\/obispadodezaratecampana.org\/index.php?rest_route=\/wp\/v2\/media\/16147"}],"wp:attachment":[{"href":"https:\/\/obispadodezaratecampana.org\/index.php?rest_route=%2Fwp%2Fv2%2Fmedia&parent=16146"}],"wp:term":[{"taxonomy":"category","embeddable":true,"href":"https:\/\/obispadodezaratecampana.org\/index.php?rest_route=%2Fwp%2Fv2%2Fcategories&post=16146"},{"taxonomy":"post_tag","embeddable":true,"href":"https:\/\/obispadodezaratecampana.org\/index.php?rest_route=%2Fwp%2Fv2%2Ftags&post=16146"}],"curies":[{"name":"wp","href":"https:\/\/api.w.org\/{rel}","templated":true}]}}