{"id":16040,"date":"2019-05-29T13:28:40","date_gmt":"2019-05-29T16:28:40","guid":{"rendered":"http:\/\/obispadodezaratecampana.org\/?p=16040"},"modified":"2019-05-29T13:28:40","modified_gmt":"2019-05-29T16:28:40","slug":"40-anos-movimiento-de-partida-diocesis-de-zarate-campana","status":"publish","type":"post","link":"https:\/\/obispadodezaratecampana.org\/?p=16040","title":{"rendered":"40 a\u00f1os Movimiento de Partida &#8211; Di\u00f3cesis de Z\u00e1rate &#8211; Campana"},"content":{"rendered":"<p style=\"text-align: center;\"><strong><span style=\"color: #003366;\">\u26ea PARTIDA CUMPLE 40 A\u00d1OS \u2764<\/span><\/strong><\/p>\n<p style=\"text-align: justify;\"><span style=\"color: rgb(0, 51, 102);\">Vos formaste y formas parte de \u00e9sta locura  Por eso te queremos invitar a que festejes los 40 a\u00f1os de Partida en nuestra di\u00f3cesis e invites a todoooos lo que quieras\u203c<\/span><br \/>\n<span style=\"color: rgb(0, 51, 102);\">Es *A B I E R T O* as\u00ed que invita familia, amigos, vecinos, a cualquiera que tenga ganas de pasarla bien, comer mucho y conocer el Movimiento!<\/span><\/p>\n<p style=\"text-align: justify;\"><span style=\"color: rgb(0, 51, 102);\">\u274c_IMPORTANTE_\u274c<\/span><br \/>\n<span style=\"color: rgb(0, 51, 102);\">La entrada es por lista! <\/span><br \/>\n<span style=\"color: rgb(0, 51, 102);\">Tendr\u00e1 un costo de \u27a1 $300<\/span><br \/>\n<span style=\"color: rgb(0, 51, 102);\">\u2714 Qu\u00e9 incluye? Pizza libre , bebida y mesa dulce  <\/span><br \/>\n<span style=\"color: rgb(0, 51, 102);\">\u26a0 Hay tiempo de anotarse hasta el 28\/05!!!!!!<\/span><\/p>\n<p style=\"text-align: justify;\"><span style=\"color: rgb(0, 51, 102);\">Acordate:<\/span><br \/>\n<span style=\"color: rgb(0, 51, 102);\"> D\u00eda: S\u00e1bado 1 de Junio<\/span><br \/>\n<span style=\"color: rgb(0, 51, 102);\">\u23f0 Horario: <\/span><br \/>\n<strong><span style=\"color: #003366;\">\u26ea 19:00hs Misa en acci\u00f3n de gracias.<\/span><\/strong><br \/>\n<span style=\"color: rgb(0, 51, 102);\"> 20:00hs Evento en sal\u00f3n parroquial.<\/span><br \/>\n<span style=\"color: rgb(0, 51, 102);\">Lugar: Parroquia Natividad del Se\u00f1or (Av. Tapia de Cruz 524 &#8211; Escobar)<\/span><br \/>\n<span style=\"color: rgb(0, 51, 102);\">*T E E S P E R A M O S*\u2665\u2728<\/span><\/p>\n<p style=\"text-align: center;\"><img fetchpriority=\"high\" decoding=\"async\" class=\"alignnone size-medium wp-image-16043\" src=\"http:\/\/obispadodezaratecampana.org\/wp-content\/uploads\/2019\/05\/60644374_2341048102779934_7387898250872750080_n-214x300.jpg\" alt=\"60644374_2341048102779934_7387898250872750080_n\" width=\"214\" height=\"300\" srcset=\"https:\/\/obispadodezaratecampana.org\/wp-content\/uploads\/2019\/05\/60644374_2341048102779934_7387898250872750080_n-214x300.jpg 214w, https:\/\/obispadodezaratecampana.org\/wp-content\/uploads\/2019\/05\/60644374_2341048102779934_7387898250872750080_n.jpg 480w\" sizes=\"(max-width: 214px) 100vw, 214px\" \/><\/p>\n<!-- AddThis Advanced Settings generic via filter on the_content --><!-- AddThis Share Buttons generic via filter on the_content -->","protected":false},"excerpt":{"rendered":"<p>\u26ea PARTIDA CUMPLE 40 A\u00d1OS \u2764 Vos formaste y formas parte de \u00e9sta locura Por eso te queremos invitar a que festejes los 40 a\u00f1os [&hellip;]<!-- AddThis Advanced Settings generic via filter on get_the_excerpt --><!-- AddThis Share Buttons generic via filter on get_the_excerpt --><\/p>\n","protected":false},"author":2,"featured_media":16043,"comment_status":"open","ping_status":"open","sticky":false,"template":"","format":"standard","meta":{"footnotes":""},"categories":[4,1],"tags":[],"class_list":["post-16040","post","type-post","status-publish","format-standard","has-post-thumbnail","hentry","category-movimientosinstituciones","category-noticiasdiocesanas"],"_links":{"self":[{"href":"https:\/\/obispadodezaratecampana.org\/index.php?rest_route=\/wp\/v2\/posts\/16040","targetHints":{"allow":["GET"]}}],"collection":[{"href":"https:\/\/obispadodezaratecampana.org\/index.php?rest_route=\/wp\/v2\/posts"}],"about":[{"href":"https:\/\/obispadodezaratecampana.org\/index.php?rest_route=\/wp\/v2\/types\/post"}],"author":[{"embeddable":true,"href":"https:\/\/obispadodezaratecampana.org\/index.php?rest_route=\/wp\/v2\/users\/2"}],"replies":[{"embeddable":true,"href":"https:\/\/obispadodezaratecampana.org\/index.php?rest_route=%2Fwp%2Fv2%2Fcomments&post=16040"}],"version-history":[{"count":1,"href":"https:\/\/obispadodezaratecampana.org\/index.php?rest_route=\/wp\/v2\/posts\/16040\/revisions"}],"predecessor-version":[{"id":16044,"href":"https:\/\/obispadodezaratecampana.org\/index.php?rest_route=\/wp\/v2\/posts\/16040\/revisions\/16044"}],"wp:featuredmedia":[{"embeddable":true,"href":"https:\/\/obispadodezaratecampana.org\/index.php?rest_route=\/wp\/v2\/media\/16043"}],"wp:attachment":[{"href":"https:\/\/obispadodezaratecampana.org\/index.php?rest_route=%2Fwp%2Fv2%2Fmedia&parent=16040"}],"wp:term":[{"taxonomy":"category","embeddable":true,"href":"https:\/\/obispadodezaratecampana.org\/index.php?rest_route=%2Fwp%2Fv2%2Fcategories&post=16040"},{"taxonomy":"post_tag","embeddable":true,"href":"https:\/\/obispadodezaratecampana.org\/index.php?rest_route=%2Fwp%2Fv2%2Ftags&post=16040"}],"curies":[{"name":"wp","href":"https:\/\/api.w.org\/{rel}","templated":true}]}}