{"id":16035,"date":"2019-05-25T11:08:06","date_gmt":"2019-05-25T14:08:06","guid":{"rendered":"http:\/\/obispadodezaratecampana.org\/?p=16035"},"modified":"2019-05-25T11:08:06","modified_gmt":"2019-05-25T14:08:06","slug":"presenta-con-tus-amigos-tu-proyecto-tenes-tiempo-hasta-el-31-de-julio","status":"publish","type":"post","link":"https:\/\/obispadodezaratecampana.org\/?p=16035","title":{"rendered":"\u00a1\u00a1Present\u00e1 con tus amigos tu proyecto!! tenes tiempo hasta el 31 de julio"},"content":{"rendered":"<h4 style=\"text-align: justify;\"><span style=\"color: #008080;\">Caritas Diocesana invita al concurso de Proyectos 2019 , est\u00e1 destinado a distinto grupos parroquiales de j\u00f3venes que deben unirse a sus respectivas Caritas para planear el mismo y as\u00ed lograr un proyecto para j\u00f3venes seg\u00fan las necesidades parroquiales ,el proyecto ganador tendr\u00e1 un premio de hasta 30.000 pesos , tenes hasta el 31 de Julio para m\u00e1s informaci\u00f3n caritasjovenzc@gmail.com<\/span><\/h4>\n<p style=\"text-align: center;\"><img fetchpriority=\"high\" decoding=\"async\" class=\"alignnone size-medium wp-image-16036\" src=\"http:\/\/obispadodezaratecampana.org\/wp-content\/uploads\/2019\/05\/60803775_843909899278550_6240757798016122880_o-300x300.jpg\" alt=\"60803775_843909899278550_6240757798016122880_o\" width=\"300\" height=\"300\" srcset=\"https:\/\/obispadodezaratecampana.org\/wp-content\/uploads\/2019\/05\/60803775_843909899278550_6240757798016122880_o-300x300.jpg 300w, https:\/\/obispadodezaratecampana.org\/wp-content\/uploads\/2019\/05\/60803775_843909899278550_6240757798016122880_o-150x150.jpg 150w, https:\/\/obispadodezaratecampana.org\/wp-content\/uploads\/2019\/05\/60803775_843909899278550_6240757798016122880_o-1024x1024.jpg 1024w, https:\/\/obispadodezaratecampana.org\/wp-content\/uploads\/2019\/05\/60803775_843909899278550_6240757798016122880_o.jpg 1280w\" sizes=\"(max-width: 300px) 100vw, 300px\" \/><\/p>\n<!-- AddThis Advanced Settings generic via filter on the_content --><!-- AddThis Share Buttons generic via filter on the_content -->","protected":false},"excerpt":{"rendered":"<p>Caritas Diocesana invita al concurso de Proyectos 2019 , est\u00e1 destinado a distinto grupos parroquiales de j\u00f3venes que deben unirse a sus respectivas Caritas para [&hellip;]<!-- AddThis Advanced Settings generic via filter on get_the_excerpt --><!-- AddThis Share Buttons generic via filter on get_the_excerpt --><\/p>\n","protected":false},"author":2,"featured_media":16036,"comment_status":"open","ping_status":"open","sticky":false,"template":"","format":"standard","meta":{"footnotes":""},"categories":[4,1],"tags":[],"class_list":["post-16035","post","type-post","status-publish","format-standard","has-post-thumbnail","hentry","category-movimientosinstituciones","category-noticiasdiocesanas"],"_links":{"self":[{"href":"https:\/\/obispadodezaratecampana.org\/index.php?rest_route=\/wp\/v2\/posts\/16035","targetHints":{"allow":["GET"]}}],"collection":[{"href":"https:\/\/obispadodezaratecampana.org\/index.php?rest_route=\/wp\/v2\/posts"}],"about":[{"href":"https:\/\/obispadodezaratecampana.org\/index.php?rest_route=\/wp\/v2\/types\/post"}],"author":[{"embeddable":true,"href":"https:\/\/obispadodezaratecampana.org\/index.php?rest_route=\/wp\/v2\/users\/2"}],"replies":[{"embeddable":true,"href":"https:\/\/obispadodezaratecampana.org\/index.php?rest_route=%2Fwp%2Fv2%2Fcomments&post=16035"}],"version-history":[{"count":1,"href":"https:\/\/obispadodezaratecampana.org\/index.php?rest_route=\/wp\/v2\/posts\/16035\/revisions"}],"predecessor-version":[{"id":16038,"href":"https:\/\/obispadodezaratecampana.org\/index.php?rest_route=\/wp\/v2\/posts\/16035\/revisions\/16038"}],"wp:featuredmedia":[{"embeddable":true,"href":"https:\/\/obispadodezaratecampana.org\/index.php?rest_route=\/wp\/v2\/media\/16036"}],"wp:attachment":[{"href":"https:\/\/obispadodezaratecampana.org\/index.php?rest_route=%2Fwp%2Fv2%2Fmedia&parent=16035"}],"wp:term":[{"taxonomy":"category","embeddable":true,"href":"https:\/\/obispadodezaratecampana.org\/index.php?rest_route=%2Fwp%2Fv2%2Fcategories&post=16035"},{"taxonomy":"post_tag","embeddable":true,"href":"https:\/\/obispadodezaratecampana.org\/index.php?rest_route=%2Fwp%2Fv2%2Ftags&post=16035"}],"curies":[{"name":"wp","href":"https:\/\/api.w.org\/{rel}","templated":true}]}}