{"id":16028,"date":"2019-05-23T14:25:26","date_gmt":"2019-05-23T17:25:26","guid":{"rendered":"http:\/\/obispadodezaratecampana.org\/?p=16028"},"modified":"2019-05-23T14:25:26","modified_gmt":"2019-05-23T17:25:26","slug":"oramos-pidiendo-por-la-salud-del-senor-nuncio-apostolico","status":"publish","type":"post","link":"https:\/\/obispadodezaratecampana.org\/?p=16028","title":{"rendered":"Oramos pidiendo por la salud del se\u00f1or Nuncio Apost\u00f3lico"},"content":{"rendered":"<p><span style=\"color: #000080;\"><a href=\"http:\/\/obispadodezaratecampana.org\/wp-content\/uploads\/2019\/05\/60767704_2324656784283244_2224679925594456064_n.jpg\"><span style=\"color: #000080;\"><img fetchpriority=\"high\" decoding=\"async\" class=\"alignnone size-medium wp-image-16029 aligncenter\" src=\"http:\/\/obispadodezaratecampana.org\/wp-content\/uploads\/2019\/05\/60767704_2324656784283244_2224679925594456064_n-226x300.jpg\" alt=\"60767704_2324656784283244_2224679925594456064_n\" width=\"226\" height=\"300\" srcset=\"https:\/\/obispadodezaratecampana.org\/wp-content\/uploads\/2019\/05\/60767704_2324656784283244_2224679925594456064_n-226x300.jpg 226w, https:\/\/obispadodezaratecampana.org\/wp-content\/uploads\/2019\/05\/60767704_2324656784283244_2224679925594456064_n.jpg 245w\" sizes=\"(max-width: 226px) 100vw, 226px\" \/><\/span><\/a><\/span><\/p>\n<p style=\"text-align: justify;\">\n<p style=\"text-align: justify;\"><span style=\"color: #000080;\">#Carta enviada por la Secretaria General de la Conferencia Episcopal a las Di\u00f3cesis de la Argentina en comuni\u00f3n por la salud del Se\u00f1or Nuncio Apost\u00f3lico.<\/span><br \/>\n<span style=\"color: #000080;\">___<\/span><\/p>\n<p style=\"text-align: justify;\"><span style=\"color: #000080;\">Buenos Aires, 21 de mayo de 2019<\/span><\/p>\n<p style=\"text-align: justify;\"><span style=\"color: #000080;\">Querido Hermano:<\/span><\/p>\n<p style=\"text-align: justify;\"><span style=\"color: #000080;\">Te escribo para comunicarte que desde la Comisi\u00f3n Ejecutiva solicitamos a los Obispos que se organice en nuestras Di\u00f3cesis una cadena ininterrumpida de oraci\u00f3n pidiendo por la salud del se\u00f1or Nuncio Apost\u00f3lico, Mons. Le\u00f3n Kalenga Badikebele, quien se encuentra internado en Roma.<\/span><\/p>\n<p style=\"text-align: justify;\"><span style=\"color: #000080;\">Al encomendarlo especialmente al Se\u00f1or y a la Virgen toda la Iglesia en Argentina expresa tambi\u00e9n la cercan\u00eda y cari\u00f1o con que lo acompa\u00f1a en este momento cr\u00edtico de su salud.<\/span><\/p>\n<p style=\"text-align: justify;\"><span style=\"color: #000080;\">Como es habitual al frente de la Nunciatura se encuentra el Encargado de Negocios a.i, Mons. Aliaksandr Rahinia, recientemente llegado al pa\u00eds.<\/span><\/p>\n<p style=\"text-align: justify;\"><span style=\"color: #000080;\">Te abrazo fraternalmente en Cristo y Mar\u00eda Sant\u00edsima.<\/span><\/p>\n<p style=\"text-align: justify;\"><span style=\"color: #000080;\">+ Mons. Carlos H. Malfa<\/span><br \/>\n<span style=\"color: #000080;\">Obispo de Chascom\u00fas<\/span><br \/>\n<span style=\"color: #000080;\">Secretario General de la Conferencia Episcopal Argentina<\/span><br \/>\n<span style=\"color: #000080;\">____________________________<\/span><\/p>\n<p style=\"text-align: justify;\"><span style=\"color: #000080;\">Se\u00f1ores Cardenales,<\/span><br \/>\n<span style=\"color: #000080;\">Arzobispos y Obispos<\/span><\/p>\n<p style=\"text-align: justify;\">\n<p style=\"text-align: center;\"><span style=\"color: #000080;\"><a href=\"http:\/\/obispadodezaratecampana.org\/wp-content\/uploads\/2019\/05\/60880106_2324655450950044_2416601496993923072_n.jpg\"><span style=\"color: #000080;\"><img decoding=\"async\" class=\"alignnone size-medium wp-image-16031\" src=\"http:\/\/obispadodezaratecampana.org\/wp-content\/uploads\/2019\/05\/60880106_2324655450950044_2416601496993923072_n-198x300.jpg\" alt=\"60880106_2324655450950044_2416601496993923072_n\" width=\"198\" height=\"300\" srcset=\"https:\/\/obispadodezaratecampana.org\/wp-content\/uploads\/2019\/05\/60880106_2324655450950044_2416601496993923072_n-198x300.jpg 198w, https:\/\/obispadodezaratecampana.org\/wp-content\/uploads\/2019\/05\/60880106_2324655450950044_2416601496993923072_n.jpg 595w\" sizes=\"(max-width: 198px) 100vw, 198px\" \/><\/span><\/a><\/span><\/p>\n<p style=\"text-align: justify;\">\n<!-- AddThis Advanced Settings generic via filter on the_content --><!-- AddThis Share Buttons generic via filter on the_content -->","protected":false},"excerpt":{"rendered":"<p>#Carta enviada por la Secretaria General de la Conferencia Episcopal a las Di\u00f3cesis de la Argentina en comuni\u00f3n por la salud del Se\u00f1or Nuncio Apost\u00f3lico. [&hellip;]<!-- AddThis Advanced Settings generic via filter on get_the_excerpt --><!-- AddThis Share Buttons generic via filter on get_the_excerpt --><\/p>\n","protected":false},"author":2,"featured_media":16029,"comment_status":"open","ping_status":"open","sticky":false,"template":"","format":"standard","meta":{"footnotes":""},"categories":[5,1],"tags":[],"class_list":["post-16028","post","type-post","status-publish","format-standard","has-post-thumbnail","hentry","category-generales","category-noticiasdiocesanas"],"_links":{"self":[{"href":"https:\/\/obispadodezaratecampana.org\/index.php?rest_route=\/wp\/v2\/posts\/16028","targetHints":{"allow":["GET"]}}],"collection":[{"href":"https:\/\/obispadodezaratecampana.org\/index.php?rest_route=\/wp\/v2\/posts"}],"about":[{"href":"https:\/\/obispadodezaratecampana.org\/index.php?rest_route=\/wp\/v2\/types\/post"}],"author":[{"embeddable":true,"href":"https:\/\/obispadodezaratecampana.org\/index.php?rest_route=\/wp\/v2\/users\/2"}],"replies":[{"embeddable":true,"href":"https:\/\/obispadodezaratecampana.org\/index.php?rest_route=%2Fwp%2Fv2%2Fcomments&post=16028"}],"version-history":[{"count":1,"href":"https:\/\/obispadodezaratecampana.org\/index.php?rest_route=\/wp\/v2\/posts\/16028\/revisions"}],"predecessor-version":[{"id":16032,"href":"https:\/\/obispadodezaratecampana.org\/index.php?rest_route=\/wp\/v2\/posts\/16028\/revisions\/16032"}],"wp:featuredmedia":[{"embeddable":true,"href":"https:\/\/obispadodezaratecampana.org\/index.php?rest_route=\/wp\/v2\/media\/16029"}],"wp:attachment":[{"href":"https:\/\/obispadodezaratecampana.org\/index.php?rest_route=%2Fwp%2Fv2%2Fmedia&parent=16028"}],"wp:term":[{"taxonomy":"category","embeddable":true,"href":"https:\/\/obispadodezaratecampana.org\/index.php?rest_route=%2Fwp%2Fv2%2Fcategories&post=16028"},{"taxonomy":"post_tag","embeddable":true,"href":"https:\/\/obispadodezaratecampana.org\/index.php?rest_route=%2Fwp%2Fv2%2Ftags&post=16028"}],"curies":[{"name":"wp","href":"https:\/\/api.w.org\/{rel}","templated":true}]}}