{"id":16024,"date":"2019-05-23T14:13:14","date_gmt":"2019-05-23T17:13:14","guid":{"rendered":"http:\/\/obispadodezaratecampana.org\/?p=16024"},"modified":"2019-05-25T10:58:27","modified_gmt":"2019-05-25T13:58:27","slug":"podes-ser-parte-de-la-colecta-anual-de-caritas-8-y-9-de-junio","status":"publish","type":"post","link":"https:\/\/obispadodezaratecampana.org\/?p=16024","title":{"rendered":"Pod\u00e9s ser parte de la Colecta Anual de Caritas 8 y 9 de junio"},"content":{"rendered":"<p style=\"text-align: justify;\"><span style=\"color: #000080;\">Convocamos a voluntarios para la Colecta Anual de C\u00e1ritas 2019: una invitaci\u00f3n para ser parte de la <strong>Colecta los d\u00edas S\u00c1BADO 8 y DOMINGO 9 de junio 2019.<\/strong><\/span><\/p>\n<p style=\"text-align: justify;\"><em><span style=\"color: #000080;\">Comunicate con nuestros animadores diocesanos de acuerdo al partido donde vivas:<\/span><\/em><\/p>\n<p style=\"text-align: justify;\"><span style=\"color: #000080;\">Baradero, Capilla del Se\u00f1or, San Antonio de Areco <strong>Rozana 03329 15 603494<\/strong><\/span><\/p>\n<p style=\"text-align: justify;\"><span style=\"color: #000080;\">Campana <strong>Cecilia 03489 15 574502 Cintia 03489 15 540896<\/strong><\/span><\/p>\n<p style=\"text-align: justify;\"><span style=\"color: #000080;\">Escobar <strong>Mart\u00edn 0348 15 4438135<\/strong><\/span><\/p>\n<p style=\"text-align: justify;\"><span style=\"color: #000080;\">Pilar <strong>Maria Laura 0230 15 4570973<\/strong><\/span><\/p>\n<p style=\"text-align: justify;\"><span style=\"color: #000080;\">Z\u00e1rate <strong>M\u00f3nica 03487 15 669537<\/strong><\/span><\/p>\n<p style=\"text-align: center;\"><img fetchpriority=\"high\" decoding=\"async\" class=\"alignnone size-medium wp-image-16026\" src=\"http:\/\/obispadodezaratecampana.org\/wp-content\/uploads\/2019\/05\/60680971_2379248545694313_1734478982931283968_n-11-300x228.jpg\" alt=\"60680971_2379248545694313_1734478982931283968_n (1)\" width=\"300\" height=\"228\" srcset=\"https:\/\/obispadodezaratecampana.org\/wp-content\/uploads\/2019\/05\/60680971_2379248545694313_1734478982931283968_n-11-300x228.jpg 300w, https:\/\/obispadodezaratecampana.org\/wp-content\/uploads\/2019\/05\/60680971_2379248545694313_1734478982931283968_n-11.jpg 750w\" sizes=\"(max-width: 300px) 100vw, 300px\" \/><\/p>\n<!-- AddThis Advanced Settings generic via filter on the_content --><!-- AddThis Share Buttons generic via filter on the_content -->","protected":false},"excerpt":{"rendered":"<p>Convocamos a voluntarios para la Colecta Anual de C\u00e1ritas 2019: una invitaci\u00f3n para ser parte de la Colecta los d\u00edas S\u00c1BADO 8 y DOMINGO 9 [&hellip;]<!-- AddThis Advanced Settings generic via filter on get_the_excerpt --><!-- AddThis Share Buttons generic via filter on get_the_excerpt --><\/p>\n","protected":false},"author":2,"featured_media":16025,"comment_status":"open","ping_status":"open","sticky":false,"template":"","format":"standard","meta":{"footnotes":""},"categories":[4,1],"tags":[],"class_list":["post-16024","post","type-post","status-publish","format-standard","has-post-thumbnail","hentry","category-movimientosinstituciones","category-noticiasdiocesanas"],"_links":{"self":[{"href":"https:\/\/obispadodezaratecampana.org\/index.php?rest_route=\/wp\/v2\/posts\/16024","targetHints":{"allow":["GET"]}}],"collection":[{"href":"https:\/\/obispadodezaratecampana.org\/index.php?rest_route=\/wp\/v2\/posts"}],"about":[{"href":"https:\/\/obispadodezaratecampana.org\/index.php?rest_route=\/wp\/v2\/types\/post"}],"author":[{"embeddable":true,"href":"https:\/\/obispadodezaratecampana.org\/index.php?rest_route=\/wp\/v2\/users\/2"}],"replies":[{"embeddable":true,"href":"https:\/\/obispadodezaratecampana.org\/index.php?rest_route=%2Fwp%2Fv2%2Fcomments&post=16024"}],"version-history":[{"count":3,"href":"https:\/\/obispadodezaratecampana.org\/index.php?rest_route=\/wp\/v2\/posts\/16024\/revisions"}],"predecessor-version":[{"id":16034,"href":"https:\/\/obispadodezaratecampana.org\/index.php?rest_route=\/wp\/v2\/posts\/16024\/revisions\/16034"}],"wp:featuredmedia":[{"embeddable":true,"href":"https:\/\/obispadodezaratecampana.org\/index.php?rest_route=\/wp\/v2\/media\/16025"}],"wp:attachment":[{"href":"https:\/\/obispadodezaratecampana.org\/index.php?rest_route=%2Fwp%2Fv2%2Fmedia&parent=16024"}],"wp:term":[{"taxonomy":"category","embeddable":true,"href":"https:\/\/obispadodezaratecampana.org\/index.php?rest_route=%2Fwp%2Fv2%2Fcategories&post=16024"},{"taxonomy":"post_tag","embeddable":true,"href":"https:\/\/obispadodezaratecampana.org\/index.php?rest_route=%2Fwp%2Fv2%2Ftags&post=16024"}],"curies":[{"name":"wp","href":"https:\/\/api.w.org\/{rel}","templated":true}]}}