{"id":16018,"date":"2019-05-17T13:20:20","date_gmt":"2019-05-17T16:20:20","guid":{"rendered":"http:\/\/obispadodezaratecampana.org\/?p=16018"},"modified":"2019-05-17T13:20:58","modified_gmt":"2019-05-17T16:20:58","slug":"lunes-8-de-julio-encuentro-nacional-de-laicos","status":"publish","type":"post","link":"https:\/\/obispadodezaratecampana.org\/?p=16018","title":{"rendered":"Lunes 8 de julio: Encuentro Nacional de Laicos"},"content":{"rendered":"<p style=\"font-weight: 400; text-align: center;\"><span style=\"color: #000080;\"><strong>Detalles organizativos Encuentro Nacional de Laicos<\/strong><\/span><\/p>\n<p style=\"font-weight: 400; text-align: justify;\"><span style=\"color: #000080;\">La inscripci\u00f3n est\u00e1 abierta y se realizar\u00e1 de manera digital a trav\u00e9s del link:\u00a0<em><a href=\"https:\/\/forms.gle\/M6hMCH6XuHh6P2yQ7\"><span style=\"color: #000080;\">https:\/\/forms.gle\/M6hMCH6XuHh6P2yQ7<\/span><\/a><\/em><\/span><\/p>\n<p style=\"font-weight: 400; text-align: justify;\"><span style=\"color: #000080;\">Los participantes deber\u00e1n completar, asimismo, la ficha de Salud que se encuentra en el siguiente link:\u00a0<a href=\"https:\/\/forms.gle\/DfyuTxmyBfJDMRHe9\"><span style=\"color: #000080;\"><em>https:\/\/forms.gle\/DfyuTxmyBfJDMRHe9<\/em><\/span><\/a><\/span><\/p>\n<p style=\"font-weight: 400; text-align: justify;\"><span style=\"color: #000080;\">El costo de la participaci\u00f3n ser\u00e1 de $200 y \u00e9ste importe no incluye comidas ni alojamiento. La forma de pago ser\u00e1 por dep\u00f3sito bancario a la siguiente Cuenta de la Conferencia Episcopal Argentina:<\/span><\/p>\n<p style=\"font-weight: 400; text-align: justify;\"><em><span style=\"color: #000080;\">Banco Santander Rio<\/span><\/em><\/p>\n<p style=\"font-weight: 400; text-align: justify;\"><em><span style=\"color: #000080;\">Cuenta Corriente en pesos<\/span><\/em><\/p>\n<p style=\"font-weight: 400; text-align: justify;\"><em><span style=\"color: #000080;\">N\u00ba 000-013892\/9<\/span><\/em><\/p>\n<p style=\"font-weight: 400; text-align: justify;\"><em><span style=\"color: #000080;\">CBU 0720000720000001389290<\/span><\/em><\/p>\n<p style=\"font-weight: 400; text-align: justify;\"><em><span style=\"color: #000080;\">Cuit 30-51731290-4<\/span><\/em><\/p>\n<p style=\"font-weight: 400; text-align: justify;\"><span style=\"color: #000080;\">Una vez realizado el dep\u00f3sito, deber\u00e1 remitirse constancia del mismo a la siguiente direcci\u00f3n de email: \u00a0<a href=\"mailto:deplai@cea.org.ar\"><span style=\"color: #000080;\">deplai@cea.org.ar<\/span><\/a><\/span><\/p>\n<p style=\"font-weight: 400; text-align: center;\"><span style=\"color: #000080;\">\u00a0<img fetchpriority=\"high\" decoding=\"async\" class=\"alignnone size-medium wp-image-16019\" src=\"http:\/\/obispadodezaratecampana.org\/wp-content\/uploads\/2019\/05\/Deplai-8-julio-214x300.jpg\" alt=\"Deplai 8 julio\" width=\"214\" height=\"300\" srcset=\"https:\/\/obispadodezaratecampana.org\/wp-content\/uploads\/2019\/05\/Deplai-8-julio-214x300.jpg 214w, https:\/\/obispadodezaratecampana.org\/wp-content\/uploads\/2019\/05\/Deplai-8-julio.jpg 697w\" sizes=\"(max-width: 214px) 100vw, 214px\" \/><\/span><\/p>\n<!-- AddThis Advanced Settings generic via filter on the_content --><!-- AddThis Share Buttons generic via filter on the_content -->","protected":false},"excerpt":{"rendered":"<p>Detalles organizativos Encuentro Nacional de Laicos La inscripci\u00f3n est\u00e1 abierta y se realizar\u00e1 de manera digital a trav\u00e9s del link:\u00a0https:\/\/forms.gle\/M6hMCH6XuHh6P2yQ7 Los participantes deber\u00e1n completar, asimismo, [&hellip;]<!-- AddThis Advanced Settings generic via filter on get_the_excerpt --><!-- AddThis Share Buttons generic via filter on get_the_excerpt --><\/p>\n","protected":false},"author":2,"featured_media":16019,"comment_status":"open","ping_status":"open","sticky":false,"template":"","format":"standard","meta":{"footnotes":""},"categories":[5,4,1],"tags":[],"class_list":["post-16018","post","type-post","status-publish","format-standard","has-post-thumbnail","hentry","category-generales","category-movimientosinstituciones","category-noticiasdiocesanas"],"_links":{"self":[{"href":"https:\/\/obispadodezaratecampana.org\/index.php?rest_route=\/wp\/v2\/posts\/16018","targetHints":{"allow":["GET"]}}],"collection":[{"href":"https:\/\/obispadodezaratecampana.org\/index.php?rest_route=\/wp\/v2\/posts"}],"about":[{"href":"https:\/\/obispadodezaratecampana.org\/index.php?rest_route=\/wp\/v2\/types\/post"}],"author":[{"embeddable":true,"href":"https:\/\/obispadodezaratecampana.org\/index.php?rest_route=\/wp\/v2\/users\/2"}],"replies":[{"embeddable":true,"href":"https:\/\/obispadodezaratecampana.org\/index.php?rest_route=%2Fwp%2Fv2%2Fcomments&post=16018"}],"version-history":[{"count":1,"href":"https:\/\/obispadodezaratecampana.org\/index.php?rest_route=\/wp\/v2\/posts\/16018\/revisions"}],"predecessor-version":[{"id":16020,"href":"https:\/\/obispadodezaratecampana.org\/index.php?rest_route=\/wp\/v2\/posts\/16018\/revisions\/16020"}],"wp:featuredmedia":[{"embeddable":true,"href":"https:\/\/obispadodezaratecampana.org\/index.php?rest_route=\/wp\/v2\/media\/16019"}],"wp:attachment":[{"href":"https:\/\/obispadodezaratecampana.org\/index.php?rest_route=%2Fwp%2Fv2%2Fmedia&parent=16018"}],"wp:term":[{"taxonomy":"category","embeddable":true,"href":"https:\/\/obispadodezaratecampana.org\/index.php?rest_route=%2Fwp%2Fv2%2Fcategories&post=16018"},{"taxonomy":"post_tag","embeddable":true,"href":"https:\/\/obispadodezaratecampana.org\/index.php?rest_route=%2Fwp%2Fv2%2Ftags&post=16018"}],"curies":[{"name":"wp","href":"https:\/\/api.w.org\/{rel}","templated":true}]}}